
{"id":1697,"date":"2012-12-27T16:01:59","date_gmt":"2012-12-27T14:01:59","guid":{"rendered":"http:\/\/passent.blog.polityka.pl\/?p=1697"},"modified":"2013-01-13T18:33:19","modified_gmt":"2013-01-13T17:33:19","slug":"fragmenty-dla-zachety","status":"publish","type":"post","link":"https:\/\/blog.polityka.pl\/passent\/2012\/12\/27\/fragmenty-dla-zachety\/","title":{"rendered":"FRAGMENTY DLA ZACH\u0118TY"},"content":{"rendered":"<p>Okres \u015bwi\u0105teczny i noworoczny sprzyja czytaniu. Polecam moje ostatnie lektury: Zygmunt MYCIELSKI, \u201eNiby-dziennik ostatni, 1981-1987\u201d. Ostatni tom dziennik\u00f3w wybitnego intelektualisty, krytyka muzycznego, kompozytora, cz\u0142onka opozycji demokratycznej.\u00a0 Maciej DUBOIS i Micha\u0142 Komar \u2013 \u201eAdwokat\u201d. Wywiad \u2013 rzeka \u015bwietnego eseisty z wybitnym adwokatem, wieloletnim dziekanem Warszawskiej Rady Adwokackiej, synem dzia\u0142acza socjalistycznego, Stanis\u0142awa Dubois. Irina G\u0141USZCZENKO, \u201eSowiety od kuchni\u201d \u2013 Anastas Mikojan i \u017cywienie zbiorowe w ZSRR. Czy socjalizm by\u0142 jadalny? Igor JANKE \u2013 \u201eNapastnik\u201d. \u017byczliwa biografia prawicowego premiera W\u0119gier, Viktora Orbana. \u201e\u017byj i pozw\u00f3l \u017cy\u0107\u201d \u2013 z Agat\u0105 BIELIK ROBSON \u2013 rozmawia Micha\u0142 Sutowski. Bardzo ciekawa rozmow\u0105 ze znan\u0105 filozofk\u0105 i publicystk\u0105, ewolucja od zdecydowanej prawicy w stron\u0119 Krytyki Politycznej.<\/p>\n<p>Z tej ostatniej ksi\u0105\u017cki wybra\u0142em fragmenty dla zach\u0119ty.<\/p>\n<p><!--more--><\/p>\n<p>PAWIEM NAROD\u00d3W: \u201e\u2026Polacy my\u015bl\u0105 o sobie w kategoriach narodu wybranego i historycznego, kt\u00f3ry w ka\u017cdych warunkach dziejowych co\u015b musi mie\u0107 od siebie do powiedzenia; a \u015bwiata to nic nie obchodzi. \u015awiat si\u0119 dowiedzia\u0142, nic nie powiedzia\u0142, Janek Wi\u015bniewski pad\u0142. Tego Janka Wi\u015bniewskiego zawsze b\u0119dziemy \u015bwiatu pokazywa\u0107. Mnie to ju\u017c naprawd\u0119 m\u0119czy.<\/p>\n<p>CHRYSTUSEM NAROD\u00d3W: \u2026Katastrofa w Smole\u0144sku, gdy popatrze\u0107 na ni\u0105 zupe\u0142nie trze\u017awo, jest po prostu szalenie smutnym i kompromituj\u0105cym przejawem dezynwoltury i dezorganizacji polskiego pa\u0144stwa. (\u2026) To, co naprawd\u0119 jest raczej wstydliwym faktem z naszej historii i czego nie powinni\u015bmy za bardzo eksponowa\u0107, zostaje w tej mesja\u0144skiej narracji natychmiast przedstawione jako wielkie, apokaliptyczne wydarzenie, z kt\u00f3rego ca\u0142y \u015bwiat powinien czerpa\u0107 nauki; dowiedzie\u0107 si\u0119 o Katyniu, raz jeszcze przemy\u015ble\u0107 rol\u0119 Polski jako Chrystusa Narod\u00f3w, kt\u00f3ra zawsze cierpi za innych.<\/p>\n<p>OFIARY SALONU: \u2026(\u201eWojna na g\u00f3rze\u201d). By\u0142 tylko jeden s\u0142uszny wyb\u00f3r \u2013 Tadeusz Mazowiecki i wszystko, co za nim idzie; ca\u0142y inteligencki, o\u015bwiecony pakiet! Nie jeste\u015b z nami, to jeste\u015b przeciwko nam; a to znaczy jeste\u015b z obskuranck\u0105 ciemnot\u0105. Legutko nazywany by\u0142 faszyst\u0105, antysemit\u0105, ksi\u0119ciem Ciemnogrodu i filozofem skinhead\u00f3w \u2013 przepraszam bardzo, za co?! Za co\u015b, co w normalnym demokratycznym kraju po prostu usz\u0142oby za najzwyczajniejszy w \u015bwiecie polityczny konflikt, kt\u00f3ry obie stronny powinny by\u0142y uszanowa\u0107. (\u2026)<\/p>\n<p>Na 99,9 procent ludzi tego rodzaju warunkowanie zadzia\u0142a zawsze tak samo \u2013 w ko\u0144cu faktycznie uczyni z nich bestie. I z Jaros\u0142awa Kaczy\u0144skiego, kt\u00f3ry przeszed\u0142 podobn\u0105 gehenn\u0119, ze Zdzis\u0142awa Krasnod\u0119bskiego, z Ryszarda Legutki, \u2018wojna na g\u00f3rze\u2019 zrobi\u0142a tych ludzi, z kt\u00f3rymi mamy do czynienia dzisiaj. Zaci\u0119tych, wrogich i niezdolnych do wszelkiej dyskusji \u2013 ale to nie oni wyrzucili si\u0119 poza obr\u0119b \u2018konwersacji ludzko\u015bci\u2019. To jest geneza tych patologii.<\/p>\n<p>\u2026Przez ca\u0142e lata wstrzymywa\u0142am si\u0119 od prostego gestu rzucenia w nich kamieniem, bo stwierdzi\u0142am \u2013 tyle przeszli, ci\u0119\u017cko ich ten salon do\u015bwiadczy\u0142, wi\u0119c ch\u0142opaki maj\u0105 prawo troch\u0119 popodskakiwa\u0107.<\/p>\n<p>&#8211; Ale przyszed\u0142 Smole\u0144sk.<\/p>\n<p>&#8211; Dopiero wtedy poczu\u0142am, \u017ce przegi\u0119li, \u017ce ta otch\u0142a\u0144 resentymentu jest ju\u017c nazbyt czarna i nazbyt niebezpieczna\u201d.<\/p>\n<p>Cho\u0107 nie ze wszystkim w tej ksi\u0105\u017cce si\u0119 zgadzam, ba, ch\u0119tnie bym podyskutowa\u0142, ale \u017cycz\u0119 pomy\u015blnej lektury.<\/p>\n<p>Do zobaczenia na blogu po szampa\u0144skiej zabawie sylwestrowej!<\/p>\n","protected":false},"excerpt":{"rendered":"<p>Okres \u015bwi\u0105teczny i noworoczny sprzyja czytaniu. Polecam moje ostatnie lektury: Zygmunt MYCIELSKI, \u201eNiby-dziennik ostatni, 1981-1987\u201d. Ostatni tom dziennik\u00f3w wybitnego intelektualisty, krytyka muzycznego, kompozytora, cz\u0142onka opozycji demokratycznej.\u00a0 Maciej DUBOIS i Micha\u0142 Komar \u2013 \u201eAdwokat\u201d. Wywiad \u2013 rzeka \u015bwietnego eseisty z wybitnym adwokatem, wieloletnim dziekanem Warszawskiej Rady Adwokackiej, synem dzia\u0142acza socjalistycznego, Stanis\u0142awa Dubois. Irina G\u0141USZCZENKO, \u201eSowiety od [&hellip;]<\/p>\n","protected":false},"author":4,"featured_media":0,"comment_status":"open","ping_status":"open","sticky":false,"template":"","format":"standard","meta":{"footnotes":""},"categories":[1],"tags":[],"_links":{"self":[{"href":"https:\/\/blog.polityka.pl\/passent\/wp-json\/wp\/v2\/posts\/1697"}],"collection":[{"href":"https:\/\/blog.polityka.pl\/passent\/wp-json\/wp\/v2\/posts"}],"about":[{"href":"https:\/\/blog.polityka.pl\/passent\/wp-json\/wp\/v2\/types\/post"}],"author":[{"embeddable":true,"href":"https:\/\/blog.polityka.pl\/passent\/wp-json\/wp\/v2\/users\/4"}],"replies":[{"embeddable":true,"href":"https:\/\/blog.polityka.pl\/passent\/wp-json\/wp\/v2\/comments?post=1697"}],"version-history":[{"count":4,"href":"https:\/\/blog.polityka.pl\/passent\/wp-json\/wp\/v2\/posts\/1697\/revisions"}],"predecessor-version":[{"id":1722,"href":"https:\/\/blog.polityka.pl\/passent\/wp-json\/wp\/v2\/posts\/1697\/revisions\/1722"}],"wp:attachment":[{"href":"https:\/\/blog.polityka.pl\/passent\/wp-json\/wp\/v2\/media?parent=1697"}],"wp:term":[{"taxonomy":"category","embeddable":true,"href":"https:\/\/blog.polityka.pl\/passent\/wp-json\/wp\/v2\/categories?post=1697"},{"taxonomy":"post_tag","embeddable":true,"href":"https:\/\/blog.polityka.pl\/passent\/wp-json\/wp\/v2\/tags?post=1697"}],"curies":[{"name":"wp","href":"https:\/\/api.w.org\/{rel}","templated":true}]}}