
{"id":1707,"date":"2013-01-06T23:36:37","date_gmt":"2013-01-06T22:36:37","guid":{"rendered":"http:\/\/passent.blog.polityka.pl\/?p=1707"},"modified":"2013-01-13T18:37:12","modified_gmt":"2013-01-13T17:37:12","slug":"orzekam-co-nastepuje","status":"publish","type":"post","link":"https:\/\/blog.polityka.pl\/passent\/2013\/01\/06\/orzekam-co-nastepuje\/","title":{"rendered":"Orzekam, co nast\u0119puje"},"content":{"rendered":"<p>Gerard DEPARDIEU \u2013 winny. Nie powinien opuszcza\u0107 swojego kraju, kiedy ten jest w potrzebie. Zw\u0142aszcza, \u017ce Depardieu ma wszystko, czego potrzeba do \u017cycia. Gdyby emigrowa\u0142 \u201eza chlebem\u201d \u2013 to rozumiem, ale protestowa\u0107 przeciwko wysokim podatkom\u00a0 mo\u017cna\u00a0 nie wyje\u017cd\u017caj\u0105c z kraju. Je\u017celi wi\u0119kszo\u015b\u0107 wyborc\u00f3w g\u0142osowa\u0142a za drako\u0144skimi podatkami, to nale\u017cy budowa\u0107 now\u0105 wi\u0119kszo\u015b\u0107,\u00a0 bardziej liberaln\u0105. By\u0107 mo\u017ce Depardieu\u00a0 nie chodzi o interes w\u0142asny, tylko o dobro kraju, o sprzeciw wobec nadmiernych podatk\u00f3w \u2013 wtedy powinien tego dowie\u015b\u0107, np. wp\u0142acaj\u0105c \u201enadwy\u017ck\u0119\u201d do 75 proc. na cel charytatywny. Nie podejrzewam go jednak o to. Mo\u017ce swoim gestem protestuje? Niekt\u00f3rzy\u00a0 ludzie, tak\u017ce Polacy, p\u0142ac\u0105 podatki w rajach podatkowych,\u00a0 np. w Monaco, i jako\u015b nikt\u00a0 nie ma im tego za z\u0142e. Depardieu chodzi\u0142o chyba o demonstracj\u0119, st\u0105d wyb\u00f3r Rosji (podatek w wysoko\u015bci 13 proc.).\u00a0 Wola\u0142bym, \u017ceby wybra\u0142 kraj mniej autorytarny. Wspania\u0142a kultura rosyjska nie usprawiedliwia sytuacji, w kt\u00f3rej dw\u00f3ch d\u017centelmen\u00f3w wymienia si\u0119 na stanowiskach prezydenta i premiera. Nawet je\u017celi obaj nie s\u0105 gorsi od wielu polityk\u00f3w w innych krajach. Nie jestem specjalnie krytyczny wobec Putina i Miedwiediewa, ale to, co robi\u0105 ze swoimi urz\u0119dami, nie podoba mi si\u0119.<\/p>\n<p><!--more--><\/p>\n<p>S\u0119dzia Igor TULEYA \u2013 niewinny. S\u0119dzia wyda\u0142 wyrok (nieprawomocny), w kt\u00f3rym skazuje dra G. na rok wi\u0119zienia w zawieszeniu oraz grzywn\u0119 i zwrot przyj\u0119tych \u0142ap\u00f3wek. W ustnym uzasadnieniu, s\u0119dzia pot\u0119pi\u0142 metody stosowane wobec dra G., a konwejer por\u00f3wna\u0142 do czas\u00f3w stalinowskich. Podni\u00f3s\u0142 si\u0119 ogromny rwetes na prawicy. Jak to \u2013 por\u00f3wnywa\u0107 metody IV RP do stalinizmu?! Igor Tuleya z s\u0119dziego sta\u0142 si\u0119 oskar\u017conym. Tymczasem konwejer to jest konwejer, bez wzgl\u0119du na ustr\u00f3j. \u201eB\u0142\u0105d\u201d s\u0119dziego polega na tym, \u017ce to jedno, niezbyt fortunne por\u00f3wnanie pozwoli\u0142o odwr\u00f3ci\u0107 uwag\u0119 od tego co najwa\u017cniejsze: 1) Korupcja w s\u0142u\u017cbie zdrowia by\u0142a (jest?) problemem. Dzia\u0142aj\u0105c haniebnie PiS zwr\u00f3ci\u0142 jednak na to uwag\u0119. 2) Dla CBA\/PiS\u00a0 by\u0142a to kampania polityczna, wymierzona w \u201euk\u0142ad\u201d, prowadzona niedopuszczalnymi metodami, kampania z udzia\u0142em Ziobry, Kami\u0144skiego, J. Kaczy\u0144skiego i innych bonz\u00f3w PiS, przy pomocy kajdanek, manipulacji filmowej, sterowania mediami etc. Kara (i zniszczenie cz\u0142owieka, nawet zak\u0142adaj\u0105c, \u017ce winnego), jaka spotka\u0142a dra G. z r\u0105k w\u0142adc\u00f3w\u00a0 IV RP, jest du\u017co wi\u0119ksza ni\u017c ta, jak\u0105 orzek\u0142 niezawis\u0142y s\u0119dzia w III RP. Nie dziwi\u0119 si\u0119,\u00a0 \u017ce Zbigniew Ziobro, Marek Jurek i inni na prawicy s\u0105 oburzeni. Ja z kolei jestem zdegustowany reakcj\u0105 medi\u00f3w, red. Grzegorz Kajdanowicz z TVN 24 po\u015bwi\u0119ci\u0142 CA\u0141\u0104 rozmow\u0119 z s\u0119dzi\u0105 por\u00f3wnaniu do stalinizmu, nie wspominaj\u0105c s\u0142owem o tym, co najwa\u017cniejsze.<\/p>\n<p>Ksi\u0105dz Jaros\u0142aw W\u0104SOWICZ \u2013 winny. Kapelan kibic\u00f3w, podczas ich pielgrzymki na Jasn\u0105 G\u00f3r\u0119, podlizywa\u0142 im si\u0119 ponad miar\u0119. \u201eWolno\u015b\u0107 w naszej ojczy\u017anie \u2013 m\u00f3wi\u0142 \u2013 jest coraz bardziej ograniczana, zw\u0142aszcza wobec tych, kt\u00f3rzy odwo\u0142uj\u0105 si\u0119 do katolickich warto\u015bci i patriotyzmu\u201d Uzna\u0142 kibic\u00f3w za grup\u0119 systematycznie wyszydzan\u0105, dyskryminowan\u0105 za \u201eniezale\u017cne my\u015blenie, patriotyczne inicjatywy, (wymierzone) przeciwko arogancji administracyjnej\u2026\u201d<br \/>\nPochwali\u0142 kibic\u00f3w za \u201eumi\u0142owanie ojczyzny\u201d i inne cnoty. Niestety, ksi\u0105dz zmarnowa\u0142 okazj\u0119, \u017ceby poruszy\u0107 sumieniami kiboli (bo oni przynosz\u0105 wstyd prawdziwym kibicom), tych, kt\u00f3rzy zion\u0105 nienawi\u015bci\u0105 do Tuska, do \u201eRuskich\u201d, do \u017byd\u00f3w, demoluj\u0105 stadiony, morduj\u0105 si\u0119 jak w Krakowie, demoluj\u0105 stadiony, siej\u0105 wrogo\u015b\u0107 i groz\u0119. Moi zdaniem, ksi\u0105dz kapelan zgrzeszy\u0142.<\/p>\n<p>PS. ZAPROSZENIE<\/p>\n<p>Zapraszam do Radia TOK FM, na spotkanie z filozofk\u0105, Agat\u0105 Bielik Robson (patrz nowa ksi\u0105\u017cka \u201e\u017byj i pozw\u00f3l \u017cy\u0107\u201d) oraz red. Tomaszem Wo\u0142kiem. Wtorek, 8 bm, tu\u017c po godz. 20.00.<\/p>\n","protected":false},"excerpt":{"rendered":"<p>Gerard DEPARDIEU \u2013 winny. Nie powinien opuszcza\u0107 swojego kraju, kiedy ten jest w potrzebie. Zw\u0142aszcza, \u017ce Depardieu ma wszystko, czego potrzeba do \u017cycia. Gdyby emigrowa\u0142 \u201eza chlebem\u201d \u2013 to rozumiem, ale protestowa\u0107 przeciwko wysokim podatkom\u00a0 mo\u017cna\u00a0 nie wyje\u017cd\u017caj\u0105c z kraju. Je\u017celi wi\u0119kszo\u015b\u0107 wyborc\u00f3w g\u0142osowa\u0142a za drako\u0144skimi podatkami, to nale\u017cy budowa\u0107 now\u0105 wi\u0119kszo\u015b\u0107,\u00a0 bardziej liberaln\u0105. By\u0107 [&hellip;]<\/p>\n","protected":false},"author":4,"featured_media":0,"comment_status":"open","ping_status":"open","sticky":false,"template":"","format":"standard","meta":{"footnotes":""},"categories":[1],"tags":[],"_links":{"self":[{"href":"https:\/\/blog.polityka.pl\/passent\/wp-json\/wp\/v2\/posts\/1707"}],"collection":[{"href":"https:\/\/blog.polityka.pl\/passent\/wp-json\/wp\/v2\/posts"}],"about":[{"href":"https:\/\/blog.polityka.pl\/passent\/wp-json\/wp\/v2\/types\/post"}],"author":[{"embeddable":true,"href":"https:\/\/blog.polityka.pl\/passent\/wp-json\/wp\/v2\/users\/4"}],"replies":[{"embeddable":true,"href":"https:\/\/blog.polityka.pl\/passent\/wp-json\/wp\/v2\/comments?post=1707"}],"version-history":[{"count":3,"href":"https:\/\/blog.polityka.pl\/passent\/wp-json\/wp\/v2\/posts\/1707\/revisions"}],"predecessor-version":[{"id":1727,"href":"https:\/\/blog.polityka.pl\/passent\/wp-json\/wp\/v2\/posts\/1707\/revisions\/1727"}],"wp:attachment":[{"href":"https:\/\/blog.polityka.pl\/passent\/wp-json\/wp\/v2\/media?parent=1707"}],"wp:term":[{"taxonomy":"category","embeddable":true,"href":"https:\/\/blog.polityka.pl\/passent\/wp-json\/wp\/v2\/categories?post=1707"},{"taxonomy":"post_tag","embeddable":true,"href":"https:\/\/blog.polityka.pl\/passent\/wp-json\/wp\/v2\/tags?post=1707"}],"curies":[{"name":"wp","href":"https:\/\/api.w.org\/{rel}","templated":true}]}}