
{"id":1710,"date":"2013-01-09T23:32:33","date_gmt":"2013-01-09T22:32:33","guid":{"rendered":"http:\/\/passent.blog.polityka.pl\/?p=1710"},"modified":"2013-01-23T11:53:39","modified_gmt":"2013-01-23T10:53:39","slug":"nie-o-stalinizm-chodzi","status":"publish","type":"post","link":"https:\/\/blog.polityka.pl\/passent\/2013\/01\/09\/nie-o-stalinizm-chodzi\/","title":{"rendered":"Nie o stalinizm chodzi"},"content":{"rendered":"<p>W ataku na Igora Tuley\u0119 nie chodzi o stalinizm, ani o s\u0119dziego, a tylko o Ziobr\u0119, M. Kami\u0144skiego, J. Kaczy\u0144skiego i kilku innych koryfeuszy IV RP.<\/p>\n<p>Obro\u0144cy prawdy historycznej rozpocz\u0119li zmasowany atak na s\u0119dziego Tuley\u0119 pod pretekstem, \u017ce powiedzia\u0142, i\u017c niekt\u00f3re praktyki w \u015bledztwie w sprawie dra Garlickiego \u201emog\u0142y kojarzy\u0107 si\u0119\u201d ze stalinizmem, latami 40. i 50. Skala i gwa\u0142towno\u015b\u0107 tego ataku mog\u0105 wywo\u0142a\u0107 zdumienie. Oto kilka przyk\u0142ad\u00f3w.<\/p>\n<p><!--more--><\/p>\n<p>\u201eTen s\u0119dzia nie posiada chyba\u00a0 \u017cadnej wiedzy na temat czas\u00f3w stalinowskich\u201d. (Z. Romaszewski).<\/p>\n<p>\u201eTo absolutnie niedopuszczalne, aby s\u0119dzia po wydaniu wyroku, ten wyrok komentowa\u0142\u201d. (Mec. Wies\u0142aw Johann).<\/p>\n<p>\u201eS\u0119dzia nie powinien takich bzdur opowiada\u0107. Nie ma zielonego poj\u0119cia o tym, co si\u0119 wtedy dzia\u0142o\u201d. (p\u0142k. w stanie spoczynku, Wac\u0142aw Sikorski , weteran).<\/p>\n<p>\u201eNale\u017cy mu (Tulei) przyzna\u0107 nagrod\u0119 im. poety Adama W\u0142odka w latach 50. zaanga\u017cowanego\u00a0\u00a0 donosiciela komunistycznej bezpieki\u2026\u201d (M. Karnowski).<\/p>\n<p>\u201eS\u0119dzia Tuleya nadaje si\u0119 do ta\u0144ca z gwiazdami\u201d. (P. Cieplucha, przewodnicz\u0105cy Ko\u0142a M\u0142odych Solidarnej Polski).<\/p>\n<p>\u201eNiech ta\u0144czy w stringach i na rurze\u201d. (Dopisek internauty).<\/p>\n<p>Gdyby rzeczywi\u015bcie chodzi\u0142o o skojarzenie ze stalinizmem, reakcja nie by\u0142aby tak gwa\u0142towna i nienawistna. Tym bardziej, \u017ce s\u0119dzia Tuleya orzeka\u0142 (i skazywa\u0142\u2026) w sprawach oprawc\u00f3w stalinowskich, dobrze wi\u0119c wie, o co chodzi. Reakcja jest tak gwa\u0142towna, poniewa\u017c s\u0119dzia uderzy\u0142 w st\u00f3\u0142\u00a0 i no\u017cyce si\u0119 odezwa\u0142y, albo po prostu na z\u0142odzieju czapka gore.<\/p>\n<p>Nie chodzi o to, czy powo\u0142anie si\u0119 na stalinizm jest przesadne, ale o to, \u017ce sprawa dra G. jest per\u0142\u0105 w koronie IV RP. Mamy tu wszystko z czym w\u0142adza w latach 2005-2007 rzekomo walczy\u0142a: korupcja, pieni\u0105dze, elita (prominentny lekarz), pa\u0144stwo (szpital MSWiA), a ponadto wzmo\u017cenie moralne, \u201epopisowy\u201d wyst\u0119p CBA. Sprawa, kt\u00f3ra do z\u0142udzenia przypomina spraw\u0119 Barbary Blidy oraz kilka innych (w tym lekarzy, kt\u00f3rych s\u0105d uniewinni\u0142).<\/p>\n<p>Jak to jest mo\u017cliwe, \u017ce instytucja, kt\u00f3ra by\u0142a oczkiem w g\u0142owie rz\u0105du Kaczy\u0144skiego, czyli CBA, z apolitycznym Mariuszem Kami\u0144skim (dzi\u015b wiceprezesem PiS) na czele, \u017ce najlepsi z najlepszych (du\u017cy i ma\u0142y Tomek i inni) posuwali si\u0119 do tak niegodziwych metod, maltretowali \u015bwiadk\u00f3w, montowali filmy etc?! \u2013 pytaj\u0105 oburzeni obro\u0144cy\u00a0\u00a0 IV RP. Udaj\u0105 Grek\u00f3w, poniewa\u017c maj\u0105 \u015bwiadomo\u015b\u0107, \u017ce sprawa dra G. bardziej kompromituje pa\u0144stwo polskie, reprezentowane w\u00f3wczas przez re\u017cim PiS, ni\u017c oskar\u017conego i skazanego nieprawomocnym jeszcze wyrokiem lekarza.<\/p>\n<p>Swoim ustnym uzasadnieniem s\u0119dzia Tuleya wyr\u0119czy\u0142 Donalda Tuska, kt\u00f3ry tolerowa\u0142 Mariusza Kami\u0144skiego na stanowisku prezesa CBA jeszcze dwa lata po zmianie rz\u0105du, i nigdy si\u0119 nie kwapi\u0142 do rozliczenia IV RP. Donald Tusk nie by\u0142 w tym bezinteresowny, wiadomo, \u017ce kiedy chce, to potrafi odsun\u0105\u0107 ludzi z dnia na dzie\u0144 (prof. \u0106wi\u0105kalski, Grzegorz Schetyna). Po prostu Donald Tusk kalkulowa\u0142, \u017ce w oczach wyborc\u00f3w bardziej op\u0142aca si\u0119 by\u0107 wielkodusznym, ni\u017c wyj\u015b\u0107 na m\u015bciwego. Teraz s\u0119dzia Tuleya wyr\u0119czy\u0142 premiera Tuska i Platform\u0119, uchyli\u0142 drzwi do szafy, w kt\u00f3rej s\u0105 szkielety. I o to chodzi, a nie o stalinizm. Ciekawe, jakie wnioski wyci\u0105gnie\u00a0 z tego premier Tusk, jego partia i rz\u0105d.<\/p>\n<p>PS. TELEGRAPHIC OBSERVER, TREGEB: Uwagi Pa\u0144stwa przekaza\u0142em do Radia TOK FM, jestem dobrej my\u015bli. Pozdrawiam!<\/p>\n","protected":false},"excerpt":{"rendered":"<p>W ataku na Igora Tuley\u0119 nie chodzi o stalinizm, ani o s\u0119dziego, a tylko o Ziobr\u0119, M. Kami\u0144skiego, J. Kaczy\u0144skiego i kilku innych koryfeuszy IV RP. Obro\u0144cy prawdy historycznej rozpocz\u0119li zmasowany atak na s\u0119dziego Tuley\u0119 pod pretekstem, \u017ce powiedzia\u0142, i\u017c niekt\u00f3re praktyki w \u015bledztwie w sprawie dra Garlickiego \u201emog\u0142y kojarzy\u0107 si\u0119\u201d ze stalinizmem, latami 40. [&hellip;]<\/p>\n","protected":false},"author":4,"featured_media":0,"comment_status":"open","ping_status":"open","sticky":false,"template":"","format":"standard","meta":{"footnotes":""},"categories":[1],"tags":[],"_links":{"self":[{"href":"https:\/\/blog.polityka.pl\/passent\/wp-json\/wp\/v2\/posts\/1710"}],"collection":[{"href":"https:\/\/blog.polityka.pl\/passent\/wp-json\/wp\/v2\/posts"}],"about":[{"href":"https:\/\/blog.polityka.pl\/passent\/wp-json\/wp\/v2\/types\/post"}],"author":[{"embeddable":true,"href":"https:\/\/blog.polityka.pl\/passent\/wp-json\/wp\/v2\/users\/4"}],"replies":[{"embeddable":true,"href":"https:\/\/blog.polityka.pl\/passent\/wp-json\/wp\/v2\/comments?post=1710"}],"version-history":[{"count":3,"href":"https:\/\/blog.polityka.pl\/passent\/wp-json\/wp\/v2\/posts\/1710\/revisions"}],"predecessor-version":[{"id":1742,"href":"https:\/\/blog.polityka.pl\/passent\/wp-json\/wp\/v2\/posts\/1710\/revisions\/1742"}],"wp:attachment":[{"href":"https:\/\/blog.polityka.pl\/passent\/wp-json\/wp\/v2\/media?parent=1710"}],"wp:term":[{"taxonomy":"category","embeddable":true,"href":"https:\/\/blog.polityka.pl\/passent\/wp-json\/wp\/v2\/categories?post=1710"},{"taxonomy":"post_tag","embeddable":true,"href":"https:\/\/blog.polityka.pl\/passent\/wp-json\/wp\/v2\/tags?post=1710"}],"curies":[{"name":"wp","href":"https:\/\/api.w.org\/{rel}","templated":true}]}}