
{"id":1728,"date":"2013-01-14T17:39:14","date_gmt":"2013-01-14T16:39:14","guid":{"rendered":"http:\/\/passent.blog.polityka.pl\/?p=1728"},"modified":"2013-01-23T11:54:09","modified_gmt":"2013-01-23T10:54:09","slug":"wiesci-z-piaskownicy","status":"publish","type":"post","link":"https:\/\/blog.polityka.pl\/passent\/2013\/01\/14\/wiesci-z-piaskownicy\/","title":{"rendered":"Wie\u015bci z piaskownicy"},"content":{"rendered":"<p>\u201eCzytam i w\u0142asnym oczom nie wierz\u0119\u201d \u2013 pisze Janina Paradowska (na swoim blogu) na wie\u015b\u0107 o tym, \u017ce w tym roku dziennikarze \u201eniepokorni\u201d (Karnowski, Sakiewicz) organizuj\u0105 w\u0142asny bal karnawa\u0142owy w Krakowie. Tak wi\u0119c w tym roku b\u0119d\u0105 dwa bale \u2013 tradycyjny, nazwijmy go \u201emainstreamowym\u201d, jak zwykle na Politechnice Warszawskiej, oraz \u201eniepokorny\u201d, w krakowskim hotelu Grand. W odr\u00f3\u017cnieniu od znakomitej redaktor Paradowskiej,\u00a0 ja t\u0119 inicjatyw\u0119 \u201eniepokornych\u201d odbieram dobrze. Chc\u0105 si\u0119 bawi\u0107 we w\u0142asnym gronie, we w\u0142asnej piaskownicy?\u00a0 \u2013Maj\u0105 do tego pe\u0142ne prawo, i lepiej dla pozosta\u0142ych. Nie ka\u017cdemu humor poprawia widok gwiazd\u00a0\u201euk\u0142adu\u201d, kt\u00f3ry, jak zapewniaj\u0105 \u201eniepokorni\u201d,\u00a0 trz\u0119sie Polsk\u0105 \u2013 Janiny Paradowskiej, Moniki Olejnik, Tomasza Lisa, Jacka \u017bakowskiego, dziennikarzy \u201eGazety\u201d czy TVN 24.<\/p>\n<p><!--more--><\/p>\n<p>Nie ka\u017cdy ma te\u017c ochot\u0119 na pl\u0105sy z \u201eniepokornymi\u201d. Buja\u0107 si\u0119 na jednym parkiecie z Piotrem Semk\u0105,\u00a0 Anit\u0105 Gargas, Piotrem Zaremb\u0105\u00a0 czy z Dorot\u0105 Kani\u0105, to nie jest raj dla ka\u017cdego. Nie by\u0142em ani razu na dobroczynnym balu dziennikarzy m.in. dlatego, \u017ce w\u015br\u00f3d obecnych s\u0105 ludzie, kt\u00f3rych towarzystwo mi nie odpowiada. I rozumiem tych, kt\u00f3rym nie odpowiada moje towarzystwo. \u017be bal jest dobroczynny i warto si\u0119 pom\u0119czy\u0107 dla dobra tych, dla kt\u00f3rych przeznaczone s\u0105 wp\u0142ywy z balu? &#8211; Dzi\u0119kuj\u0119, postoj\u0119 (a raczej posiedz\u0119). Za w\u0142asne pieni\u0105dze wol\u0119 si\u0119 bawi\u0107 z w\u0142asnymi przyjaci\u00f3\u0142mi. Wola\u0142em wczoraj wepchn\u0105\u0107 pieni\u0105dze do puszki Owsiaka, nie musia\u0142em w tym celu balowa\u0107 z \u201eniepokornymi\u201d. Wol\u0119 balowa\u0107 z Owsiakiem.<\/p>\n<p>Wielka Orkiestra \u015awi\u0105tecznej Pomocy ma t\u0119 przewag\u0119 nad innymi organizacjami filantropijnymi, \u017ce nie jest katolicka ani muzu\u0142ma\u0144ska, lemingowa czy niepokorna, partyjna czy ko\u015bcielna. Ka\u017cdy ofiarodawca zachowuje anonimowo\u015b\u0107 i nie musi si\u0119 deklarowa\u0107. Dlatego ataki na Owsiaka uwa\u017cam za nieusprawiedliwione. Ich g\u0142\u00f3wnym \u017ar\u00f3d\u0142em s\u0105 chyba kr\u0119gi ko\u015bcielno \u2013 fundamentalistyczne, kt\u00f3rym nie odpowiada konkurencja Owsiaka w rywalizacji o pieni\u0105dze i jego liberalizm obyczajowy. Ju\u017c sam fakt, \u017ce ponad sto tysi\u0119cy m\u0142odych ludzi wychodzi z puszkami na ulice, jest wielk\u0105 szko\u0142\u0105 wychowania obywatelskiego. W dzisiejszym systemie neoliberalnym, gdzie g\u0142\u00f3wn\u0105 cnot\u0105 jest przedsi\u0119biorczo\u015b\u0107,\u00a0 WO\u015aP jest wa\u017cnym i pozytywnym wydarzeniem. Niekt\u00f3rym nie podoba si\u0119 zasada \u201er\u00f3bta co chceta\u201d, inni uwa\u017caj\u0105 to za konkurencj\u0119 dla Caritasu itp., jeszcze innym nie podoba si\u0119 \u201ewyr\u0119czanie\u201d pa\u0144stwa z obowi\u0105zku odpowiedniego wyposa\u017cenia s\u0142u\u017cby zdrowej. Do mnie te argumenty nie przemawiaj\u0105, \u015bmieszy mnie raczej rysunek w \u201eNie\u201d: Ksi\u0105dz na ambonie, wznosi r\u0119ce ku niebu: \u201eM\u00f3dlmy si\u0119, aby Owsiak zebra\u0142 ma\u0142o kasy na chore dzieci\u201d.<\/p>\n<p>PS. ZAPROSZENIE<\/p>\n<p>Co wolno s\u0119dziemu, czyli bitwa pod Tuley\u0105? Zapraszam do radia TOK FM we wtorek, 15 bm., tu\u017c po godz. 20. Go\u015b\u0107mi programu b\u0119d\u0105 m.in. znakomici prawnicy, prof. Miros\u0142aw WYRZYKOWSKI &#8211; by\u0142y s\u0119dzia Trybuna\u0142u Konstytucyjnego, mecenas Krzysztof ST\u0118PI\u0143SKI \u2013 adwokat i spo\u0142ecznik, oraz red. Ewa SIEDLECKA z \u201eGazety Wyborczej\u201d. Zapraszam!<\/p>\n","protected":false},"excerpt":{"rendered":"<p>\u201eCzytam i w\u0142asnym oczom nie wierz\u0119\u201d \u2013 pisze Janina Paradowska (na swoim blogu) na wie\u015b\u0107 o tym, \u017ce w tym roku dziennikarze \u201eniepokorni\u201d (Karnowski, Sakiewicz) organizuj\u0105 w\u0142asny bal karnawa\u0142owy w Krakowie. Tak wi\u0119c w tym roku b\u0119d\u0105 dwa bale \u2013 tradycyjny, nazwijmy go \u201emainstreamowym\u201d, jak zwykle na Politechnice Warszawskiej, oraz \u201eniepokorny\u201d, w krakowskim hotelu Grand. [&hellip;]<\/p>\n","protected":false},"author":4,"featured_media":0,"comment_status":"open","ping_status":"open","sticky":false,"template":"","format":"standard","meta":{"footnotes":""},"categories":[1],"tags":[],"_links":{"self":[{"href":"https:\/\/blog.polityka.pl\/passent\/wp-json\/wp\/v2\/posts\/1728"}],"collection":[{"href":"https:\/\/blog.polityka.pl\/passent\/wp-json\/wp\/v2\/posts"}],"about":[{"href":"https:\/\/blog.polityka.pl\/passent\/wp-json\/wp\/v2\/types\/post"}],"author":[{"embeddable":true,"href":"https:\/\/blog.polityka.pl\/passent\/wp-json\/wp\/v2\/users\/4"}],"replies":[{"embeddable":true,"href":"https:\/\/blog.polityka.pl\/passent\/wp-json\/wp\/v2\/comments?post=1728"}],"version-history":[{"count":5,"href":"https:\/\/blog.polityka.pl\/passent\/wp-json\/wp\/v2\/posts\/1728\/revisions"}],"predecessor-version":[{"id":1743,"href":"https:\/\/blog.polityka.pl\/passent\/wp-json\/wp\/v2\/posts\/1728\/revisions\/1743"}],"wp:attachment":[{"href":"https:\/\/blog.polityka.pl\/passent\/wp-json\/wp\/v2\/media?parent=1728"}],"wp:term":[{"taxonomy":"category","embeddable":true,"href":"https:\/\/blog.polityka.pl\/passent\/wp-json\/wp\/v2\/categories?post=1728"},{"taxonomy":"post_tag","embeddable":true,"href":"https:\/\/blog.polityka.pl\/passent\/wp-json\/wp\/v2\/tags?post=1728"}],"curies":[{"name":"wp","href":"https:\/\/api.w.org\/{rel}","templated":true}]}}