
{"id":173,"date":"2006-11-28T10:26:57","date_gmt":"2006-11-28T09:26:57","guid":{"rendered":"http:\/\/passent.blog.polityka.pl\/?p=173"},"modified":"2006-11-28T10:26:57","modified_gmt":"2006-11-28T09:26:57","slug":"dwoje-na-hustawce","status":"publish","type":"post","link":"https:\/\/blog.polityka.pl\/passent\/2006\/11\/28\/dwoje-na-hustawce\/","title":{"rendered":"Dwoje na hu\u015btawce"},"content":{"rendered":"<p>Blogowicze oczytani w tekstach Owidiusza i Mickiewicza nie zdziwi\u0105 si\u0119, kiedy skomentuj\u0119 zdanie po zdaniu fragment wypowiedzi klasyka, jakim jest prezes PiS, premier Jaros\u0142aw Kaczy\u0144ski:<\/p>\n<blockquote><p>(<strong>1<\/strong>) Nie pogratulowa\u0142em pani Gronkiewicz-Waltz wygranej.<\/p><\/blockquote>\n<p>To zdanie jest, niestety, prawdziwe. Fakt, \u017ce premier, kt\u00f3ry powinien by\u0107 wzorem d\u017centelmena, &#8222;inteligent \u017coliborski&#8221;, jak o nim pisz\u0105, cz\u0142owiek, kt\u00f3remu powinno zale\u017ce\u0107 na dobrych obyczajach, powstrzymuje si\u0119 od gratulacji dla pierwszej kobiety &#8211; prezydenta Warszawy, jest smutny. By\u0142oby lepiej, gdyby &#8211; w trosce o napraw\u0119 obyczaj\u00f3w &#8211; premier pos\u0142a\u0142 kwiaty i gratulacje. Przecie\u017c oni b\u0119d\u0105 musieli ze sob\u0105 wsp\u00f3\u0142pracowa\u0107 i od czasu do czasu si\u0119 spotyka\u0107. Gdyby Jaros\u0142aw Kaczy\u0144ski by\u0142 naprawd\u0119 inteligentem \u017coliborskim, uca\u0142owa\u0142 by d\u0142o\u0144 HG-W, tak jak to czyni przed ka\u017cdym posiedzeniem rz\u0105du w stosunku do pani min. Fotygi i innych pa\u0144 w gabinecie.<\/p>\n<p>Niestety, JK zabrak\u0142o tym razem klasy, by zrobi\u0107 dobr\u0105 min\u0119 do z\u0142ej gry i ukry\u0107 z\u0142o\u015b\u0107. Podobnie jak nie umia\u0142 zachowa\u0107 si\u0119 w stosunku do polskich dyplomat\u00f3w, pp. Greli i Truszczy\u0144skiego, kt\u00f3rzy bez poparcia rz\u0105du wygrali konkursy na odpowiedzialne stanowiska w Brukseli. Zamiast kwiat\u00f3w &#8211;\u00a0JK pos\u0142a\u0142 im wi\u0105zank\u0119 oskar\u017ce\u0144, \u017ce za tysi\u0105ce srebrnik\u00f3w b\u0119d\u0105 pracowa\u0107 w dyplomacji unijnej (a w polskiej PiS ich nie chce). Wspania\u0142omy\u015blno\u015b\u0107 wyra\u017anie nie jest cech\u0105 JK &#8211; raczej zawi\u015b\u0107 i z\u0142o\u015b\u0107.<\/p>\n<blockquote><p>(<strong>2<\/strong>) Zwykle gratuluje ten, kto przegra\u0142.<\/p><\/blockquote>\n<p>\u015awi\u0119ta prawda. Wybory w Warszawie przegra\u0142 nie tylko Kazimierz Marcinkiewicz, ale i jego patron, JK, kt\u00f3ry go na to stanowisko delegowa\u0142 i popiera\u0142. Co prawda KM robi\u0142 wszystko, \u017ceby si\u0119 odklei\u0107 od PiS, ale tym bardziej jest to pora\u017ck\u0105 JK. Jako przegrany, powinien by\u0142 i on pospieszy\u0107 z gratulacjami. Nikt by tych gratulacji nie uzna\u0142 za szczere, ale nawet fa\u0142szywy u\u015bmiech lepszy jest od nieskrywanej z\u0142o\u015bci. Wszak wyuczona, nabyta uprzejmo\u015b\u0107 (polityk\u00f3w, ekspedientek, kelner\u00f3w), jaka panuje w krajach cywilizowanych, uprzyjemnia \u017cycie i \u0142agodzi obyczaje. Przecie\u017c kiedy politycy PiS i PO m\u00f3wili do siebie per &#8222;przyjaciele&#8221;, nikt nie bra\u0142 tego powa\u017cnie, a jednak&#8230;<\/p>\n<p>Czy JK nie pami\u0119ta, jak gburowate by\u0142y ekspedientki w Polsce Ludowej i jak nie mogli\u015bmy si\u0119 nadziwi\u0107, \u017ce ludzie na Zachodzie s\u0105 uprzejmi? Po wyborach samorz\u0105dowych ko\u0142a zbli\u017cone do PiS zapowiadaj\u0105 &#8222;nowe otwarcie&#8221;, kt\u00f3re ma pom\u00f3c tej partii odzyska\u0107 wp\u0142ywy w wielkich miastach. Je\u017celi to ma by\u0107 otwarcie przez zaci\u015bni\u0119te z\u0119by, to nie wiem, kto si\u0119 na to nabierze.<\/p>\n<blockquote><p>(<strong>3<\/strong>) Pan Marcinkiewicz ju\u017c pogratulowa\u0142.<\/p><\/blockquote>\n<p>To prawda. Marcinkiewicz pogratulowa\u0142, Hanna Gronkiewicz-Waltz wyra\u017ca si\u0119 o nim po wyborach w superlatywach i tak powinno by\u0107, to s\u0105 elementarne regu\u0142y dobrego zachowania, poprawno\u015bci politycznej w dobrym tego s\u0142owa znaczeniu.<\/p>\n<blockquote><p>(<strong>4<\/strong>) To, co m\u00f3wi pani Gronkiewicz-Waltz o mojej partii, a bywa, \u017ce i o mnie, troszeczk\u0119 zwalnia mnie od takich towarzyskich obowi\u0105zk\u00f3w.<\/p><\/blockquote>\n<p>Nieprawda, HG-W krytykowa\u0142a PiS i swojego rywala w granicach normy, podczas kampanii by\u0142a wr\u0119cz bezbarwna, tak\u017ce KM zachowywa\u0142 si\u0119 elegancko. Kampania nie by\u0142a w Warszawie brutalna ani krwawa. Nic nie zwalnia, nawet &#8222;troszeczk\u0119&#8221;, pana premiera od odrobiny elegancji.<\/p>\n<blockquote><p>(<strong>5<\/strong>) My ci\u0105gle wyci\u0105gamy r\u0119k\u0119, tak\u017ce teraz, po wyborach samorz\u0105dowych.<\/p><\/blockquote>\n<p>Nie &#8222;ci\u0105gle&#8221;, tylko od czasu do czasu. JK co drugi raz wyci\u0105ga d\u0142o\u0144, a co drugi zaci\u015bni\u0119t\u0105 pi\u0119\u015b\u0107. Na wiecu przed Stoczni\u0105 Gda\u0144sk\u0105 wyci\u0105ga pi\u0119\u015b\u0107 i grozi tym, kt\u00f3rzy &#8222;stoj\u0105 tam, gdzie sta\u0142o ZOMO&#8221;. Kilka dni p\u00f3\u017aniej, na wiecu w Warszawie, wyci\u0105ga ga\u0142\u0105zk\u0119 oliwn\u0105. Trudno si\u0119 dziwi\u0107, \u017ce przy takiej hu\u015btawce uczu\u0107 ludzie si\u0119 nie garn\u0105.<\/p>\n<p>W g\u0142o\u015bnym ju\u017c filmie dokumentalnym Marcela \u0141ozi\u0144skiego i Piotra Tymochowicza &#8222;Jak to si\u0119 robi&#8221; pokazane jest wychowywanie m\u0142odych polityk\u00f3w do sukcesu za wszelk\u0105 cen\u0119, w tym &#8211; za cen\u0119 braku pogl\u0105d\u00f3w. To ludzie bez w\u0142a\u015bciwo\u015bci, cynicy, kt\u00f3rym zale\u017cy tylko na w\u0142adzy &#8211; ostrzegaj\u0105 tw\u00f3rcy filmu. Jednak\u017ce po wyj\u015bciu z kina zaczynamy si\u0119 zastanawia\u0107, kogo wolimy &#8211; cynika czy fanatyka? W Warszawie przegrali obaj.<\/p>\n","protected":false},"excerpt":{"rendered":"<p>Blogowicze oczytani w tekstach Owidiusza i Mickiewicza nie zdziwi\u0105 si\u0119, kiedy skomentuj\u0119 zdanie po zdaniu fragment wypowiedzi klasyka, jakim jest prezes PiS, premier Jaros\u0142aw Kaczy\u0144ski: (1) Nie pogratulowa\u0142em pani Gronkiewicz-Waltz wygranej. To zdanie jest, niestety, prawdziwe. Fakt, \u017ce premier, kt\u00f3ry powinien by\u0107 wzorem d\u017centelmena, &#8222;inteligent \u017coliborski&#8221;, jak o nim pisz\u0105, cz\u0142owiek, kt\u00f3remu powinno zale\u017ce\u0107 na [&hellip;]<\/p>\n","protected":false},"author":4,"featured_media":0,"comment_status":"open","ping_status":"open","sticky":false,"template":"","format":"standard","meta":{"footnotes":""},"categories":[1],"tags":[],"_links":{"self":[{"href":"https:\/\/blog.polityka.pl\/passent\/wp-json\/wp\/v2\/posts\/173"}],"collection":[{"href":"https:\/\/blog.polityka.pl\/passent\/wp-json\/wp\/v2\/posts"}],"about":[{"href":"https:\/\/blog.polityka.pl\/passent\/wp-json\/wp\/v2\/types\/post"}],"author":[{"embeddable":true,"href":"https:\/\/blog.polityka.pl\/passent\/wp-json\/wp\/v2\/users\/4"}],"replies":[{"embeddable":true,"href":"https:\/\/blog.polityka.pl\/passent\/wp-json\/wp\/v2\/comments?post=173"}],"version-history":[{"count":0,"href":"https:\/\/blog.polityka.pl\/passent\/wp-json\/wp\/v2\/posts\/173\/revisions"}],"wp:attachment":[{"href":"https:\/\/blog.polityka.pl\/passent\/wp-json\/wp\/v2\/media?parent=173"}],"wp:term":[{"taxonomy":"category","embeddable":true,"href":"https:\/\/blog.polityka.pl\/passent\/wp-json\/wp\/v2\/categories?post=173"},{"taxonomy":"post_tag","embeddable":true,"href":"https:\/\/blog.polityka.pl\/passent\/wp-json\/wp\/v2\/tags?post=173"}],"curies":[{"name":"wp","href":"https:\/\/api.w.org\/{rel}","templated":true}]}}