
{"id":1746,"date":"2013-01-23T18:10:28","date_gmt":"2013-01-23T17:10:28","guid":{"rendered":"http:\/\/passent.blog.polityka.pl\/?p=1746"},"modified":"2013-01-26T23:23:12","modified_gmt":"2013-01-26T22:23:12","slug":"co-wypada-%e2%80%93-co-nie-wypada","status":"publish","type":"post","link":"https:\/\/blog.polityka.pl\/passent\/2013\/01\/23\/co-wypada-%e2%80%93-co-nie-wypada\/","title":{"rendered":"Co wypada \u2013 co nie wypada?"},"content":{"rendered":"<p>Mia\u0142em szcz\u0119\u015bcie go\u015bci\u0107 w Radiu TOK FM (22 bm) troje znakomitych dyskutant\u00f3w: prof. Magdalen\u0119 \u015arod\u0119, senatora J\u00f3zefa Piniora i redaktora Marka Ostrowskiego. Zada\u0142em im kilka pyta\u0144, kt\u00f3re chcia\u0142bym tu powt\u00f3rzy\u0107, w innej kolejno\u015bci.<\/p>\n<p>Gerard DEPARDIEU \u2013 czy wypada emigrowa\u0107, poniewa\u017c w ojczy\u017anie podatki s\u0105 za wysokie? Wszyscy moi go\u015bcie odpowiedzieli \u201enie\u201d, g\u0142\u00f3wnie dlatego, \u017ce s\u0142ynny aktor ma ju\u017c do\u015b\u0107 pieni\u0119dzy. Ja\u00a0 uwa\u017cam, a raczej czuj\u0119, \u017ce podatek od\u00a0 najwy\u017cszych dochod\u00f3w\u00a0 nie powinien by\u0107 wy\u017cszy ni\u017c 50 proc., ale nawet wy\u017cszy podatek\u00a0\u00a0 nie uzasadnia\u00a0 emigracji. Uczestnikom rozmowy podoba\u0142a si\u0119 szeroko zakrojona filantropia w USA, gdzie wielu ludzi bogatych dobrowolnie dzieli si\u0119 ze spo\u0142ecze\u0144stwem (m.in. Bill Gates).<!--more--><\/p>\n<p>Aleksander KWA\u015aNIEWSKI \u2013 czy wypada, \u017ceby by\u0142y prezydent doradza\u0142 (za pieni\u0105dze) milionerowi lub dyktatorowi? Zdania by\u0142y podzielone. Magdalena \u015aroda z uznaniem wypowiada\u0142a si\u0119 o skromno\u015bci Tadeusza Mazowieckiego, ale warto pami\u0119ta\u0107, \u017ce Kwa\u015bniewski jest du\u017co\u00a0 m\u0142odszy, nie musi \u017cy\u0107 w ascezie. Wiele zale\u017cy od tego, CO by\u0142y prezydent doradza. Najbardziej wyrozumia\u0142y by\u0142 J\u00f3zef Pinior, kt\u00f3ry uwa\u017ca, \u017ce Kazachstan nale\u017cy przyci\u0105ga\u0107 do Zachodu etc.<\/p>\n<p>Donald TUSK \u2013 czy wypada przed wyborami bra\u0107 \u015blub ko\u015bcielny ze swoj\u0105\u00a0 \u201ecywiln\u0105\u201d ma\u0142\u017conk\u0105, z kt\u00f3r\u0105 jest si\u0119 od lat w zwi\u0105zku? Wsp\u00f3lny wniosek: To zale\u017cy, co dla kogo\u015b jest wa\u017cniejsze \u2013 religia czy polityka? Je\u015bli polityka, to cel usprawiedliwia\u00a0 \u015brodki, czyli \u015blub przed wyborami \u2013 tak. Ale to mo\u017cna uzna\u0107 za instrumentalne traktowanie religii. Je\u015bli najwa\u017cniejsza jest religia,\u00a0 to termin wybrany niefortunnie. Normy jednak si\u0119 zmieni\u0142y i dzi\u015b nie przywi\u0105zuje si\u0119 do tych spraw takiego znaczenia jak dawniej.<\/p>\n<p>Sedzia TULEYA \u2013 czy \u201ewypada\u201d w ustnym uzasadnieniu krytykowa\u0107 w\u0142adz\u0119 wykonawcz\u0105? \u2013 Jednomy\u015blne \u201etak\u201d. \u2013 Czy wypada, \u017ceby politycy (Ziobro, Kami\u0144ski, Gowin) krytykowali s\u0119dziego? \u201eNie\u201d.<\/p>\n<p>Cezary GMYZ \u2013 Czy wypada lustrowa\u0107 rodzic\u00f3w i dziadk\u00f3w, \u017ceby uderzy\u0107 s\u0119dziego, kt\u00f3rego uzasadnienie nam si\u0119\u00a0 nie podoba? \u201eNie\u201d, ale bezinteresownie, kiedy piszemy cudz\u0105 biografi\u0119, absolutnie mo\u017cna opisa\u0107 przodk\u00f3w i \u015brodowisko, w jakim nasz bohater dorasta\u0142. Lustracja rodzic\u00f3w jest na prawicy\u00a0 coraz bardziej modna, specjalizuje si\u0119 w tym Dorota Kania (Gazeta Polska). A propos, czy kto\u015b wie, jak sprawa Kani?<\/p>\n<p>Zbigniew ROMASZEWSKI \u2013 Czy wypada, \u017ceby\u00a0 dzia\u0142acz opozycji przed 1989 rokiem, wi\u0119zie\u0144 PRL, nast\u0119pnie\u00a0 wieloletni senator, dochodzi\u0142 odszkodowania od wolnej Polski? Co prawda polska tradycja \u2013 jak zaznaczy\u0142a Magdalena \u015aroda &#8211; by\u0142a inna, ale nikt Z.R. nie pot\u0119pi\u0142. Zgodzono si\u0119, \u017ce\u00a0 nie wszyscy uprawnieni post\u0119puj\u0105 podobnie, ale weterani nie powinni byli pozosta\u0107 bez opieki. Moja propozycja: powo\u0142a\u0107 fundacj\u0119, kt\u00f3ra kierowaliby weterani opozycji, a pieni\u0105dze pochodzi\u0142yby z bud\u017cetu pa\u0144stwa oraz ze \u017ar\u00f3de\u0142 prywatnych. Fundacja udziela\u0142aby pomocy weteranom opozycji, b\u0119d\u0105cymi w potrzebie.\u00a0 Nie samymi orderami cz\u0142owiek \u017cyje.<\/p>\n<p>Czy \u201ewypada\u201d usuwa\u0107 spiral\u0119 antykoncepcyjn\u0105 przed komuni\u0105 dziecka, \u017ceby w czasie spowiedzi m\u00f3c powiedzie\u0107 ksi\u0119dzu, \u017ce nie stosuje si\u0119 \u015brodk\u00f3w antykoncepcyjnych? Zdaniem prof. \u015arody, stosowanie \u015brodk\u00f3w antykoncepcyjnych to grzech ci\u0105g\u0142y, w odr\u00f3\u017cnieniu od jednorazowej aborcji, kt\u00f3r\u0105 mo\u017cna odpokutowa\u0107.<\/p>\n<p>Inne pytania \u2013 Czy wypada wymawia\u0107 odszkodowanie z tytu\u0142u tragicznej \u015bmierci rodzic\u00f3w w katastrofie, je\u015bli c\u00f3rka uwa\u017ca, \u017ce to nie by\u0142a katastrofa tylko zamach? \u2013 Czy wypada, czy s\u0142usznie\u00a0 s\u0105d ujawni\u0142 tre\u015b\u0107 aktu oskar\u017cenia przeciwko Katarzynie W. (matce Madzi) zanim prokurator odczyta go na rozprawie? \u2013 Te pytania pozosta\u0142y bez odpowiedzi z braku czasu. Mo\u017ce odpowiedz\u0105 na nie blogowicze?<\/p>\n","protected":false},"excerpt":{"rendered":"<p>Mia\u0142em szcz\u0119\u015bcie go\u015bci\u0107 w Radiu TOK FM (22 bm) troje znakomitych dyskutant\u00f3w: prof. Magdalen\u0119 \u015arod\u0119, senatora J\u00f3zefa Piniora i redaktora Marka Ostrowskiego. Zada\u0142em im kilka pyta\u0144, kt\u00f3re chcia\u0142bym tu powt\u00f3rzy\u0107, w innej kolejno\u015bci. Gerard DEPARDIEU \u2013 czy wypada emigrowa\u0107, poniewa\u017c w ojczy\u017anie podatki s\u0105 za wysokie? Wszyscy moi go\u015bcie odpowiedzieli \u201enie\u201d, g\u0142\u00f3wnie dlatego, \u017ce s\u0142ynny [&hellip;]<\/p>\n","protected":false},"author":4,"featured_media":0,"comment_status":"open","ping_status":"closed","sticky":false,"template":"","format":"standard","meta":{"footnotes":""},"categories":[1],"tags":[],"_links":{"self":[{"href":"https:\/\/blog.polityka.pl\/passent\/wp-json\/wp\/v2\/posts\/1746"}],"collection":[{"href":"https:\/\/blog.polityka.pl\/passent\/wp-json\/wp\/v2\/posts"}],"about":[{"href":"https:\/\/blog.polityka.pl\/passent\/wp-json\/wp\/v2\/types\/post"}],"author":[{"embeddable":true,"href":"https:\/\/blog.polityka.pl\/passent\/wp-json\/wp\/v2\/users\/4"}],"replies":[{"embeddable":true,"href":"https:\/\/blog.polityka.pl\/passent\/wp-json\/wp\/v2\/comments?post=1746"}],"version-history":[{"count":2,"href":"https:\/\/blog.polityka.pl\/passent\/wp-json\/wp\/v2\/posts\/1746\/revisions"}],"predecessor-version":[{"id":1749,"href":"https:\/\/blog.polityka.pl\/passent\/wp-json\/wp\/v2\/posts\/1746\/revisions\/1749"}],"wp:attachment":[{"href":"https:\/\/blog.polityka.pl\/passent\/wp-json\/wp\/v2\/media?parent=1746"}],"wp:term":[{"taxonomy":"category","embeddable":true,"href":"https:\/\/blog.polityka.pl\/passent\/wp-json\/wp\/v2\/categories?post=1746"},{"taxonomy":"post_tag","embeddable":true,"href":"https:\/\/blog.polityka.pl\/passent\/wp-json\/wp\/v2\/tags?post=1746"}],"curies":[{"name":"wp","href":"https:\/\/api.w.org\/{rel}","templated":true}]}}