
{"id":175,"date":"2006-11-30T07:33:49","date_gmt":"2006-11-30T06:33:49","guid":{"rendered":"http:\/\/passent.blog.polityka.pl\/?p=175"},"modified":"2006-11-30T07:33:49","modified_gmt":"2006-11-30T06:33:49","slug":"swiete-oburzenie-2","status":"publish","type":"post","link":"https:\/\/blog.polityka.pl\/passent\/2006\/11\/30\/swiete-oburzenie-2\/","title":{"rendered":"\u015awi\u0119te oburzenie"},"content":{"rendered":"<p>Przez kraj przechodzi fala oburzenia. <a href=\"http:\/\/www.dziennik.pl\/\" target=\"_blank\">Dziennik.pl<\/a> ujawni\u0142 amatorski film ze spotkania m\u0142odych neonazist\u00f3w dwa lata temu. Ca\u0142kiem liczna grupa faszyst\u00f3w pozdrawia si\u0119 hitlerowskim uniesieniem r\u0119ki, skanduje \u201esieg heil!\u201d, a wszystko to na tle p\u0142on\u0105cej swastyki. Premier Kaczy\u0144ski powiedzia\u0142, \u017ce to skandal, b\u0119dzie chcia\u0142 si\u0119 dowiedzie\u0107 wi\u0119cej, zw\u0142aszcza tego, czy w\u015br\u00f3d uczestnik\u00f3w by\u0142 kto\u015b zwi\u0105zany z w\u0142adz\u0105. Wicepremier Giertych zawiadomi\u0142 prokuratur\u0119. Zast\u0119pca prokuratora generalnego, p. Kaczmarek, zarz\u0105dzi\u0142 \u015bledztwo, bo propagowanie faszyzmu i szerzenie nienawi\u015bci rasowej jest w Polsce przest\u0119pstwem. Media grzmi\u0105 z oburzenia na neonazist\u00f3w. Wszyscy zaskoczeni, \u017ce takie \u015bwi\u0144stwo by\u0142o mo\u017cliwe.<\/p>\n<p>Tymczasem to, co ujawniono, nie jest \u017cadn\u0105 niespodziank\u0105, nie ma co udawa\u0107 niewini\u0105tek. Czy\u017c nie dalej jak kilka tygodni temu nie ods\u0142oni\u0119to w centrum Warszawy pomnika Romana Dmowskiego \u2013 czo\u0142owego antysemity? Protestowali przeciwko temu nieliczni, Marek Edelman, Maria Janion i zaledwie kilka innych os\u00f3b. Gdzie by\u0142 wtedy pan premier, wicepremier i inni? \u201eRzeczpospolita\u201d zamie\u015bci\u0142a w\u00f3wczas zawstydzaj\u0105cy artyku\u0142 historyka w IPN, dra \u017baryna (szefa pionu edukacyjnego tej instytucji!), kt\u00f3ry podnosi\u0142 jedynie zas\u0142ugi tw\u00f3rcy Narodowej Demokracji, nie wspominaj\u0105c ani s\u0142owem o jego drugim obliczu, wr\u0119cz drwi\u0142 z nielicznych autor\u00f3w protestu.<\/p>\n<p>Kilka miesi\u0119cy temu, w obecno\u015bci prezydenta RP, ods\u0142oni\u0119to pomnik ku czci Kurasia \u2013 \u201eOgnia\u201d. W ci\u0105gu ostatniego roku wysz\u0142o na jaw, \u017ce jeden wiceprezes TVP i jeden m\u0142odociany dygnitarz, chyba w randze wiceministra, ma za sob\u0105 wstydliwy epizod, delikatnie m\u00f3wi\u0105c &#8211;\u00a0wszechpolski. Nie tak dawno znany z fio\u0142a na punkcie \u017byd\u00f3w Stanis\u0142aw Michalkiewicz zosta\u0142 jednym z wybranych i troskliwie dobranych felietonist\u00f3w Programu I Polskiego Radia. I to wszystko w ramach przywracania prawdy o naszej historii, w ramach patriotycznego wychowania, pluralizmu itd. Czy kto\u015b zaprotestowa\u0142 przeciwko takim faworom w mediach publicznych? Czy oburzyli si\u0119 czo\u0142owi politycy \u2013 przyw\u00f3dcy PiS i Platformy? Czy oburzy\u0142 si\u0119 \u201eDziennik\u201d albo \u201eRzeczpospolita\u201d? Czy g\u0142os wyda\u0142 przedstawiciel duchowie\u0144stwa? Szanowna profesura? A przecie\u017c autorami tych decyzji nie by\u0142y ogolone na zero osi\u0142ki wszechpolskie, lecz cz\u0142onkowie rz\u0105dz\u0105cej elity.<\/p>\n<p>W kraju, w kt\u00f3rym tw\u00f3rca, a raczej odtw\u00f3rca, M\u0142odzie\u017cy Wszechpolskiej jest wicepremierem i ministrem edukacji, w kt\u00f3rym ods\u0142ania si\u0119 pomniki nacjonalist\u00f3w, a nawet zab\u00f3jc\u00f3w w s\u0142usznej sprawie, jeden eksces wi\u0119cej nie powinien zn\u00f3w tak dziwi\u0107. Endecja trzyma si\u0119 mocno. \u015awi\u0119te oburzenie, kt\u00f3rego jeste\u015bmy \u015bwiadkami, nie b\u0119dzie autentyczne, je\u015bli nadal towarzyszy\u0107 mu b\u0119dzie pob\u0142a\u017canie dla innych prowokacji, z kt\u00f3rych wymieni\u0142em zaledwie kilka.<\/p>\n","protected":false},"excerpt":{"rendered":"<p>Przez kraj przechodzi fala oburzenia. Dziennik.pl ujawni\u0142 amatorski film ze spotkania m\u0142odych neonazist\u00f3w dwa lata temu. Ca\u0142kiem liczna grupa faszyst\u00f3w pozdrawia si\u0119 hitlerowskim uniesieniem r\u0119ki, skanduje \u201esieg heil!\u201d, a wszystko to na tle p\u0142on\u0105cej swastyki. Premier Kaczy\u0144ski powiedzia\u0142, \u017ce to skandal, b\u0119dzie chcia\u0142 si\u0119 dowiedzie\u0107 wi\u0119cej, zw\u0142aszcza tego, czy w\u015br\u00f3d uczestnik\u00f3w by\u0142 kto\u015b zwi\u0105zany z [&hellip;]<\/p>\n","protected":false},"author":4,"featured_media":0,"comment_status":"open","ping_status":"open","sticky":false,"template":"","format":"standard","meta":{"footnotes":""},"categories":[1],"tags":[],"_links":{"self":[{"href":"https:\/\/blog.polityka.pl\/passent\/wp-json\/wp\/v2\/posts\/175"}],"collection":[{"href":"https:\/\/blog.polityka.pl\/passent\/wp-json\/wp\/v2\/posts"}],"about":[{"href":"https:\/\/blog.polityka.pl\/passent\/wp-json\/wp\/v2\/types\/post"}],"author":[{"embeddable":true,"href":"https:\/\/blog.polityka.pl\/passent\/wp-json\/wp\/v2\/users\/4"}],"replies":[{"embeddable":true,"href":"https:\/\/blog.polityka.pl\/passent\/wp-json\/wp\/v2\/comments?post=175"}],"version-history":[{"count":0,"href":"https:\/\/blog.polityka.pl\/passent\/wp-json\/wp\/v2\/posts\/175\/revisions"}],"wp:attachment":[{"href":"https:\/\/blog.polityka.pl\/passent\/wp-json\/wp\/v2\/media?parent=175"}],"wp:term":[{"taxonomy":"category","embeddable":true,"href":"https:\/\/blog.polityka.pl\/passent\/wp-json\/wp\/v2\/categories?post=175"},{"taxonomy":"post_tag","embeddable":true,"href":"https:\/\/blog.polityka.pl\/passent\/wp-json\/wp\/v2\/tags?post=175"}],"curies":[{"name":"wp","href":"https:\/\/api.w.org\/{rel}","templated":true}]}}