
{"id":1750,"date":"2013-01-27T21:56:54","date_gmt":"2013-01-27T20:56:54","guid":{"rendered":"http:\/\/passent.blog.polityka.pl\/?p=1750"},"modified":"2013-01-28T14:53:30","modified_gmt":"2013-01-28T13:53:30","slug":"gowin-nastepca-kaczynskiego","status":"publish","type":"post","link":"https:\/\/blog.polityka.pl\/passent\/2013\/01\/27\/gowin-nastepca-kaczynskiego\/","title":{"rendered":"Gowin nast\u0119pc\u0105 Kaczy\u0144skiego?"},"content":{"rendered":"<p>Jaros\u0142aw Gowin wyrasta na przysz\u0142ego lidera prawicy, ca\u0142ej prawicy \u2013 nie tylko platformerskiej. Powierzaj\u0105c Gowinowi stanowisko ministra sprawiedliwo\u015bci, Tusk pope\u0142ni\u0142 powa\u017cny b\u0142\u0105d. Zaoferowa\u0142 swojemu rywalowi resort \u201e\u015bwiatopogl\u0105dowy\u201d, a wi\u0119c sfer\u0119, w kt\u00f3rej obu pan\u00f3w dzieli najwi\u0119cej. Gowin dosta\u0142 aren\u0119, na kt\u00f3rej mo\u017ce demonstrowa\u0107\u00a0 swoj\u0105 niezale\u017cno\u015b\u0107 i odr\u0119bno\u015b\u0107 od wi\u0119kszo\u015bci Platformy, z Tuskiem na czele.<\/p>\n<p>Obecnie premier jest wi\u0119\u017aniem swojej decyzji \u2013 nie mo\u017ce ministra zdymisjonowa\u0107, bo formalnie nie ma za\u00a0 co,\u00a0\u00a0 nie mo\u017ce te\u017c bezczynnie przygl\u0105da\u0107 si\u0119, jak jego rywal przybiera na znaczeniu, wr\u0119cz kpi sobie z szefa partii i rz\u0105du. Pozycja Gowina ulega wzmocnieniu \u2013 w rz\u0105dzie (bo upokorzony premier to s\u0142abszy premier), w Platformie, gdzie ponad 40 pos\u0142\u00f3w w wa\u017cnej sprawie kolejny raz\u00a0 wybiera g\u0142osowanie przeciw premierowi, wreszcie poza Platform\u0105, na prawicy.<!--more--><\/p>\n<p>Tak si\u0119 sk\u0142ada, \u017ce w opozycji, zar\u00f3wno na lewicy jak i na prawicy, brak silnych indywidualno\u015bci. Na lewicy \u2013 Miller, Palikot \u2013 nie maj\u0105 szans skupienia\u00a0 wok\u00f3\u0142 siebie przyt\u0142aczaj\u0105cej cz\u0119\u015bci zwolennik\u00f3w. Miller jest zbyt stary i zu\u017cyty, Palikot jest za nadto kontrowersyjny. Po prawej stronie jest podobnie. Jedynym politykiem du\u017cego formatu jest Kaczy\u0144ski, kt\u00f3ry ma ju\u017c swoje lata, bardzo ci\u0119\u017cki baga\u017c do\u015bwiadcze\u0144 i je\u017celi przegra kolejne\u00a0 wybory to straci kontrol\u0119 nad elektoratem. W otoczeniu Kaczy\u0144skiego nie ma ani jednego polityka wagi nawet p\u00f3\u0142ci\u0119\u017ckiej.\u00a0 Jego jedynym rywalem b\u0119dzie Zbigniew Ziobro. Czas pracuje przeciwko Kaczy\u0144skiemu, na rzecz Ziobry i Gowina. Ka\u017cdy ma swoj\u0105 stygm\u0119. Ziobro \u2013 jest zdrajc\u0105, obr\u00f3ci\u0142 si\u0119 przeciwko prezesowi, kt\u00f3ry zapewne b\u0119dzie mia\u0142 wp\u0142yw na wyb\u00f3r swojego nast\u0119pcy. Gowin pochodzi co prawda ze znienawidzonej Platformy, ale w tej Platformie jak gdyby nie by\u0142. Nie jest skompromitowany jak Ziobro, nie jest sk\u0142\u00f3cony z Kaczy\u0144skim, politycznie reprezentuje centroprawic\u0119, jest elastyczny, bezwzgl\u0119dny (dla lidera wa\u017cna cecha), przez antagonizm z Tuskiem zbiera punkty na prawicy, w kilku sprawach g\u0142osowa\u0142 jak PiS (zwi\u0105zki partnerskie), b\u0105d\u017a wr\u0119cz cieszy\u0142 si\u0119 wzgl\u0119dami tej partii (np. w sprawie deregulacji). Inteligentny, kulturalny, klas\u0105 przewy\u017csza gladiator\u00f3w prezesa Kaczy\u0144skiego.<\/p>\n<p>Pozostaje jedno \u201eale\u201d: Jak i kiedy z kierownictwa Platformy i z rz\u0105du PO\/PSL przej\u015b\u0107 na drug\u0105 stron\u0119 barykady? Do najbli\u017cszych wybor\u00f3w prawica p\u00f3jdzie jeszcze pod wodz\u0105 prezesa Kaczy\u0144skiego, po wyborach Gowin b\u0119dzie wolny i jego problemem b\u0119dzie ju\u017c tylko Ziobro, bo prezes odejdzie na zas\u0142u\u017con\u0105 emerytur\u0119. Gowin i Ziobro \u2013 obaj z Krakowa, obaj inteligentni i bezwzgl\u0119dni, b\u0119d\u0105 walczy\u0107 o sched\u0119 po prezesie. My\u015bl\u0119, \u017ce wygra ten pierwszy.<\/p>\n<p>PS. ZAPROSZENIE<br \/>\nCo to s\u0105 \u201etablozyny\u201d i jak daleko zajdzie tabloidyzacji medi\u00f3w? Dyskutowa\u0107 b\u0119d\u0105: Dr Jacek Wasilewski \u2013 znawca medi\u00f3w z UW, S\u0142awomir Jastrz\u0119bowski \u2013 redaktor naczelny \u201eSuper Expressu\u201d i Adam Krzemi\u0144ski, kt\u00f3ry w mediach polskich i niemieckich czuje si\u0119 jak w domu. Radio TOK FM, wtorek, 29 bm, tu\u017c po godz. 20-ej. Zapraszam!<\/p>\n","protected":false},"excerpt":{"rendered":"<p>Jaros\u0142aw Gowin wyrasta na przysz\u0142ego lidera prawicy, ca\u0142ej prawicy \u2013 nie tylko platformerskiej. Powierzaj\u0105c Gowinowi stanowisko ministra sprawiedliwo\u015bci, Tusk pope\u0142ni\u0142 powa\u017cny b\u0142\u0105d. Zaoferowa\u0142 swojemu rywalowi resort \u201e\u015bwiatopogl\u0105dowy\u201d, a wi\u0119c sfer\u0119, w kt\u00f3rej obu pan\u00f3w dzieli najwi\u0119cej. Gowin dosta\u0142 aren\u0119, na kt\u00f3rej mo\u017ce demonstrowa\u0107\u00a0 swoj\u0105 niezale\u017cno\u015b\u0107 i odr\u0119bno\u015b\u0107 od wi\u0119kszo\u015bci Platformy, z Tuskiem na czele. Obecnie [&hellip;]<\/p>\n","protected":false},"author":4,"featured_media":0,"comment_status":"open","ping_status":"closed","sticky":false,"template":"","format":"standard","meta":{"footnotes":""},"categories":[1],"tags":[],"_links":{"self":[{"href":"https:\/\/blog.polityka.pl\/passent\/wp-json\/wp\/v2\/posts\/1750"}],"collection":[{"href":"https:\/\/blog.polityka.pl\/passent\/wp-json\/wp\/v2\/posts"}],"about":[{"href":"https:\/\/blog.polityka.pl\/passent\/wp-json\/wp\/v2\/types\/post"}],"author":[{"embeddable":true,"href":"https:\/\/blog.polityka.pl\/passent\/wp-json\/wp\/v2\/users\/4"}],"replies":[{"embeddable":true,"href":"https:\/\/blog.polityka.pl\/passent\/wp-json\/wp\/v2\/comments?post=1750"}],"version-history":[{"count":5,"href":"https:\/\/blog.polityka.pl\/passent\/wp-json\/wp\/v2\/posts\/1750\/revisions"}],"predecessor-version":[{"id":1756,"href":"https:\/\/blog.polityka.pl\/passent\/wp-json\/wp\/v2\/posts\/1750\/revisions\/1756"}],"wp:attachment":[{"href":"https:\/\/blog.polityka.pl\/passent\/wp-json\/wp\/v2\/media?parent=1750"}],"wp:term":[{"taxonomy":"category","embeddable":true,"href":"https:\/\/blog.polityka.pl\/passent\/wp-json\/wp\/v2\/categories?post=1750"},{"taxonomy":"post_tag","embeddable":true,"href":"https:\/\/blog.polityka.pl\/passent\/wp-json\/wp\/v2\/tags?post=1750"}],"curies":[{"name":"wp","href":"https:\/\/api.w.org\/{rel}","templated":true}]}}