
{"id":1757,"date":"2013-01-31T23:45:38","date_gmt":"2013-01-31T22:45:38","guid":{"rendered":"http:\/\/passent.blog.polityka.pl\/?p=1757"},"modified":"2013-02-01T12:29:55","modified_gmt":"2013-02-01T11:29:55","slug":"chora-platforma","status":"publish","type":"post","link":"https:\/\/blog.polityka.pl\/passent\/2013\/01\/31\/chora-platforma\/","title":{"rendered":"Chora Platforma"},"content":{"rendered":"<p>Platforma Obywatelska \u2013 zdrowa psychicznie si\u0142a, kt\u00f3ra przerwa\u0142a paranoj\u0119 polityczn\u0105, jaka panowa\u0142a w latach 2005-2007 \u2013 teraz sama zdradza oznaki powa\u017cnej choroby. Termometr pokazuje coraz wy\u017csz\u0105 temperatur\u0119. Fotoradary \u2013 niby drobiazg, w kt\u00f3rej zasadniczo administracja ma racj\u0119, bo chodzi o to, \u017ceby ludzie je\u017adzili wolniej \u2013 \u017ale rozegrane. Wysz\u0142o na to, \u017ce wp\u0142ywy do bud\u017cetu s\u0105 wa\u017cniejsze\u00a0 od zdrowego rozs\u0105dku. Wska\u017aniki gospodarcze \u2013 coraz gorsze, bezrobocie ro\u015bnie, wzrost spada (cho\u0107 ub. rok przyni\u00f3s\u0142 2 proc., wi\u0119cej ni\u017c si\u0119 spodziewano). Zakupy spadaj\u0105, inwestycje spadaj\u0105, niezadowolenie ro\u015bnie. Unia Europejska zamra\u017ca id\u0105ce w miliardy subwencje na budow\u0119 infrastruktury w Polsce. Zagro\u017cony program, miejsca pracy \u2013 dla Platformy cios,\u00a0 nawet je\u017celi Polska pierwsza zacz\u0119\u0142a podejrzewa\u0107 zmow\u0119 cenow\u0105, by\u0142o \u015bledztwo, postawiono zarzuty, ale \u017ale si\u0119 dzieje, a jak \u017ale &#8211; to winien rz\u0105d, czyli Platforma. Kolejny cios: Milionowe straty przy zakupie bajo\u0144sko drogich urz\u0105dze\u0144 do radioterapii. (Patrz dzisiejsza \u201eGW\u201d). Tym razem mo\u017ce nadu\u017cy\u0107 nie by\u0142o, ale niegospodarno\u015b\u0107 i wadliwy system \u2013 ewidentne. No i kolejny cios, tym razem samob\u00f3jczy: Gowin i Sp\u00f3\u0142ka 46 pos\u0142\u00f3w PO, dzi\u0119ki kt\u00f3rym Sejm odrzuci\u0142 wszystkie trzy projekty ustawy o zwi\u0105zkach partnerskich. Kaczy\u0144ski powinien podzi\u0119kowa\u0107 Gawinowi i Sp\u00f3\u0142ce.<!--more--><\/p>\n<p>Takiej liczby pora\u017cek, cios\u00f3w i potkni\u0119\u0107 \u017cadna partia by nie znios\u0142a. Spadaj\u0105 wi\u0119c sonda\u017ce, by\u0107 mo\u017ce potwierdzi si\u0119 sonda\u017c Homo Domini, wedle kt\u00f3rego PiS ma ju\u017c odrobin\u0119 wi\u0119ksze poparcie ni\u017c Platforma. To, co by\u0142o si\u0142\u0105 PO \u2013 szeroki strumie\u0144, w kt\u00f3rym mieszcz\u0105 si\u0119 r\u00f3\u017cne nurty \u2013 sta\u0142o si\u0119 jej s\u0142abo\u015bci\u0105. Platformerska prawica wyzwoli\u0142a si\u0119 spod kurateli i staje si\u0119 samodzieln\u0105 si\u0142\u0105, kt\u00f3rej coraz bli\u017cej do PiS. Farsa, jak\u0105 by\u0142a dotychczas inicjatywa PiS z profesorem Gli\u0144skim, jako \u201etechnicznym premierem\u201d, czyli tzw konstruktywne votum nieufno\u015bci, stanie si\u0119 nie tylko wyg\u0142upem,\u00a0 ale i pr\u00f3b\u0105 si\u0142. Zapewne tym razem\u00a0 prawe skrzyd\u0142o Platformy b\u0119dzie g\u0142osowa\u0142o w interesie swojej partii, ale jak d\u0142ugo jeszcze, tego nikt nie wie. Je\u017celi ju\u017c pojawiaj\u0105 si\u0119 apele do Tuska, \u017ceby odci\u0105\u0142 gowinowc\u00f3w i tworzy\u0142 now\u0105 koalicj\u0119 (z PSL, SLD i Palikotem), to nie jest dobrze. Taka koalicja, pe\u0142na swar\u00f3w Millera z Palikotem, i lewicy z Platform\u0105, nie wr\u00f3\u017cy\u0142aby niczego dobrego. Tusk ma bardzo ograniczone pole. Prawdopodobnie nie zaryzykuje dymisji Gowina i upadku rz\u0105du. Choroba b\u0119dzie si\u0119 \u015blimaczy\u0107, w najlepszym dla Platformy wypadku \u2013 do wybor\u00f3w, kt\u00f3re b\u0119d\u0105 ostatecznym ciosem w dominacj\u0119 tej partii. Je\u017celi Donald Tusk spe\u0142ni swoj\u0105 zapowied\u017a i nie b\u0119dzie szefem Platformy po 2014 roku, to koniec tej partii nast\u0105pi jeszcze przed wyborami.<\/p>\n","protected":false},"excerpt":{"rendered":"<p>Platforma Obywatelska \u2013 zdrowa psychicznie si\u0142a, kt\u00f3ra przerwa\u0142a paranoj\u0119 polityczn\u0105, jaka panowa\u0142a w latach 2005-2007 \u2013 teraz sama zdradza oznaki powa\u017cnej choroby. Termometr pokazuje coraz wy\u017csz\u0105 temperatur\u0119. Fotoradary \u2013 niby drobiazg, w kt\u00f3rej zasadniczo administracja ma racj\u0119, bo chodzi o to, \u017ceby ludzie je\u017adzili wolniej \u2013 \u017ale rozegrane. Wysz\u0142o na to, \u017ce wp\u0142ywy do bud\u017cetu [&hellip;]<\/p>\n","protected":false},"author":4,"featured_media":0,"comment_status":"open","ping_status":"closed","sticky":false,"template":"","format":"standard","meta":{"footnotes":""},"categories":[1],"tags":[],"_links":{"self":[{"href":"https:\/\/blog.polityka.pl\/passent\/wp-json\/wp\/v2\/posts\/1757"}],"collection":[{"href":"https:\/\/blog.polityka.pl\/passent\/wp-json\/wp\/v2\/posts"}],"about":[{"href":"https:\/\/blog.polityka.pl\/passent\/wp-json\/wp\/v2\/types\/post"}],"author":[{"embeddable":true,"href":"https:\/\/blog.polityka.pl\/passent\/wp-json\/wp\/v2\/users\/4"}],"replies":[{"embeddable":true,"href":"https:\/\/blog.polityka.pl\/passent\/wp-json\/wp\/v2\/comments?post=1757"}],"version-history":[{"count":3,"href":"https:\/\/blog.polityka.pl\/passent\/wp-json\/wp\/v2\/posts\/1757\/revisions"}],"predecessor-version":[{"id":1761,"href":"https:\/\/blog.polityka.pl\/passent\/wp-json\/wp\/v2\/posts\/1757\/revisions\/1761"}],"wp:attachment":[{"href":"https:\/\/blog.polityka.pl\/passent\/wp-json\/wp\/v2\/media?parent=1757"}],"wp:term":[{"taxonomy":"category","embeddable":true,"href":"https:\/\/blog.polityka.pl\/passent\/wp-json\/wp\/v2\/categories?post=1757"},{"taxonomy":"post_tag","embeddable":true,"href":"https:\/\/blog.polityka.pl\/passent\/wp-json\/wp\/v2\/tags?post=1757"}],"curies":[{"name":"wp","href":"https:\/\/api.w.org\/{rel}","templated":true}]}}