
{"id":1763,"date":"2013-02-04T11:49:23","date_gmt":"2013-02-04T10:49:23","guid":{"rendered":"http:\/\/passent.blog.polityka.pl\/?p=1763"},"modified":"2013-02-04T16:12:41","modified_gmt":"2013-02-04T15:12:41","slug":"lepsza-grodzka-niz-pawlowicz","status":"publish","type":"post","link":"https:\/\/blog.polityka.pl\/passent\/2013\/02\/04\/lepsza-grodzka-niz-pawlowicz\/","title":{"rendered":"Lepsza Grodzka ni\u017c Paw\u0142owicz"},"content":{"rendered":"<p>Czy kandydatura Anny Grodzkiej na wicemarsza\u0142ka Sejmu jest prowokacyjna? Jest, poniewa\u017c \u0142amie tabu mocno osadzone w naszym sposobie my\u015blenia: kobieta, m\u0119\u017cczyzna ma\u0142\u017ce\u0144stwo heteroseksualne, dzieci, wnuki, rodzina. W tym modelu nie by\u0142o miejsca dla mniejszo\u015bci seksualnych, kt\u00f3re wzgardzone i szykanowane cierpia\u0142y po k\u0105tach, nawet je\u017celi by\u0142y to osoby tak uznane jak Jaros\u0142aw Iwaszkiewicz czy Zygmunt Mycielski. Mniejszo\u015bci seksualne jednak istniej\u0105 i po stuleciach dyskryminacji zyskuj\u0105 nale\u017cne im prawa cz\u0142owieka, w tym zwi\u0105zki partnerskie (kt\u00f3re dotycz\u0105 zreszt\u0105 przede wszystkim os\u00f3b hetero), bierne prawo wyborcze, a tym samym prawo sprawowania dowolnych stanowisk publicznych, wykonywania zawodu przedszkolanki, nauczyciela etc.<!--more--><\/p>\n<p>Pos\u0142anka Anna Grodzka, mia\u0142a problemy z w\u0142asn\u0105 to\u017csamo\u015bci\u0105 p\u0142ciow\u0105, co w\u00a0 niczym jej\u00a0 nie dyskredytuje (a nawet budzi szacunek za spos\u00f3b, w jaki o tym m\u00f3wi), jest tak\u0105 sama pos\u0142ank\u0105 jak ponad 460 pozosta\u0142ych. Pracuje, dzia\u0142a, zabiera g\u0142os, zg\u0142asza interpelacje, wyr\u00f3\u017cnia si\u0119 korzystnie na tle tych, kt\u00f3rzy \u2013 jak pos\u0142anka Paw\u0142owicz \u2013 por\u00f3wnuj\u0105 ja do konia, m\u00f3wi\u0105 per \u201ena\u017car\u0142a si\u0119 hormon\u00f3w\u201d, zachowuj\u0105 si\u0119 w spos\u00f3b niegodny. Mam tak\u017ce na my\u015bli tych pos\u0142\u00f3w (zapewne prawicy), kt\u00f3rzy podczas wyst\u0105pienia pos\u0142a Biedronia krzyczeli \u201ebuzi! Buzi!\u201d. To zwyczajne chamstwo i \u015bwiadectwo g\u0142\u0119bokich uprzedze\u0144.<\/p>\n<p>Zgadzam si\u0119 z tymi, kt\u00f3rzy \u2013 jak Jaros\u0142aw Guga\u0142a w Radiu TOK FM \u2013 uwa\u017caj\u0105, \u017ce w d\u0142u\u017cszym okresie zwi\u0105zki partnerskie w Polsce zostan\u0105 zalegalizowane, tylko to mus potrwa\u0107, podobnie jak prawa wyborcze dla kobiet i rozwody. Podobnie wygl\u0105da\u0142a walka z niewolnictwem, na pocz\u0105tku za jego likwidacj\u0105 byli nieliczni, a kobieta, kt\u00f3ra usiad\u0142a w przedniej cz\u0119\u015bci autobusu (zarezerwowanej dla bia\u0142ych) przesz\u0142a do historii. W tej walce o zmian\u0119 legislacji w stosunku do zmiany norm i obyczaj\u00f3w, pani profesor Paw\u0142owicz broni sprawy przegranej. Podobnie jak pose\u0142 Niesio\u0142owski, ja\u00a0 te\u017c bym chcia\u0142, \u017ceby wszyscy byli szcz\u0119\u015bliwi w zwi\u0105zkach hetero, \u017ceby nie by\u0142o rozwod\u00f3w, \u017ceby, \u017ceby,\u00a0 \u017ceby, ale skoro tak nie jest, to trzeba uzna\u0107 ludzkie prawo do odmienno\u015bci, pozwoli\u0107 szuka\u0107 szcz\u0119\u015bcia i rado\u015bci na sw\u00f3j spos\u00f3b (je\u015bli nie godzi to w nikogo innego).<\/p>\n<p>Tak, kandydatura Anny Grodzkiej jest prowokacj\u0105, zapewne inna kandydatura Ruchu Palikota na stanowisko wicemarsza\u0142ka zyska\u0142aby wi\u0119cej g\u0142os\u00f3w, ba, ju\u017c samo wycofanie poparcia dla Wandy Nowickiej, by\u0142o zagraniem politycznym. Ale dzie\u0144, w kt\u00f3rym Anna Grodzka b\u0119dzie kandydowa\u0142a na stanowisko wicemarsza\u0142ka, b\u0119dzie wa\u017cna dat\u0105 w kalendarzu praw obywatelskich i r\u00f3wnouprawnienia. Bez wzgl\u0119du na wynik g\u0142osowania, kt\u00f3re oby mia\u0142o przebieg kulturalny.<\/p>\n<p>ZAPROSZENIE<\/p>\n<p>Czy warto wydawa\u0107 miliony na medale olimpijskie? Sk\u0105d bra\u0107 i jak wydawa\u0107 pieni\u0105dze na sport? Zapraszam do dyskusji, w kt\u00f3rej udzia\u0142 wezm\u0105 m.in. Robert Korzeniowski \u2013 jeden z najwybitniejszych polskich sportowc\u00f3w, oraz Marcin Pi\u0105tek \u2013 dziennikarz sportowy \u201ePolityki\u201d. Radio TOK FM, wtorek, 5 lutego, tu\u017c po godz. 20.00. Zapraszam!<\/p>\n","protected":false},"excerpt":{"rendered":"<p>Czy kandydatura Anny Grodzkiej na wicemarsza\u0142ka Sejmu jest prowokacyjna? Jest, poniewa\u017c \u0142amie tabu mocno osadzone w naszym sposobie my\u015blenia: kobieta, m\u0119\u017cczyzna ma\u0142\u017ce\u0144stwo heteroseksualne, dzieci, wnuki, rodzina. W tym modelu nie by\u0142o miejsca dla mniejszo\u015bci seksualnych, kt\u00f3re wzgardzone i szykanowane cierpia\u0142y po k\u0105tach, nawet je\u017celi by\u0142y to osoby tak uznane jak Jaros\u0142aw Iwaszkiewicz czy Zygmunt Mycielski. [&hellip;]<\/p>\n","protected":false},"author":4,"featured_media":0,"comment_status":"open","ping_status":"closed","sticky":false,"template":"","format":"standard","meta":{"footnotes":""},"categories":[1],"tags":[],"_links":{"self":[{"href":"https:\/\/blog.polityka.pl\/passent\/wp-json\/wp\/v2\/posts\/1763"}],"collection":[{"href":"https:\/\/blog.polityka.pl\/passent\/wp-json\/wp\/v2\/posts"}],"about":[{"href":"https:\/\/blog.polityka.pl\/passent\/wp-json\/wp\/v2\/types\/post"}],"author":[{"embeddable":true,"href":"https:\/\/blog.polityka.pl\/passent\/wp-json\/wp\/v2\/users\/4"}],"replies":[{"embeddable":true,"href":"https:\/\/blog.polityka.pl\/passent\/wp-json\/wp\/v2\/comments?post=1763"}],"version-history":[{"count":2,"href":"https:\/\/blog.polityka.pl\/passent\/wp-json\/wp\/v2\/posts\/1763\/revisions"}],"predecessor-version":[{"id":1765,"href":"https:\/\/blog.polityka.pl\/passent\/wp-json\/wp\/v2\/posts\/1763\/revisions\/1765"}],"wp:attachment":[{"href":"https:\/\/blog.polityka.pl\/passent\/wp-json\/wp\/v2\/media?parent=1763"}],"wp:term":[{"taxonomy":"category","embeddable":true,"href":"https:\/\/blog.polityka.pl\/passent\/wp-json\/wp\/v2\/categories?post=1763"},{"taxonomy":"post_tag","embeddable":true,"href":"https:\/\/blog.polityka.pl\/passent\/wp-json\/wp\/v2\/tags?post=1763"}],"curies":[{"name":"wp","href":"https:\/\/api.w.org\/{rel}","templated":true}]}}