
{"id":1771,"date":"2013-02-10T11:27:53","date_gmt":"2013-02-10T10:27:53","guid":{"rendered":"http:\/\/passent.blog.polityka.pl\/?p=1771"},"modified":"2013-02-10T22:52:47","modified_gmt":"2013-02-10T21:52:47","slug":"a-jednak-sie-obraca%e2%80%a6","status":"publish","type":"post","link":"https:\/\/blog.polityka.pl\/passent\/2013\/02\/10\/a-jednak-sie-obraca%e2%80%a6\/","title":{"rendered":"A jednak si\u0119 obraca\u2026"},"content":{"rendered":"<p>Po okresie jesiennego u\u015bpienia polityka polska nabra\u0142a dynamiki. Na czo\u0142o wydarze\u0144 wysun\u0119\u0142a si\u0119 perspektywa bud\u017cetowa Unii do 2020 roku. Po pierwsze \u2013 jak by nie m\u00f3wi\u0107, jest to sukces Polski. Mog\u0142o by\u0107 znacznie gorzej. Oczywi\u015bcie, s\u0105 i zastrze\u017cenia, zw\u0142aszcza zmniejszenie dop\u0142at na rozw\u00f3j\u00a0 rolnictwa, a tak\u017ce niejasne jeszcze stanowisko Parlamentu Europejskiego, kt\u00f3ry musi bud\u017cet zatwierdzi\u0107, ale du\u017ce zmiany w uzgodnionej \u201eperspektywie\u201d s\u0105 ma\u0142o prawdopodobne.<!--more--><\/p>\n<p>Po drugie \u2013 uderzaj\u0105ce, jak polska opinia i media s\u0105 skupione na tym, ile Polsce uda\u0142a si\u0119 wyrwa\u0107 z unijnego targowiska, ma\u0142o kto my\u015bli o tym, czy ta perspektywa jest dobra dla Unii, czy zjednoczona Europa b\u0119dzie w stanie stawi\u0107 czo\u0142a Ameryce i Azji.<\/p>\n<p>Po trzecie \u2013 sukces Tuska by\u0142 ju\u017c bardzo potrzebny Platformie, kt\u00f3ra prze\u017cywa za\u0142amanie w sonda\u017cach, PiS depcze jej po pi\u0119tach, a czasami nawet wyprzedza. Epoka supremacji PO min\u0119\u0142a. Tuskowi przyda\u0142by si\u0119 taki sukces jak w Brukseli, ale u siebie w partii. Rokosz Gowina, utrata oblicza partii liberalnej w sprawach obyczajowych, drogo Platform\u0119 kosztuj\u0105. Premier, kt\u00f3ry nie jest w stanie m\u00f3wi\u0107 w imieniu swojej partii, ma do czynienia z jawn\u0105 rebeli\u0105, nie budzi entuzjazmu. A tolerowa\u0107 musi, gdy\u017c roz\u0142am i odci\u0119cie gowinowc\u00f3w oznacza\u0142oby utrat\u0119 w\u0142adzy przez obecn\u0105 koalicj\u0119 i ewentualny \u201esojusz z sojuszem\u201d.<\/p>\n<p>Ruch Palikota sam wykluczy\u0142 si\u0119 z gry, przynajmniej na pewien czas, zanim nie dogada si\u0119 sam ze sob\u0105 i zaleczy rany. Roz\u0142am niewykluczony. Manewr Palikota, \u017ceby odwo\u0142a\u0107 (ew. wymusi\u0107 rezygnacj\u0119) Wandy Nowickiej, a na jej miejsce do prezydium Sejmu wprowadzi\u0107 Ann\u0119 Grodzk\u0105 \u2013 nie powi\u00f3d\u0142 si\u0119. Wanda Nowicka co prawda zobowi\u0105za\u0142a si\u0119 ust\u0105pi\u0107 ze stanowiska,\u00a0 je\u015bli Sejm jej nie odwo\u0142a, ale zmieni\u0142a zdanie, \u201eupodmiotowi\u0142a si\u0119\u201d i zepsu\u0142a Palikotowi jego plan, kt\u00f3ry przewidywa\u0142, \u017ce wysuni\u0119cie kandydatury Anny Grodzkiej umocni jego wizerunek jako polityka liberalnego i pogn\u0119bi Platform\u0119, kt\u00f3ra zn\u00f3w by\u0142aby podzielona. Teraz jednak Palikot znalaz\u0142 si\u0119 w trudnej sytuacji, \u015bwiadcz\u0105 o tym przerwane i od\u0142o\u017cone obrady jego klubu poselskiego. Usun\u0105\u0107 Nowick\u0105 z klubu \u2013 \u017ale, zostawi\u0107 \u2013 to by\u0107 upokorzonym. Tak \u017ale i tak niedobrze.<\/p>\n<p>Na poniedzia\u0142ek PiS zapowiada wreszcie z\u0142o\u017cenie wniosku o konstruktywne votum nieufno\u015bci wobec rz\u0105du, potem wyst\u0105pienie programowe prezesa Kaczy\u0144skiego, a wszystko to w obecno\u015bci \u201etechnicznego premiera\u201d, prof. Gli\u0144skiego. Rezultat mo\u017cna przewidzie\u0107 \u2013 prezes skrytykuje, Sejm wniosek odrzuci, PiS ze swoj\u0105 propozycj\u0105 trafi\u0142 na z\u0142y moment, bo Tusk i jego rz\u0105d b\u0119d\u0105 jeszcze w aureoli zwyci\u0119zc\u00f3w z Brukseli. Aureola jednak szybko opadnie, PiS przy pomocy prof. Gli\u0144skiego ju\u017c si\u0119 o to postara \u2013 jak przysta\u0142o na opozycj\u0119. Okres marazmu min\u0105\u0142, przed Tuskiem powa\u017cne problemy (bezrobocie, gospodarka, sytuacja w Platformie), a Kaczy\u0144ski z Gli\u0144skim mog\u0105 ruszy\u0107 w tany.<\/p>\n<p>PS\u00a0 ZAPROSZENIE<\/p>\n<p>Lustracja ojc\u00f3w i dziadk\u00f3w? Profesor Karol MODZLEWSKI \u2013 wybitny historyk, dzia\u0142acz opozycji, jeden z najwi\u0119kszych autorytet\u00f3w, b\u0119dzie go\u015bciem programu w Radiu TOK FM, wtorek, 12 bm., po godz. 20.00. Zapraszam!<\/p>\n","protected":false},"excerpt":{"rendered":"<p>Po okresie jesiennego u\u015bpienia polityka polska nabra\u0142a dynamiki. Na czo\u0142o wydarze\u0144 wysun\u0119\u0142a si\u0119 perspektywa bud\u017cetowa Unii do 2020 roku. Po pierwsze \u2013 jak by nie m\u00f3wi\u0107, jest to sukces Polski. Mog\u0142o by\u0107 znacznie gorzej. Oczywi\u015bcie, s\u0105 i zastrze\u017cenia, zw\u0142aszcza zmniejszenie dop\u0142at na rozw\u00f3j\u00a0 rolnictwa, a tak\u017ce niejasne jeszcze stanowisko Parlamentu Europejskiego, kt\u00f3ry musi bud\u017cet zatwierdzi\u0107, [&hellip;]<\/p>\n","protected":false},"author":4,"featured_media":0,"comment_status":"open","ping_status":"closed","sticky":false,"template":"","format":"standard","meta":{"footnotes":""},"categories":[1],"tags":[],"_links":{"self":[{"href":"https:\/\/blog.polityka.pl\/passent\/wp-json\/wp\/v2\/posts\/1771"}],"collection":[{"href":"https:\/\/blog.polityka.pl\/passent\/wp-json\/wp\/v2\/posts"}],"about":[{"href":"https:\/\/blog.polityka.pl\/passent\/wp-json\/wp\/v2\/types\/post"}],"author":[{"embeddable":true,"href":"https:\/\/blog.polityka.pl\/passent\/wp-json\/wp\/v2\/users\/4"}],"replies":[{"embeddable":true,"href":"https:\/\/blog.polityka.pl\/passent\/wp-json\/wp\/v2\/comments?post=1771"}],"version-history":[{"count":3,"href":"https:\/\/blog.polityka.pl\/passent\/wp-json\/wp\/v2\/posts\/1771\/revisions"}],"predecessor-version":[{"id":1774,"href":"https:\/\/blog.polityka.pl\/passent\/wp-json\/wp\/v2\/posts\/1771\/revisions\/1774"}],"wp:attachment":[{"href":"https:\/\/blog.polityka.pl\/passent\/wp-json\/wp\/v2\/media?parent=1771"}],"wp:term":[{"taxonomy":"category","embeddable":true,"href":"https:\/\/blog.polityka.pl\/passent\/wp-json\/wp\/v2\/categories?post=1771"},{"taxonomy":"post_tag","embeddable":true,"href":"https:\/\/blog.polityka.pl\/passent\/wp-json\/wp\/v2\/tags?post=1771"}],"curies":[{"name":"wp","href":"https:\/\/api.w.org\/{rel}","templated":true}]}}