
{"id":1776,"date":"2013-02-14T18:06:04","date_gmt":"2013-02-14T17:06:04","guid":{"rendered":"http:\/\/passent.blog.polityka.pl\/?p=1776"},"modified":"2013-02-15T17:38:05","modified_gmt":"2013-02-15T16:38:05","slug":"kto-zbierze-zniwo","status":"publish","type":"post","link":"https:\/\/blog.polityka.pl\/passent\/2013\/02\/14\/kto-zbierze-zniwo\/","title":{"rendered":"Kto zbierze \u017cniwo?"},"content":{"rendered":"<p>Dzisiejsza \u201eWyborcza\u201d przynosi alarmuj\u0105ce wiadomo\u015bci o zwolnieniach i rosn\u0105cym bezrobociu. Tychy, Telekomunikacja Polska, PZU, banki (nie m\u00f3wi\u0105c o\u00a0 \u015bwiecie medi\u00f3w) \u2013 wszyscy tn\u0105. Bezrobocie lada dzie\u0144 przekroczy 15 proc. i na tym nie koniec. Zielona wyspa wi\u0119dnie.<!--more--><\/p>\n<p>Zgodnie z logik\u0105 medi\u00f3w, inne sprawy budz\u0105 wi\u0119ksze zainteresowanie, mam przede wszystkim na my\u015bli abdykacj\u0119 w Watykanie i odmow\u0119 abdykacji ze strony wicemarsza\u0142ek Wandy Nowickiej.\u00a0 Nie mam pretensji do medi\u00f3w, \u017ce tak po\u015bwi\u0119caj\u0105 tak wiele uwagi abdykacji Benedykta XVI. Je\u017celi co\u015b zdarza si\u0119 raz na 700 lat i dopiero po\u00a0 raz drugi\u00a0 w historii, to trudno dziwi\u0107 si\u0119 mediom, \u017ce \u201eobs\u0142uguj\u0105 ten temat\u201d. Ja sam jestem od Watykanu bardzo odleg\u0142y, dos\u0142ownie i w przeno\u015bni, o lata \u015bwietlne, ale rezygnacja papie\u017ca wzbudza m\u00f3j szacunek. Moj\u0105 pierwsz\u0105 my\u015bl\u0105 by\u0142o, \u017ce BXVI tyle musia\u0142 znie\u015b\u0107 patrz\u0105c na odchodzenie swojego poprzednika, \u017ce chyba wtedy wyrobi\u0142 sobie pogl\u0105d, kt\u00f3ry wprowadza teraz w \u017cycie. \u201eNie schodzi si\u0119 z krzy\u017ca\u201d \u2013 mia\u0142 powiedzie\u0107 w sensie krytycznym kardyna\u0142 Dziwisz. Ja to widz\u0119 odwrotnie \u2013 \u201eschodz\u0105c z krzy\u017ca\u201d papie\u017c wykona\u0142 akt pokory i nie chce, by Ko\u015bci\u00f3\u0142 d\u017awiga\u0142 na krzy\u017cu cz\u0142owieka coraz bardziej s\u0119dziwego i niedo\u0142\u0119\u017cnego. Decyzja BXVI przyczyni si\u0119 do wi\u0119kszej odpowiedzialno\u015bci za Ko\u015bci\u00f3\u0142, kt\u00f3rej cz\u0142owiek stary i s\u0142aby nie jest w stanie ud\u017awign\u0105\u0107. Teoretycznie jest g\u0142ow\u0105 Ko\u015bcio\u0142a, a faktycznie g\u0142ow\u0105 kr\u0119ci szyja. Teraz ciekawe, kto zbierze \u017cniwo tej decyzji, czy nast\u0119pny papie\u017c postara si\u0119 przybli\u017cy\u0107 Ko\u015bci\u00f3\u0142 do coraz szybciej zmieniaj\u0105cych si\u0119 reali\u00f3w, czy te\u017c b\u0119dzie utrwala\u0142 status quo, wierz\u0105c, \u017ce instytucja, kt\u00f3ra ma 2 000 lat nie powinna si\u0119 spieszy\u0107.<br \/>\nWracam do \u201ezielonej wyspy\u201d. Kl\u0119ska bezrobocia dotyka nas coraz bardziej. Zgodnie z zapowiedziami, zacz\u0105\u0142 si\u0119 fatalny rok. \u201eDyskurs publiczny\u201d skupia si\u0119 na sprawach w gruncie rzeczy drugorz\u0119dnych, jak cho\u0107by odmowy rezygnacji Wandy Nowickiej, tymczasem stoimy wobec bardzo ci\u0119\u017ckiej, czasami beznadziejnej sytuacji setek tysi\u0119cy ludzi. Cz\u0119\u015b\u0107 miejsc pracy jest stracona bezpowrotnie. Czy i kiedy zaczn\u0105 powstawa\u0107 nowe \u2013 nie wiadomo. Nawet, je\u017celi powstan\u0105 (co jest wysoce prawdopodobne, bo cykl koniunkturalny ma kszta\u0142t sinusoidy), to niekoniecznie dok\u0142adnie tam, gdzie by\u0142y wym\u00f3wienia i bankructwa.<\/p>\n<p>Jakie to b\u0119dzie mia\u0142o skutki polityczne?\u00a0 Zapewne spadnie poparcie dla rz\u0105du i dla koalicji rz\u0105dz\u0105cej, i tak ju\u017c niskie, ale jaki b\u0119dzie przebieg wydarze\u0144? Czy ludzie wyjd\u0105 na ulice? Tomasz Sakiewicz (Gazeta Polska) ju\u017c wzywa do obalenia rz\u0105du w kolejn\u0105 rocznic\u0119 \u201ezamachu\u201d. Czy czeka nas ruch oburzonych w Polsce? I kto z bierze \u017cniwo? W Hiszpanii na przyk\u0142ad, po ogromnych protestach i wielotysi\u0119cznych manifestacjach, lewica przegra\u0142a wybory, wygrali konserwaty\u015bci z Partii Ludowej, kt\u00f3rzy tn\u0105, reformuj\u0105, a przy okazji okazali si\u0119 skorumpowani. Ale w Hiszpanii jest przynajmniej wyb\u00f3r.<\/p>\n<p>U nas natomiast lewicy, w sensie klasowym, ekonomicznym \u2013 nie ma. Lewica zaj\u0119ta jest r\u00f3wnouprawnieniem, mniejszo\u015bciami, ale nie takimi drobiazgami jak bezrobocie, spadek dochod\u00f3w, rosn\u0105ce r\u00f3\u017cnice dochod\u00f3w. Takiej lewicy w Polsce nie ma. W pewnym sensie lewicy w Europie og\u00f3le nie ma, bo \u017ceby by\u0107 zwolennikiem zwi\u0105zk\u00f3w partnerskich mo\u017cna by\u0107 libera\u0142em, a nawet konserwatyst\u0105 (patrz W. Brytania). Spadek po lewicy, czyli g\u0142osy\u00a0 odrzuconych, niezadowolonych, stara si\u0119 zdoby\u0107 prawica, czyli u nas PIS. \u0141\u0105czy ona has\u0142a narodowo &#8211; patriotyczne z has\u0142ami opieku\u0144czo-socjalistycznymi. Im g\u0142\u0119bszy b\u0119dzie kryzys, tym g\u0142o\u015bniejsza b\u0119dzie retoryka socjalna PiS. Dotychczas prawica wyprowadza\u0142a ludzi na ulice pod has\u0142ami narodowymi \u2013 rocznice powsta\u0144, miesi\u0119cznice i rocznice \u201ezamachu\u201d. Teraz nale\u017cy si\u0119 spodziewa\u0107 kombinacji retoryki narodowej i socjalnej. PiS ma zapewniony elektorat ludzi, kt\u00f3rym ukradziono ojczyzn\u0119, teraz b\u0119dzie zabiega\u0142 o rosn\u0105cy elektorat tych, kt\u00f3rym ukradziono prac\u0119.<\/p>\n<p>Czy demokracja to wytrzyma? Podczas dyskusji w Radiu TOK FM, prof. Karol Modzelewski zwr\u00f3ci\u0142 uwag\u0105, \u017ce globalizacja ekonomiczna\u00a0 nie zna granic, natomiast demokracja jest zjawiskiem narodowym, ogranicza si\u0119 do jednego pa\u0144stwa.\u00a0 Nie ma demokracji ponad-narodowej. Kryzys ma zasi\u0119g co najmniej europejski, demokracja w ka\u017cdym kraju ograniczona jest do jego granic. Kwadratura ko\u0142a. Uwi\u0105d lewicy w Europie, w tym na pewno w Polsce, jej brak odpowiedzi na kryzys, mo\u017ce zaowocowa\u0107 rz\u0105dami prawicy i populist\u00f3w. W ka\u017cdym razie pytanie kto\u00a0 zbierze \u017cniwo jest na porz\u0105dku dnia.<\/p>\n<p>PS. Mastodont (14 lutego godz. 15:44) \u2013 dzi\u0119kuj\u0119 za zach\u0119t\u0119 do roboty. Obiecuj\u0119 popraw\u0119!<\/p>\n","protected":false},"excerpt":{"rendered":"<p>Dzisiejsza \u201eWyborcza\u201d przynosi alarmuj\u0105ce wiadomo\u015bci o zwolnieniach i rosn\u0105cym bezrobociu. Tychy, Telekomunikacja Polska, PZU, banki (nie m\u00f3wi\u0105c o\u00a0 \u015bwiecie medi\u00f3w) \u2013 wszyscy tn\u0105. Bezrobocie lada dzie\u0144 przekroczy 15 proc. i na tym nie koniec. Zielona wyspa wi\u0119dnie.<\/p>\n","protected":false},"author":4,"featured_media":0,"comment_status":"open","ping_status":"closed","sticky":false,"template":"","format":"standard","meta":{"footnotes":""},"categories":[1],"tags":[],"_links":{"self":[{"href":"https:\/\/blog.polityka.pl\/passent\/wp-json\/wp\/v2\/posts\/1776"}],"collection":[{"href":"https:\/\/blog.polityka.pl\/passent\/wp-json\/wp\/v2\/posts"}],"about":[{"href":"https:\/\/blog.polityka.pl\/passent\/wp-json\/wp\/v2\/types\/post"}],"author":[{"embeddable":true,"href":"https:\/\/blog.polityka.pl\/passent\/wp-json\/wp\/v2\/users\/4"}],"replies":[{"embeddable":true,"href":"https:\/\/blog.polityka.pl\/passent\/wp-json\/wp\/v2\/comments?post=1776"}],"version-history":[{"count":3,"href":"https:\/\/blog.polityka.pl\/passent\/wp-json\/wp\/v2\/posts\/1776\/revisions"}],"predecessor-version":[{"id":1780,"href":"https:\/\/blog.polityka.pl\/passent\/wp-json\/wp\/v2\/posts\/1776\/revisions\/1780"}],"wp:attachment":[{"href":"https:\/\/blog.polityka.pl\/passent\/wp-json\/wp\/v2\/media?parent=1776"}],"wp:term":[{"taxonomy":"category","embeddable":true,"href":"https:\/\/blog.polityka.pl\/passent\/wp-json\/wp\/v2\/categories?post=1776"},{"taxonomy":"post_tag","embeddable":true,"href":"https:\/\/blog.polityka.pl\/passent\/wp-json\/wp\/v2\/tags?post=1776"}],"curies":[{"name":"wp","href":"https:\/\/api.w.org\/{rel}","templated":true}]}}