
{"id":1787,"date":"2013-02-28T18:55:58","date_gmt":"2013-02-28T17:55:58","guid":{"rendered":"http:\/\/passent.blog.polityka.pl\/?p=1787"},"modified":"2013-03-04T14:05:12","modified_gmt":"2013-03-04T13:05:12","slug":"osilki-gora","status":"publish","type":"post","link":"https:\/\/blog.polityka.pl\/passent\/2013\/02\/28\/osilki-gora\/","title":{"rendered":"Osi\u0142ki g\u00f3r\u0105!"},"content":{"rendered":"<p>\u201eLudzie, b\u0105d\u017acie czujni!\u201d Gor\u0105co popieram stanowisko J\u00f3zefa Piniora w sprawie dzia\u0142alno\u015bci osi\u0142k\u00f3w z Narodowego Odrodzenia Polski, kt\u00f3rzy m.in. uniemo\u017cliwili okaz s\u0142owackiego filmu dokumentalnego o ruchach nacjonalistycznych w Europie. \u201ePrzeniesienie pokazu filmu Rafy to skandal i tch\u00f3rzostwo \u2013 powiedzia\u0142 senator Pinior. &#8211; Dzi\u015b, gdy w ca\u0142ym kraju obserwujemy nasilenie dzia\u0142a\u0144 skrajnej prawicy, gdy zaczyna ona zak\u0142\u00f3ca\u0107 wyk\u0142ady akademickie, co nie zdarza\u0142o si\u0119 nawet boj\u00f3wkom moczarowskim, nie mo\u017cemy si\u0119 cofa\u0107 ani o krok. Spo\u0142ecze\u0144stwo obywatelskie musi pokaza\u0107, \u017ce si\u0119\u00a0 nie boi\u2026 (Nie rozumiem) dlaczego Wroc\u0142aw ugina si\u0119 pod presj\u0105 paru zakapturzonych chuligan\u00f3w. Je\u015bli prawicy uda\u0142o si\u0119 zastraszy\u0107 elity, to jak maj\u0105 protestowa\u0107 zwykli obywatele\u201d \u2013 powiedzia\u0142 Pinior.<!--more--><\/p>\n<p>Aktywno\u015b\u0107 prawicowych boj\u00f3wek wzrasta niepokoj\u0105co. Na Uniwersytecie Warszawskim usi\u0142owali zak\u0142\u00f3ci\u0107 wyk\u0142ad prof. Magdaleny \u015arody. W Radomiu zak\u0142\u00f3cili spotkanie z Adamem Michnikiem (niczym \u201eaktyw robotniczy\u201d w 1968 roku i p\u00f3\u017aniej, kiedy wtargn\u0105\u0142 na wyk\u0142ad w mieszkaniu Jacka Kuronia), postawili od znakiem zapytania spotkanie z Iren\u0105 Grudzi\u0144sk\u0105-Gross we Wroc\u0142awiu. Has\u0142a \u201eraz sierpem raz m\u0142otem czerwon\u0105 ho\u0142ot\u0119\u201d i \u201eprecz z komun\u0105!\u201d rozbrzmiewaj\u0105 z pod kaptur\u00f3w na stadionach i w demonstracjach \u201epatriotycznych\u201d.<\/p>\n<p>J\u00f3zef Pinior ma racj\u0119, apeluj\u0105c \u201enie l\u0119kajcie si\u0119!\u201d, ale w praktyce nie mo\u017cna wymaga\u0107 od zwyczajnych ludzi, \u017ceby si\u0119 bili z brunatnymi osi\u0142kami. Lewica jest zbyt s\u0142aba i sk\u0142\u00f3cona, \u017ceby by\u0142a w stanie wyj\u015b\u0107 na ulic\u0119, stan\u0105\u0107 na przeciwko prawicowych osi\u0142k\u00f3w i powiedzie\u0107 \u201estop!\u201d. Trudno tak\u017ce oczekiwa\u0107, \u017ce spotkania w ksi\u0119garniach i na uczelniach odbywa\u0107 si\u0119 b\u0119d\u0105 pod okiem ochrony i policji.<\/p>\n<p>Spo\u015br\u00f3d wszystkiego, co si\u0119 dzi\u015b w Polsce dzieje, to jest zjawisko najbardziej niepokoj\u0105ce i z\u0142owrogie. Dziej\u0105 si\u0119, oczywi\u015bcie, rzeczy wa\u017cne, trwa pojedynek o oblicze Platformy, toczy si\u0119 walka o panowanie na lewicy, padaj\u0105 ci\u0105gle te same nazwiska \u2013 Tusk, Gowin, Kwa\u015bniewski, Palikot, Miller i inni, ale to wszystko toczy si\u0119 wedle regu\u0142 cywilizowanej polityki. Kto \u2013 kogo, Tusk \u2013 Gowina, Palikot \u2013 Millera, to wszystko jest ekscytuj\u0105ce, ale nie gro\u017ane.<\/p>\n<p>Natomiast\u00a0 boj\u00f3wki \u2013 to jest groza. Zak\u0142\u00f3canie wyk\u0142ad\u00f3w i dyskusji to tylko pocz\u0105tek. Dobrze by by\u0142o, gdyby w tej sprawie zabrzmia\u0142o kategoryczne \u201estop!\u201d. Niestety, w \u201eRzepie\u201d (23.II)przeczyta\u0142em felieton Filipa Memchesa \u201eJak obudzi\u0107 \u015arod\u0119\u201d, o tym, \u017ce ca\u0142e to zaj\u015bcie podczas wyk\u0142adu prof. \u015arody, to by\u0142 niewinny happening i \u201ekojarzenie tego z przemoc\u0105 polityczn\u0105 rodem z lat 30. ubieg\u0142ego wieku to po prostu demagogia\u201d. Je\u015bli tak, to przy\u0142\u0105czam si\u0119 do tej demagogii. Nie wie, co jeszcze musi si\u0119 wydarzy\u0107, czy musi zosta\u0107 st\u0142uczona szyba, wybity z\u0105b, z\u0142amana r\u0119ka, \u017ceby pan Memches si\u0119 zaniepokoi\u0142.<\/p>\n","protected":false},"excerpt":{"rendered":"<p>\u201eLudzie, b\u0105d\u017acie czujni!\u201d Gor\u0105co popieram stanowisko J\u00f3zefa Piniora w sprawie dzia\u0142alno\u015bci osi\u0142k\u00f3w z Narodowego Odrodzenia Polski, kt\u00f3rzy m.in. uniemo\u017cliwili okaz s\u0142owackiego filmu dokumentalnego o ruchach nacjonalistycznych w Europie. \u201ePrzeniesienie pokazu filmu Rafy to skandal i tch\u00f3rzostwo \u2013 powiedzia\u0142 senator Pinior. &#8211; Dzi\u015b, gdy w ca\u0142ym kraju obserwujemy nasilenie dzia\u0142a\u0144 skrajnej prawicy, gdy zaczyna ona zak\u0142\u00f3ca\u0107 [&hellip;]<\/p>\n","protected":false},"author":4,"featured_media":0,"comment_status":"open","ping_status":"closed","sticky":false,"template":"","format":"standard","meta":{"footnotes":""},"categories":[1],"tags":[],"_links":{"self":[{"href":"https:\/\/blog.polityka.pl\/passent\/wp-json\/wp\/v2\/posts\/1787"}],"collection":[{"href":"https:\/\/blog.polityka.pl\/passent\/wp-json\/wp\/v2\/posts"}],"about":[{"href":"https:\/\/blog.polityka.pl\/passent\/wp-json\/wp\/v2\/types\/post"}],"author":[{"embeddable":true,"href":"https:\/\/blog.polityka.pl\/passent\/wp-json\/wp\/v2\/users\/4"}],"replies":[{"embeddable":true,"href":"https:\/\/blog.polityka.pl\/passent\/wp-json\/wp\/v2\/comments?post=1787"}],"version-history":[{"count":4,"href":"https:\/\/blog.polityka.pl\/passent\/wp-json\/wp\/v2\/posts\/1787\/revisions"}],"predecessor-version":[{"id":1797,"href":"https:\/\/blog.polityka.pl\/passent\/wp-json\/wp\/v2\/posts\/1787\/revisions\/1797"}],"wp:attachment":[{"href":"https:\/\/blog.polityka.pl\/passent\/wp-json\/wp\/v2\/media?parent=1787"}],"wp:term":[{"taxonomy":"category","embeddable":true,"href":"https:\/\/blog.polityka.pl\/passent\/wp-json\/wp\/v2\/categories?post=1787"},{"taxonomy":"post_tag","embeddable":true,"href":"https:\/\/blog.polityka.pl\/passent\/wp-json\/wp\/v2\/tags?post=1787"}],"curies":[{"name":"wp","href":"https:\/\/api.w.org\/{rel}","templated":true}]}}