
{"id":179,"date":"2006-12-06T09:42:01","date_gmt":"2006-12-06T08:42:01","guid":{"rendered":"http:\/\/passent.blog.polityka.pl\/?p=179"},"modified":"2006-12-06T11:49:24","modified_gmt":"2006-12-06T10:49:24","slug":"figury-i-pionki","status":"publish","type":"post","link":"https:\/\/blog.polityka.pl\/passent\/2006\/12\/06\/figury-i-pionki\/","title":{"rendered":"Figury i pionki"},"content":{"rendered":"<p>Nasza scena polityczna przypomina scen\u0119 kabaretow\u0105. Wczorajszy kandydat na premiera, Jan Maria Rokita, jest zaproszony na&#8230; presti\u017cowe stanowisko marsza\u0142ka Wojew\u00f3dztwa Zachodniopomorskiego. Wczorajszy premier i p.o. prezydenta Warszawy, Marcinkiewicz, jest przewidywany na stanowisko, kt\u00f3re jest zaj\u0119te. Wicepremier Lepper jest przewidywany do zwolnienia z powodu afery rozporkowej. Minister Edukacji i wicepremier Giertych jest ci\u0119\u017cko ranny z powodu opuszczenia jego partii przez wyborc\u00f3w oraz z powodu eksces\u00f3w z udzia\u0142em M\u0142odzie\u017cy Wszechpolskiej, kt\u00f3rej jest patronem.<\/p>\n<p>Skojarzenia kabaretowe s\u0105 ca\u0142kiem na miejscu, poniewa\u017c w latach 70. napisa\u0142em do kabaretu &#8222;Pod Egid\u0105&#8221; skecz pt. &#8222;Szachy&#8221;, wykonywany brawurowo przez Jana Pietrzaka i Piotra Fronczewskiego. Dwaj szachi\u015bci rozgrywali parti\u0119 pomi\u0119dzy dwoma klubami, Legi\u0105 i Makabi (przedwojenny klub sportowc\u00f3w \u017cydowskich), co by\u0142o aluzj\u0105 do walk frakcyjnych w PZPR (walki te by\u0142y znacznie wcze\u015bniej opisane w paryskiej &#8222;Kulturze&#8221;, w artykule &#8222;Chamy i \u017bydy&#8221; pi\u00f3ra p. Jedlickiego). &#8222;Pod Egid\u0105&#8221; szachi\u015bci przesuwali na szachownicy swoje pionki i figury, &#8222;Maliniaka na rolnictwo, Kucharskiego na komunikacj\u0119, Kowalskiego na marsza\u0142ka Sejmu, a jak wy Grochowskiego na Szczecin, to my Ciasnego na Wroc\u0142aw&#8221; itd. Obecnie trwa podobna rozgrywka, cho\u0107 nazwy klub\u00f3w uleg\u0142y zmianie. Rokita na Szczecin, Marcinkiewicz na Skarb, Chlebowski na klub, Lepper na out, Giertych zaszachowany itd. Jak sko\u0144czy\u0142a si\u0119 poprzednia partia &#8211; wiadomo: nar\u00f3d wywr\u00f3ci\u0142 szachownic\u0119, Historia ustawi\u0142a na niej nowe figury i pionki.<\/p>\n<p>Jak zako\u0144czy si\u0119 obecna rozgrywka? Wygl\u0105da na to, \u017ce Bia\u0142ym (biel to kolor niewinno\u015bci, wiadomo, \u017ce niewinna jest koalicja rz\u0105dz\u0105ca, wszyscy inni s\u0105 Czarni) zabraknie figur. Obie wie\u017ce, na kt\u00f3rych opieraj\u0105 si\u0119 kr\u00f3l i kr\u00f3lowa, chwiej\u0105 si\u0119 w posadach. Jedna wie\u017ca, ch\u0142opsko-ludowa, w ge\u015bcie samoobrony trzyma si\u0119 za rozporek niczym pi\u0142karze, kt\u00f3rzy tworz\u0105 mur broni\u0105cy dost\u0119pu do bramki. S\u0119dzia ju\u017c gwi\u017cd\u017ce na badania DNA. Druga wie\u017ca, patriotyczno-rodzinna, ledwie si\u0119 trzyma &#8211; opu\u015bcili j\u0105 wyborcy, kompromituje j\u0105 m\u0142odzie\u017c spod znaku &#8222;Sieg Heil&#8221;. Na rusztowaniu rozpi\u0119tym pomi\u0119dzy dwoma wie\u017cami krz\u0105taj\u0105 si\u0119 kr\u00f3l i kr\u00f3lowa. Z powodu eksces\u00f3w wykonywanych przez wa\u017cne figury, skoczki i laufry, chwieje si\u0119 ca\u0142a szachownica, trzeszcz\u0105 fundamenty odnowy moralnej. Przera\u017cone pionki patrz\u0105, jak bia\u0142e figury zosta\u0142y przy\u0142apane <em>in flagranti<\/em> z rozpi\u0119tymi rozporkami. Przera\u017cone figury wypieraj\u0105 si\u0119 swoich pionk\u00f3w, ogolonych i rozbawionych w neonazistowskich zabawach.<\/p>\n<p>Chyba rozpoczyna si\u0119 to, co w partii szach\u00f3w decyduj\u0105ce: ko\u0144c\u00f3wka.<\/p>\n","protected":false},"excerpt":{"rendered":"<p>Nasza scena polityczna przypomina scen\u0119 kabaretow\u0105. Wczorajszy kandydat na premiera, Jan Maria Rokita, jest zaproszony na&#8230; presti\u017cowe stanowisko marsza\u0142ka Wojew\u00f3dztwa Zachodniopomorskiego. Wczorajszy premier i p.o. prezydenta Warszawy, Marcinkiewicz, jest przewidywany na stanowisko, kt\u00f3re jest zaj\u0119te. Wicepremier Lepper jest przewidywany do zwolnienia z powodu afery rozporkowej. Minister Edukacji i wicepremier Giertych jest ci\u0119\u017cko ranny z powodu [&hellip;]<\/p>\n","protected":false},"author":4,"featured_media":0,"comment_status":"open","ping_status":"open","sticky":false,"template":"","format":"standard","meta":{"footnotes":""},"categories":[1],"tags":[],"_links":{"self":[{"href":"https:\/\/blog.polityka.pl\/passent\/wp-json\/wp\/v2\/posts\/179"}],"collection":[{"href":"https:\/\/blog.polityka.pl\/passent\/wp-json\/wp\/v2\/posts"}],"about":[{"href":"https:\/\/blog.polityka.pl\/passent\/wp-json\/wp\/v2\/types\/post"}],"author":[{"embeddable":true,"href":"https:\/\/blog.polityka.pl\/passent\/wp-json\/wp\/v2\/users\/4"}],"replies":[{"embeddable":true,"href":"https:\/\/blog.polityka.pl\/passent\/wp-json\/wp\/v2\/comments?post=179"}],"version-history":[{"count":0,"href":"https:\/\/blog.polityka.pl\/passent\/wp-json\/wp\/v2\/posts\/179\/revisions"}],"wp:attachment":[{"href":"https:\/\/blog.polityka.pl\/passent\/wp-json\/wp\/v2\/media?parent=179"}],"wp:term":[{"taxonomy":"category","embeddable":true,"href":"https:\/\/blog.polityka.pl\/passent\/wp-json\/wp\/v2\/categories?post=179"},{"taxonomy":"post_tag","embeddable":true,"href":"https:\/\/blog.polityka.pl\/passent\/wp-json\/wp\/v2\/tags?post=179"}],"curies":[{"name":"wp","href":"https:\/\/api.w.org\/{rel}","templated":true}]}}