
{"id":1791,"date":"2013-03-03T14:38:49","date_gmt":"2013-03-03T13:38:49","guid":{"rendered":"http:\/\/passent.blog.polityka.pl\/?p=1791"},"modified":"2013-03-04T14:04:48","modified_gmt":"2013-03-04T13:04:48","slug":"nieladnie-panie-walesa","status":"publish","type":"post","link":"https:\/\/blog.polityka.pl\/passent\/2013\/03\/03\/nieladnie-panie-walesa\/","title":{"rendered":"Nie\u0142adnie, panie Wa\u0142\u0119sa!"},"content":{"rendered":"<p>Wypowied\u017a Lecha Wa\u0142\u0119sy, \u017ce\u00a0 pos\u0142owie homoseksualni nie powinni siedzie\u0107 w pierwszych rz\u0119dach, tylko w ostatnich, a najlepiej za murami, i \u017ce nie godzi si\u0119, \u017ceby homoseksuali\u015bci gorszyli jego wnuki, jest g\u0142upia i bez sensu. Mo\u017cna by\u0107 konserwatywnych przekona\u0144, jak \u2013 powiedzmy \u2013 Jaros\u0142aw Gowin, ale nie wzywa\u0107 do tworzenie gett i usuwania homoseksualist\u00f3w z przestrzeni publicznej. Mo\u017cna zrozumie\u0107, \u017ce osoba konserwatywna czuje si\u0119 zgorszona paradami gej\u00f3w, nie mo\u017ce pogodzi\u0107 si\u0119 z tym, \u017ce geje zrobili coming out, ale po pierwsze \u2013 mo\u017cna na takie parady nie chodzi\u0107, po drugie \u2013 kontrowersyjne zachowania, takie jak manifestacja seksualno\u015bci, nie s\u0105 monopolem homoseksualist\u00f3w. Widok os\u00f3b hetero, kt\u00f3re nic sobie nie robi\u0105 z otoczenia i publicznie uprawiaj\u0105 amory, nie nale\u017cy do rzadko\u015bci.<!--more-->Lech Wa\u0142\u0119sa\u00a0 okaza\u0142 si\u0119 po prostu cz\u0142owiekiem nietolerancyjnym i wiernym synem Ko\u015bcio\u0142a. Wypowied\u017a laureata nagrody Nobla, kt\u00f3ra zrobi\u0142a ju\u017c karier\u0119 mi\u0119dzynarodow\u0105, przynosi wstyd jemu samemu, Polsce i \u201eSolidarno\u015bci\u201d, kt\u00f3rej jest symbolem. Autorytet Wa\u0142\u0119sy nie jest jego prywatn\u0105 spraw\u0105, stanowi \u2013 je\u015bli tak mo\u017cna powiedzie\u0107 \u2013 dobro narodowe, to przecie\u017c symbol Sierpnia i by\u0142y prezydent. Tym samym Wa\u0142\u0119sa zaszkodzi\u0142 nam wszystkim. Nie jest to zreszt\u0105 pierwszy przypadek, ma on na sumieniu tak\u017ce niestosowne wypowiedzi w kampanii wyborczej 1990 r. i niesmaczne \u017carty w stylu \u201eJaros\u0142aw Kaczy\u0144ski z m\u0119\u017cem\u201d.\u00a0 Jaki jest Lech Wa\u0142\u0119sa \u2013 ka\u017cdy widzi. G\u0142upia, szkodliwa wypowied\u017a na temat homoseksualist\u00f3w nie by\u0142a \u017cadnym lapsusem, w rozmowie z Grzegorzem Kajdanowiczem Wa\u0142\u0119sa brn\u0105\u0142 dalej. Powinien si\u0119 wycofa\u0107 i przeprosi\u0107.<\/p>\n<p>Wszystko to jednak nie oznacza, \u017ce mamy str\u0105ci\u0107 Lecha Wa\u0142\u0119s\u0119 z piedesta\u0142u, przekre\u015bli\u0107 jego historyczne zas\u0142ugi dla Polski.\u00a0 Nie jest to chodz\u0105cy idea\u0142, tylko cz\u0142owiek z krwi i ko\u015bci, produkt swojego \u015brodowiska, swojej formacji, powiedzia\u0142 tylko to, co wiele os\u00f3b my\u015bli. Polityczni przeciwnicy Wa\u0142\u0119sy wykorzystuj\u0105 t\u0119 okazj\u0119, \u017ceby pomniejszy\u0107 jego dawne zas\u0142ugi. Wielu ludzi m\u0142odych\u00a0 nie pami\u0119ta ju\u017c, jak Wa\u0142\u0119sa by\u0142 symbolem i nadziej\u0105 milion\u00f3w, kiedy Polska znalaz\u0142a si\u0119 na zakr\u0119cie dziejowym. W nim upatrywano ostatni\u0105 nadziej\u0119.<\/p>\n<p>Dzisiaj usi\u0142uje si\u0119 nie tylko krytykowa\u0107 jego wypowied\u017a, ale przekre\u015bla\u0107 go w ca\u0142o\u015bci, po to, \u017ceby podwa\u017cy\u0107 polsk\u0105 transformacj\u0119 i III RP. Adam Hofman i Jacek Kurski w programie Moniki Olejnik (Radio Zet) kpili z Salonu. Ich zdaniem, kiedy Wa\u0142\u0119sa m\u00f3wi \u017ale o prezesie Kaczy\u0144skim, to salon go chwali, a gdy powiedzia\u0142 co\u015b niepoprawnego politycznie, to salon go gani. Ale\u017c tak w\u0142a\u015bnie powinno by\u0107! Nikt nie jest wolny od krytyki, salon ocenia jego s\u0142owa merytorycznie i kiedy Wa\u0142\u0119sa zachowuje si\u0119 zawstydzaj\u0105co \u2013 grozi mu palcem.<\/p>\n<p>PS. ZAPROSZENIE<\/p>\n<p>Co wolno, a czego nie wolno na uniwersytetach? Zapraszam do Radia TOK FM we wtorek, 5 bm., godz. 20.05. Moimi go\u015b\u0107mi b\u0119d\u0105 m.in. prof. Magdalena \u015aRODA, kt\u00f3rej wyk\u0142ad zosta\u0142 zak\u0142\u00f3cony przez nieproszonych go\u015bci, oraz prof. Krzysztof KONARZEWSKI, znany uczony i pedagog.<\/p>\n","protected":false},"excerpt":{"rendered":"<p>Wypowied\u017a Lecha Wa\u0142\u0119sy, \u017ce\u00a0 pos\u0142owie homoseksualni nie powinni siedzie\u0107 w pierwszych rz\u0119dach, tylko w ostatnich, a najlepiej za murami, i \u017ce nie godzi si\u0119, \u017ceby homoseksuali\u015bci gorszyli jego wnuki, jest g\u0142upia i bez sensu. Mo\u017cna by\u0107 konserwatywnych przekona\u0144, jak \u2013 powiedzmy \u2013 Jaros\u0142aw Gowin, ale nie wzywa\u0107 do tworzenie gett i usuwania homoseksualist\u00f3w z przestrzeni [&hellip;]<\/p>\n","protected":false},"author":4,"featured_media":0,"comment_status":"open","ping_status":"closed","sticky":false,"template":"","format":"standard","meta":{"footnotes":""},"categories":[1],"tags":[],"_links":{"self":[{"href":"https:\/\/blog.polityka.pl\/passent\/wp-json\/wp\/v2\/posts\/1791"}],"collection":[{"href":"https:\/\/blog.polityka.pl\/passent\/wp-json\/wp\/v2\/posts"}],"about":[{"href":"https:\/\/blog.polityka.pl\/passent\/wp-json\/wp\/v2\/types\/post"}],"author":[{"embeddable":true,"href":"https:\/\/blog.polityka.pl\/passent\/wp-json\/wp\/v2\/users\/4"}],"replies":[{"embeddable":true,"href":"https:\/\/blog.polityka.pl\/passent\/wp-json\/wp\/v2\/comments?post=1791"}],"version-history":[{"count":3,"href":"https:\/\/blog.polityka.pl\/passent\/wp-json\/wp\/v2\/posts\/1791\/revisions"}],"predecessor-version":[{"id":1795,"href":"https:\/\/blog.polityka.pl\/passent\/wp-json\/wp\/v2\/posts\/1791\/revisions\/1795"}],"wp:attachment":[{"href":"https:\/\/blog.polityka.pl\/passent\/wp-json\/wp\/v2\/media?parent=1791"}],"wp:term":[{"taxonomy":"category","embeddable":true,"href":"https:\/\/blog.polityka.pl\/passent\/wp-json\/wp\/v2\/categories?post=1791"},{"taxonomy":"post_tag","embeddable":true,"href":"https:\/\/blog.polityka.pl\/passent\/wp-json\/wp\/v2\/tags?post=1791"}],"curies":[{"name":"wp","href":"https:\/\/api.w.org\/{rel}","templated":true}]}}