
{"id":1798,"date":"2013-03-10T12:05:38","date_gmt":"2013-03-10T11:05:38","guid":{"rendered":"http:\/\/passent.blog.polityka.pl\/?p=1798"},"modified":"2013-04-02T10:39:47","modified_gmt":"2013-04-02T08:39:47","slug":"wiele-halasu-o-nic-2","status":"publish","type":"post","link":"https:\/\/blog.polityka.pl\/passent\/2013\/03\/10\/wiele-halasu-o-nic-2\/","title":{"rendered":"Wiele ha\u0142asu o nic"},"content":{"rendered":"<p>Ostatnich kilka tygodni w polityce polskiej by\u0142o pe\u0142nych wydarze\u0144, ale niewiele\u00a0 si\u0119\u00a0 zmieni\u0142o. Konflikt Tusk &#8211;\u00a0 Gowin zosta\u0142 od\u0142o\u017cony, ale nie rozwi\u0105zany. Minister Sprawiedliwo\u015bci si\u0119 nie pokaja\u0142, zosta\u0142 upokorzony, ale nie z\u0142amany, i nadal ogranicza w\u0142adz\u0119 Tuska w Platformie. Konflikt SLD \u2013 Ruch Palikota pozostaje bez zmian. Nadzieje Kwa\u015bniewskiego na wsp\u00f3ln\u0105 list\u0119 lewicy\u00a0 s\u0142abn\u0105, on sam chyba straci\u0142 w wyniku falstartu inicjatywy Europa +. Obrady w\u0142adz SLD i zawieszenie Ryszarda Kalisza w prawach cz\u0142onka na 3 miesi\u0105ce pokaza\u0142y jak siln\u0105 pozycj\u0119 ma w partii Miller. Lewica pozostaje s\u0142aba i podzielona. Panowie Tusk i Miller m\u00f3wi\u0105 o sobie w mediach zdecydowanie \u0142agodnie, obie strony licz\u0105 si\u0119 z mo\u017cliwo\u015bci\u0105 koalicji, np. w razie exodusu kilku konserwatywnych pos\u0142\u00f3w PO. Trzyma to Gowina w szachu.<!--more--><\/p>\n<p>Pomys\u0142 Prawa i Sprawiedliwo\u015bci z premierem technicznym te\u017c nie zmieni\u0142 wiele. Eksperyment z tabletem wniesionym do Sejmu przez prezesa Kaczy\u0144skiego, odwr\u00f3ci\u0142 chyba uwag\u0119\u00a0 od meritum debaty. Sam pomys\u0142 uwa\u017cam za dopuszczalny happening. Politycznie PiS ugra\u0142 niewiele, w sonda\u017cach depcze jednak Platformie po pi\u0119tach. Jest silny, zwarty i gotowy.<\/p>\n<p>Platforma ma z\u0142y okres. Przed\u0142u\u017caj\u0105cy si\u0119 kryzys wewn\u0119trzny w partii, aspiracje Grzegorza Schetyny, brak zdecydowania Donalda Tuska w konflikcie z Gowinem,\u00a0 niejasna sytuacja w sprawie projekt\u00f3w ustaw o zwi\u0105zkach partnerskich \u2013 wszystko to sprawia wra\u017cenie partii niesterowalnej, dryfuj\u0105cej, co nie jest dla wyborc\u00f3w atrakcyjne. W tej sytuacji Donald Tusk postanowi\u0142 odzyska\u0107 kontrol\u0119. \u017beby pozbawi\u0107 Schetyn\u0119 i Gowina nadziei, zapowiedzia\u0142, \u017ce b\u0119dzie kandydowa\u0142 na stanowisko przewodnicz\u0105cego partii po raz trzeci. Odpowiedzia\u0142 tak\u017ce krytykom, kt\u00f3rzy domagaj\u0105 si\u0119 wi\u0119kszego zdecydowania Platformy i premiera w sprawach obyczajowych. Nie chce by\u0107 w awangardzie przemian, woli pozosta\u0107 stra\u017c\u0105 tyln\u0105. Mo\u017cna to zrozumie\u0107. Tusk liczy g\u0142osy, nie chce te\u017c zaszkodzi\u0107 mniejszo\u015bciom zbyt energicznym forsowaniem ich praw, kt\u00f3re musia\u0142oby napotka\u0107 na op\u00f3r konserwatywnego Trybuna\u0142u Konstytucyjnego. Premier woli polityk\u0119 ma\u0142ych krok\u00f3w \u2013 zamiast \u015bmia\u0142ych projekt\u00f3w, u\u0142atwianie \u017cycia cz\u0142onk\u00f3w mniejszo\u015bci w sprawach cz\u0105stkowych.<br \/>\nW sumie w ostatnich dniach na szachownicy politycznej by\u0142o wiele ruch\u00f3w, ale figury pozosta\u0142y na swoich miejscach. Wyj\u0105tkiem by\u0142a wypowied\u017a Donalda Tuska po zaj\u015bciach na wyk\u0142adzie Magdaleny \u015arody. Tego dnia premier pokaza\u0142 si\u0119 jako przyw\u00f3dca, a nie jako administrator. Szkoda, \u017ce tak rzadko.<\/p>\n<p>PS. ZAPROSZENIE<\/p>\n<p>Zapraszam do programu \u201eGo\u015bcie Daniela Passenta\u201d, Radio TOK FM, w ka\u017cdy wtorek tu\u017c po godz. 20.00. W najbli\u017cszy wtorek, kiedy rozpocznie si\u0119 konklawe, go\u015bciem b\u0119dzie znawca tematu, red. Adam SZOSTKIEWICZ. W cz\u0119\u015bci drugiej programu \u2013 Wac\u0142aw RADZIWINOWICZ, wieloletni korespondent w Moskwie, autor ksi\u0105\u017cki \u201eGogol w czasach Google\u2019a\u201d. Zapraszam!<\/p>\n","protected":false},"excerpt":{"rendered":"<p>Ostatnich kilka tygodni w polityce polskiej by\u0142o pe\u0142nych wydarze\u0144, ale niewiele\u00a0 si\u0119\u00a0 zmieni\u0142o. Konflikt Tusk &#8211;\u00a0 Gowin zosta\u0142 od\u0142o\u017cony, ale nie rozwi\u0105zany. Minister Sprawiedliwo\u015bci si\u0119 nie pokaja\u0142, zosta\u0142 upokorzony, ale nie z\u0142amany, i nadal ogranicza w\u0142adz\u0119 Tuska w Platformie. Konflikt SLD \u2013 Ruch Palikota pozostaje bez zmian. Nadzieje Kwa\u015bniewskiego na wsp\u00f3ln\u0105 list\u0119 lewicy\u00a0 s\u0142abn\u0105, on [&hellip;]<\/p>\n","protected":false},"author":4,"featured_media":0,"comment_status":"open","ping_status":"closed","sticky":false,"template":"","format":"standard","meta":{"footnotes":""},"categories":[1],"tags":[],"_links":{"self":[{"href":"https:\/\/blog.polityka.pl\/passent\/wp-json\/wp\/v2\/posts\/1798"}],"collection":[{"href":"https:\/\/blog.polityka.pl\/passent\/wp-json\/wp\/v2\/posts"}],"about":[{"href":"https:\/\/blog.polityka.pl\/passent\/wp-json\/wp\/v2\/types\/post"}],"author":[{"embeddable":true,"href":"https:\/\/blog.polityka.pl\/passent\/wp-json\/wp\/v2\/users\/4"}],"replies":[{"embeddable":true,"href":"https:\/\/blog.polityka.pl\/passent\/wp-json\/wp\/v2\/comments?post=1798"}],"version-history":[{"count":3,"href":"https:\/\/blog.polityka.pl\/passent\/wp-json\/wp\/v2\/posts\/1798\/revisions"}],"predecessor-version":[{"id":1825,"href":"https:\/\/blog.polityka.pl\/passent\/wp-json\/wp\/v2\/posts\/1798\/revisions\/1825"}],"wp:attachment":[{"href":"https:\/\/blog.polityka.pl\/passent\/wp-json\/wp\/v2\/media?parent=1798"}],"wp:term":[{"taxonomy":"category","embeddable":true,"href":"https:\/\/blog.polityka.pl\/passent\/wp-json\/wp\/v2\/categories?post=1798"},{"taxonomy":"post_tag","embeddable":true,"href":"https:\/\/blog.polityka.pl\/passent\/wp-json\/wp\/v2\/tags?post=1798"}],"curies":[{"name":"wp","href":"https:\/\/api.w.org\/{rel}","templated":true}]}}