
{"id":1801,"date":"2013-03-16T18:03:24","date_gmt":"2013-03-16T17:03:24","guid":{"rendered":"http:\/\/passent.blog.polityka.pl\/?p=1801"},"modified":"2013-04-02T10:39:54","modified_gmt":"2013-04-02T08:39:54","slug":"berlinski-lizus","status":"publish","type":"post","link":"https:\/\/blog.polityka.pl\/passent\/2013\/03\/16\/berlinski-lizus\/","title":{"rendered":"Berli\u0144ski lizus"},"content":{"rendered":"<p>Dziej\u0105 si\u0119, oczywi\u015bcie, sprawy wa\u017cne \u2013 wybrano papie\u017ca, powsta\u0142a Platforma Oburzonych na Platform\u0119, premier kolejny raz zapowiedzia\u0142, \u017ce\u00a0 nie b\u0119dzie liderem przemian obyczajowych\u00a0 \u2013 ale \u201eod spraw wa\u017cnych, to ja mam\u00a0 Pi\u0142sudskiego\u201d, jak mawia\u0142 Leopold Staff. Mnie interesuj\u0105 drobiazgi. Moje hobby to czytanie wszelkiego rodzaju przeprosin w mediach, na og\u00f3\u0142 nakazanych przez s\u0105d, gdy\u017c z w\u0142asnej woli ma\u0142o kto si\u0119 kaja. Nikt dobrowolnie nie wyrazi ubolewania, \u017ce doda\u0142 koniny do wo\u0142owiny.<!--more--><\/p>\n<p>\u201eGazeta Wyborcza\u201d (16\/17 marca) przynosi a\u017c dwie (?) r\u00f3\u017cne przeprosiny. To pyszna lektura, kt\u00f3r\u0105 warto si\u0119 podelektowa\u0107:<\/p>\n<p>\u201eJa, Micha\u0142 Kami\u0144ski, o\u015bwiadczam, i\u017c informacje rozpowszechniane na temat Pana Paw\u0142a Zalewskiego pomawiaj\u0105ce go publicznie za pomoc\u0105 takich wyra\u017ce\u0144 jak: \u2018Herr Zalewski\u2019, \u2018wierny s\u0142uga niemieckich interes\u00f3w\u2019, \u2018berli\u0144ski lizus\u2019, \u2018s\u0142u\u017calczo\u015b\u0107 wobec Niemc\u00f3w\u2019, o s\u0142u\u017cbie na rzecz Niemc\u00f3w, a nie Polski, s\u0105 nieprawdziwe oraz bezpodstawne i zosta\u0142y podane w celu podwa\u017cenia wiarygodno\u015bci Paw\u0142a Zalewskiego (\u2026) Przepraszam Pana Paw\u0142a Zalewskiego za powy\u017csze dzia\u0142anie oraz zapewniam, \u017ce zaniecham w przysz\u0142o\u015bci wszelkich dzia\u0142a\u0144 mog\u0105cych godzi\u0107 w dobra osobiste Pana Paw\u0142a Zalewskiego.<\/p>\n<p>Micha\u0142 Kami\u0144ski\u201d.<\/p>\n<p>Na ostatnie stronie \u201eGW\u201d, w dziale sportowym, inne du\u017ce przeprosiny, tym razem pos\u0142a PiS:<\/p>\n<p>\u201ePRZEPRASZAM PANA FRANCISZKA SMUD\u0118 za moje wielokrotne, bezprawne i obra\u017aliwe wypowiedzi na jego temat, opublikowane w \u015brodkach masowego przekazu (\u2026) w kt\u00f3rych przypisywa\u0142em Panu FRANCISZKOWI SMUDZIE cechy mog\u0105ce go poni\u017cy\u0107 lub o\u015bmieszy\u0107 w opinii publicznej.<\/p>\n<p>Wyra\u017cam g\u0142\u0119bokie ubolewanie z powodu wyrz\u0105dzonej PANU FRANCISZKOWI SMUDZIE szkody niemaj\u0105tkowej.<\/p>\n<p>Jan Tomaszewski\u201d.<\/p>\n<p>Z prawdziw\u0105 satysfakcj\u0105 czytam podobne przeprosiny. S\u0105 jeszcze s\u0119dziowie w Warszawie. Oddanie sprawy do s\u0105du, to dzia\u0142anie przeciwko brutalizacji j\u0119zyka polityki i medi\u00f3w. Dobrze,\u00a0 \u017ce istnieje jaki\u015b bat.\u00a0 S\u0105 publicy\u015bci przeciwni uciekaniu si\u0119 pod ochron\u0119 s\u0105d\u00f3w (zw\u0142aszcza przez Adama Michnika).\u00a0 Uwa\u017caj\u0105 oni, \u017ce politycy i osoby publiczne musz\u0105 mie\u0107 grub\u0105 sk\u00f3r\u0119 i liczy\u0107 si\u0119 z krytyk\u0105 nie zawsze fair, \u017ce oddawanie sprawy do s\u0105du to cenzura, ograniczanie wolno\u015bci s\u0142owa etc. Nie b\u0119d\u0119 si\u0119 wdawa\u0142 w dywagacje prawnicze, gdy\u017c nie mam tych kompetencji. Moim zdaniem, nale\u017cy si\u0119 cieszy\u0107, gdy z\u0142a wola, k\u0142amstwa i oszczerstwa nie uchodz\u0105 p\u0142azem.\u00a0 To minimum higieny w \u017cyciu publicznym.<\/p>\n<p>PS. ZAPROSZENIA<\/p>\n<p>O co chodzi oburzonym? Zapraszam do Radia TOK FM na wtorek, 19 marca, godz. 20.05. Go\u015bcie Daniela Passenta, m.in. : Ewa WILK-B\u0118DKOWSKA\u00a0 \u2013 dziennikarka, wieloletnia kierowniczka Dzia\u0142u Spo\u0142ecznego \u201ePolityki\u201d i S\u0142awomir SIERAKOWSKI \u2013 tw\u00f3rca oraz szef \u201eKrytyki Politycznej\u201d.<\/p>\n<p>Zapraszam na dyskusj\u0119 nad ksi\u0105\u017ck\u0105 dr Aliny CA\u0141EJ\u00a0 \u201e\u017byd \u2013 wieczny wr\u00f3g?\u201d. Kawiarnia Wrzenie \u015awiata, Warszawa, ul. Ga\u0142czy\u0144skiego 6. Poniedzia\u0142ek 18 marca, godz. 19.00.<\/p>\n","protected":false},"excerpt":{"rendered":"<p>Dziej\u0105 si\u0119, oczywi\u015bcie, sprawy wa\u017cne \u2013 wybrano papie\u017ca, powsta\u0142a Platforma Oburzonych na Platform\u0119, premier kolejny raz zapowiedzia\u0142, \u017ce\u00a0 nie b\u0119dzie liderem przemian obyczajowych\u00a0 \u2013 ale \u201eod spraw wa\u017cnych, to ja mam\u00a0 Pi\u0142sudskiego\u201d, jak mawia\u0142 Leopold Staff. Mnie interesuj\u0105 drobiazgi. Moje hobby to czytanie wszelkiego rodzaju przeprosin w mediach, na og\u00f3\u0142 nakazanych przez s\u0105d, gdy\u017c z [&hellip;]<\/p>\n","protected":false},"author":4,"featured_media":0,"comment_status":"open","ping_status":"closed","sticky":false,"template":"","format":"standard","meta":{"footnotes":""},"categories":[1],"tags":[],"_links":{"self":[{"href":"https:\/\/blog.polityka.pl\/passent\/wp-json\/wp\/v2\/posts\/1801"}],"collection":[{"href":"https:\/\/blog.polityka.pl\/passent\/wp-json\/wp\/v2\/posts"}],"about":[{"href":"https:\/\/blog.polityka.pl\/passent\/wp-json\/wp\/v2\/types\/post"}],"author":[{"embeddable":true,"href":"https:\/\/blog.polityka.pl\/passent\/wp-json\/wp\/v2\/users\/4"}],"replies":[{"embeddable":true,"href":"https:\/\/blog.polityka.pl\/passent\/wp-json\/wp\/v2\/comments?post=1801"}],"version-history":[{"count":4,"href":"https:\/\/blog.polityka.pl\/passent\/wp-json\/wp\/v2\/posts\/1801\/revisions"}],"predecessor-version":[{"id":1826,"href":"https:\/\/blog.polityka.pl\/passent\/wp-json\/wp\/v2\/posts\/1801\/revisions\/1826"}],"wp:attachment":[{"href":"https:\/\/blog.polityka.pl\/passent\/wp-json\/wp\/v2\/media?parent=1801"}],"wp:term":[{"taxonomy":"category","embeddable":true,"href":"https:\/\/blog.polityka.pl\/passent\/wp-json\/wp\/v2\/categories?post=1801"},{"taxonomy":"post_tag","embeddable":true,"href":"https:\/\/blog.polityka.pl\/passent\/wp-json\/wp\/v2\/tags?post=1801"}],"curies":[{"name":"wp","href":"https:\/\/api.w.org\/{rel}","templated":true}]}}