
{"id":1810,"date":"2013-03-22T14:24:56","date_gmt":"2013-03-22T13:24:56","guid":{"rendered":"http:\/\/passent.blog.polityka.pl\/?p=1810"},"modified":"2013-04-02T10:40:55","modified_gmt":"2013-04-02T08:40:55","slug":"co-za-duzo-to-niezdrowo","status":"publish","type":"post","link":"https:\/\/blog.polityka.pl\/passent\/2013\/03\/22\/co-za-duzo-to-niezdrowo\/","title":{"rendered":"Co za du\u017co, to niezdrowo"},"content":{"rendered":"<p>TOMASZ ARABSKI stal si\u0119 obiektem chamskich atak\u00f3w ze strony prawicowych pos\u0142\u00f3w, cz\u0142onk\u00f3w sejmowej Komisji Spraw Zagranicznych. Komisja ta nie raz bywa miejscem bezzasadnych i nie merytorycznych atak\u00f3w pod adresem niekt\u00f3rych kandydat\u00f3w na stanowisko ambasadora. Sam tego do\u015bwiadczy\u0142em, kiedy stan\u0105\u0142em przed Komisj\u0105. Rzecznikiem opozycji w mojej sprawie by\u0142a pos\u0142anka Unii Wolno\u015bci, Irena Lipowicz, kt\u00f3ra mia\u0142a mi za z\u0142e, \u017ce w tak zaawansowanym wieku zmieniam karier\u0119, albo, \u017ce w moich felietonach\u00a0 \u017ale wyra\u017ca\u0142em si\u0119 o Sejmie, przed kt\u00f3rym teraz (znaczy si\u0119 wtedy, w 1997 roku) staj\u0119.\u00a0 <!--more--><\/p>\n<p>Z ca\u0142ej awantury tylko jeden pose\u0142 zapyta\u0142 o Chile. Teraz by\u0142o podobnie \u2013 nikogo nie obchodzi Hiszpania i nasze z ni\u0105 stosunki, tylko \u201eucieczka\u201d Arabskiego przed sprawiedliwo\u015bci\u0105 do Madrytu. Got\u00f3w jestem przyzna\u0107, \u017ce sytuacja min. Arabskiego\u00a0 nie by\u0142a komfortowa,\u00a0 poniewa\u017c przez zbieg okoliczno\u015bci zbieg\u0142a si\u0119 z decyzj\u0105 s\u0105du o wznowieniu \u015bledztwa w sprawie przygotowa\u0144 do lot\u00f3w premiera i prezydenta do Katynia. Bez wzgl\u0119du na to, ile by si\u0119 przerzuca\u0107 odpowiedzialno\u015bci\u0105 (Kancelaria Premiera i Kancelaria Prezydenta), atmosfera wtedy by\u0142a z\u0142a, pe\u0142na niech\u0119ci, konflikt Tusk \u2013 Kaczy\u0144scy by\u0142 ewidentny, g\u0142\u00f3wnie (ale nie wy\u0142\u0105cznie)\u00a0 z winy pa\u0142acu prezydenckiego, Tomasz Arabski by\u0142 blisko centrum wydarze\u0144 i na pewno \u015bledztwo nie jest mu oboj\u0119tne. To by\u0142 pow\u00f3d, \u017ceby w czasie obrad komisji zada\u0107 jakie\u015b pytania. ALE nie urz\u0105dza\u0107 burd\u0119, zaprasza\u0107 (jak to uczyni\u0142 PiS) awanturnik\u00f3w z kr\u0119gu Gazety Polskiej, czy formu\u0142owa\u0107 \u017ca\u0142osne insynuacje, \u017ce ambasador b\u0119dzie za\u0142atwia\u0142 premierowi bilety na mecz Realu Madryt. To ma\u0142ostkowe i \u017cenuj\u0105ce. Ilekro\u0107 PiS naciska na peda\u0142 smole\u0144ski, tylekro\u0107 traci miar\u0119. Tym razem obrazi\u0142 Sejm i kandydata na ambasadora. Oczywi\u015bcie, teraz p\u00f3jd\u0105 sygna\u0142y do medi\u00f3w hiszpa\u0144skich i tamtejszej Polonii, \u017ceby naprzykrzali si\u0119 polskiemu ambasadorowi. Tymczasem\u00a0 Arabski jako ambasador\u00a0\u00a0 \u017cadnego immunitetu w Polsce nie ma i musi by\u0107 do dyspozycji na ka\u017cde zawo\u0142anie prokuratury. Obrady Komisji to kolejny popis \u0142obuzerii.<\/p>\n<p>EWA W\u00d3JCIAK, aktorka i dyrektorka Teatru \u00d3smego Dnia w Poznaniu nie powinna by\u0142a na swoim prywatnym Facebooku napisa\u0107, \u017ce \u201ech\u2026 wybrali na papie\u017ca\u201d. Mog\u0142a to napisa\u0107 bardziej kulturalnie: oportunist\u0119, cz\u0142owieka elastycznego, wsp\u00f3\u0142pracownika dyktatury. Pani W\u00f3jciak przyjmuje oskar\u017cenia wobec papie\u017ca Franciszka za udowodnione. Nawet gdyby by\u0142y one prawdziwe, to nie usprawiedliwiaj\u0105 pisania o najwy\u017cszym dostojniku KK per \u201ech\u2026\u201d. Tak post\u0119puj\u0105c pani W\u00f3jciak dostarcza tylko pretekstu wrogiej sobie prawicy do atak\u00f3w na ni\u0105 i na kierowany przez ni\u0105, bardzo zas\u0142u\u017cony, teatr. Kiedy zajmuje si\u0119 publiczne stanowisko, trzeba wykazywa\u0107 odrobin\u0119 dyplomacji, przewidywa\u0107 skutki swojej niefrasobliwo\u015bci, na kt\u00f3r\u0105 inni\u00a0 tylko czyhaj\u0105. Nie wystarczy mie\u0107 racj\u0119 (w swoich oczach), trzeba jeszcze umie\u0107 j\u0105 wyrazi\u0107. Najlepiej by\u0142oby zosta\u0107 spowiedniczk\u0105 papie\u017ca, ale do tego jeszcze droga daleka.<\/p>\n<p>RADOS\u0141AW SIKORSKI wzi\u0105\u0142 w obron\u0119 abpa G\u0142\u00f3dzia przed zarzutem nadmiernego spo\u017cycia alkoholu. Krytyka pod adres metropolity jest szersza, nie dotyczy tylko zagl\u0105dania do kieliszka. Jak na szefa dyplomacji przystoi, minister nie powinien opowiada\u0107 si\u0119 po \u017cadnej ze stron. Pob\u0142a\u017cliwo\u015b\u0107 dla picia w\u00f3deczki, bo takie s\u0105 w wojsku obyczaje, troch\u0119 mnie dziwi. Sam minister Obrony Sikorski, zwalcza\u0142 niekt\u00f3re zjawiska\u00a0 w wojsku, cho\u0107by oty\u0142o\u015b\u0107 i nadwag\u0119 oficer\u00f3w, na kt\u00f3rych nie dopina\u0142y si\u0119 mundury. Je\u015bli nie zdystansowa\u0142 si\u0119 od sk\u0142onno\u015bci do w\u00f3deczki, to tylko \u015bwiadczy o daleko id\u0105cej lojalno\u015bci wobec by\u0142ego kapelana Wojska Polskiego.<\/p>\n","protected":false},"excerpt":{"rendered":"<p>TOMASZ ARABSKI stal si\u0119 obiektem chamskich atak\u00f3w ze strony prawicowych pos\u0142\u00f3w, cz\u0142onk\u00f3w sejmowej Komisji Spraw Zagranicznych. Komisja ta nie raz bywa miejscem bezzasadnych i nie merytorycznych atak\u00f3w pod adresem niekt\u00f3rych kandydat\u00f3w na stanowisko ambasadora. Sam tego do\u015bwiadczy\u0142em, kiedy stan\u0105\u0142em przed Komisj\u0105. Rzecznikiem opozycji w mojej sprawie by\u0142a pos\u0142anka Unii Wolno\u015bci, Irena Lipowicz, kt\u00f3ra mia\u0142a mi [&hellip;]<\/p>\n","protected":false},"author":4,"featured_media":0,"comment_status":"open","ping_status":"closed","sticky":false,"template":"","format":"standard","meta":{"footnotes":""},"categories":[1],"tags":[],"_links":{"self":[{"href":"https:\/\/blog.polityka.pl\/passent\/wp-json\/wp\/v2\/posts\/1810"}],"collection":[{"href":"https:\/\/blog.polityka.pl\/passent\/wp-json\/wp\/v2\/posts"}],"about":[{"href":"https:\/\/blog.polityka.pl\/passent\/wp-json\/wp\/v2\/types\/post"}],"author":[{"embeddable":true,"href":"https:\/\/blog.polityka.pl\/passent\/wp-json\/wp\/v2\/users\/4"}],"replies":[{"embeddable":true,"href":"https:\/\/blog.polityka.pl\/passent\/wp-json\/wp\/v2\/comments?post=1810"}],"version-history":[{"count":3,"href":"https:\/\/blog.polityka.pl\/passent\/wp-json\/wp\/v2\/posts\/1810\/revisions"}],"predecessor-version":[{"id":1828,"href":"https:\/\/blog.polityka.pl\/passent\/wp-json\/wp\/v2\/posts\/1810\/revisions\/1828"}],"wp:attachment":[{"href":"https:\/\/blog.polityka.pl\/passent\/wp-json\/wp\/v2\/media?parent=1810"}],"wp:term":[{"taxonomy":"category","embeddable":true,"href":"https:\/\/blog.polityka.pl\/passent\/wp-json\/wp\/v2\/categories?post=1810"},{"taxonomy":"post_tag","embeddable":true,"href":"https:\/\/blog.polityka.pl\/passent\/wp-json\/wp\/v2\/tags?post=1810"}],"curies":[{"name":"wp","href":"https:\/\/api.w.org\/{rel}","templated":true}]}}