
{"id":1818,"date":"2013-03-29T10:42:43","date_gmt":"2013-03-29T09:42:43","guid":{"rendered":"http:\/\/passent.blog.polityka.pl\/?p=1818"},"modified":"2013-04-02T10:41:40","modified_gmt":"2013-04-02T08:41:40","slug":"zyczenia-dla-wybranych","status":"publish","type":"post","link":"https:\/\/blog.polityka.pl\/passent\/2013\/03\/29\/zyczenia-dla-wybranych\/","title":{"rendered":"\u017byczenia dla wybranych"},"content":{"rendered":"<p>ARABSKI TOMASZ \u2013 \u017ceby odby\u0142 ca\u0142\u0105 kadencj\u0119 ambasadora w Madrycie, tzn. 4-5 lat. Madryt, to moim &#8211; by\u0142ego ambasadora w Chile \u2013 zdaniem najlepsza plac\u00f3wka w polskiej dyplomacji. W Europie, a daleko od Warszawy, \u017ceby codziennie nie je\u017adzi\u0107 na lotnisko po kolejn\u0105 delegacj\u0119, du\u017co si\u0119 dzieje \u2013 Partia Ludowa i socjali\u015bci co pewien czas wyrywaj\u0105 sobie w\u0142adz\u0119, muzeum Prado (co najmniej 4 lata zwiedzania), obrona i rozk\u0142ad tradycyjnych warto\u015bci, bitwa o przesz\u0142o\u015b\u0107, wiele podobie\u0144stw do Polski, ale w bezpiecznej odleg\u0142o\u015bci. No, i wino Rioja.\u00a0 Macierewicz i sp\u00f3\u0142ka urz\u0105dzili awantur\u0119 w komisji spraw zagranicznych, ale to nie pierwszy i nie\u00a0\u00a0 ostatni raz. Swoj\u0105 drog\u0105, ch\u0119tnie bym przeczyta\u0142 wywiad z min. Arabskim na temat katastrofy Tu 154, ale w\u0105tpi\u0119, \u017ceby go udzieli\u0142.<!--more--><\/p>\n<p>GRZEGORZ SCHETYNA \u2013 \u017ceby wreszcie powiedzia\u0142 co\u015b kontrowersyjnego. Ci\u0105gle m\u00f3wi si\u0119 o nim, \u017ce jest g\u0142\u00f3wnym rywalem i cz\u0142owiekiem nr 2 w Platformie. Przeczyta\u0142em ca\u0142a stert\u0119 rozm\u00f3w z p. Schetyn\u0105 i wielokrotnie s\u0142ucha\u0142em go i ogl\u0105da\u0142em w telewizji. Wszystkie odpowiedzi s\u0105 poprawne, cz\u0119sto oczywiste, banalne, nigdy agresywne ani napastliwe, bardzo ostro\u017cne i \u2026 nijakie. Co w tym cz\u0142owieku jest, \u017ce uchodzi za delfina? Podobno jest \u015bwietnym organizatorem i kadrowym (\u201ePrzy nim Gowin nie podni\u00f3s\u0142by tak wysoko g\u0142owy\u201d \u2013 m\u00f3wi\u0105 znawcy tematu). Ch\u0119tnie us\u0142ysza\u0142bym od Grzegorza Schetyny co\u015b ciekawego, ale w\u0105tpi\u0119 czy doczekam.<\/p>\n<p>JOANNIE SZCZEPKOWSKIEJ \u017cycz\u0119, \u017ceby nie mia\u0142a wi\u0119kszych zmartwie\u0144 ni\u017c lobby homoseksualne w teatrze i poza nim. Podoba mi si\u0119, \u017ce pani Szczepkowska jest za r\u00f3wnymi prawami dla homo, w tym za zwi\u0105zkami formalnymi. Co do ich lobby i wzajemnego popierania si\u0119, to s\u0105dz\u0119, \u017ce nie ma w tym nic dziwnego. Cz\u0142onkowie ka\u017cdej mniejszo\u015bci lgn\u0105 do siebie, a co dopiero tak przez wieki prze\u015bladowanej. Wystarczy przeczyta\u0107 pami\u0119tniki Iwaszkiewicza czy Zygmunta Mycielskiego. \u201eZabawimy si\u0119?\u201d \u2013 pyta\u0142 go filuternie na schodach tajniak pilnuj\u0105cy go z powodu dzia\u0142alno\u015bci opozycyjnej. Mi\u0142ej lektury!<\/p>\n<p>EWIE W\u00d3JCIAK \u2013 dyrektorce Teatru \u00d3smego Dnia w Poznaniu (tej, kt\u00f3ra napisa\u0142a na Facebooku, \u017ce \u201ewybrali ch\u2026 na papie\u017ca\u201d) \u017cycz\u0119, \u017ceby staranniej dobiera\u0142a s\u0142owa i skr\u00f3ty, tak si\u0119 o nikim, a co dopiero o g\u0142owie Ko\u015bcio\u0142a nie pisze, powinna si\u0119 z tej formy wycofa\u0107, ale poza tym im wi\u0119ksza jest na ni\u0105 nagonka, tym bardziej jej \u017cycz\u0119, \u017ceby si\u0119 od niej odp\u2026, pardon, odczepili, \u017ceby jej nie kara\u0107 administracyjnie, bo to by\u0142oby prawdziwym skandalem.<\/p>\n<p>Wszystkim na blogu \u017cycz\u0119 udanych \u015bwi\u0105t, \u015bwi\u0119tujmy weso\u0142o, przyja\u017anie, ciep\u0142o i czule!<br \/>\nZAPROSZENIE<\/p>\n<p>Co takiego zrobi\u0142a Ola Koz\u0142owska, \u017ce w PRL doczeka\u0142a si\u0119 w\u0142asnej uliczki na Czerniakowie, i co nabroi\u0142a, \u017ce teraz IPN ka\u017ce zmieni\u0107 patrona ulicy? O tym b\u0119dziemy rozmawia\u0107 z wnuczk\u0105 protagonistki, Aleksandr\u0105 DOMA\u0143SK\u0104, autork\u0105 ksi\u0105\u017cki \u201eUlica Cioci Oli\u201d, prof. Paw\u0142em \u015aPIEWAKIEM, autorem m.in. ksi\u0105\u017cki \u201e\u017bydokomuna\u201d i Piotrem PAZI\u0143SKIM \u2013 redaktorem naczelnym pisma \u201eMidrasz\u201d. Radio TOK FM, wtorek, 2 kwietnia, godz.20.05. Zapraszam!<\/p>\n","protected":false},"excerpt":{"rendered":"<p>ARABSKI TOMASZ \u2013 \u017ceby odby\u0142 ca\u0142\u0105 kadencj\u0119 ambasadora w Madrycie, tzn. 4-5 lat. Madryt, to moim &#8211; by\u0142ego ambasadora w Chile \u2013 zdaniem najlepsza plac\u00f3wka w polskiej dyplomacji. W Europie, a daleko od Warszawy, \u017ceby codziennie nie je\u017adzi\u0107 na lotnisko po kolejn\u0105 delegacj\u0119, du\u017co si\u0119 dzieje \u2013 Partia Ludowa i socjali\u015bci co pewien czas wyrywaj\u0105 [&hellip;]<\/p>\n","protected":false},"author":4,"featured_media":0,"comment_status":"open","ping_status":"closed","sticky":false,"template":"","format":"standard","meta":{"footnotes":""},"categories":[1],"tags":[],"_links":{"self":[{"href":"https:\/\/blog.polityka.pl\/passent\/wp-json\/wp\/v2\/posts\/1818"}],"collection":[{"href":"https:\/\/blog.polityka.pl\/passent\/wp-json\/wp\/v2\/posts"}],"about":[{"href":"https:\/\/blog.polityka.pl\/passent\/wp-json\/wp\/v2\/types\/post"}],"author":[{"embeddable":true,"href":"https:\/\/blog.polityka.pl\/passent\/wp-json\/wp\/v2\/users\/4"}],"replies":[{"embeddable":true,"href":"https:\/\/blog.polityka.pl\/passent\/wp-json\/wp\/v2\/comments?post=1818"}],"version-history":[{"count":7,"href":"https:\/\/blog.polityka.pl\/passent\/wp-json\/wp\/v2\/posts\/1818\/revisions"}],"predecessor-version":[{"id":1830,"href":"https:\/\/blog.polityka.pl\/passent\/wp-json\/wp\/v2\/posts\/1818\/revisions\/1830"}],"wp:attachment":[{"href":"https:\/\/blog.polityka.pl\/passent\/wp-json\/wp\/v2\/media?parent=1818"}],"wp:term":[{"taxonomy":"category","embeddable":true,"href":"https:\/\/blog.polityka.pl\/passent\/wp-json\/wp\/v2\/categories?post=1818"},{"taxonomy":"post_tag","embeddable":true,"href":"https:\/\/blog.polityka.pl\/passent\/wp-json\/wp\/v2\/tags?post=1818"}],"curies":[{"name":"wp","href":"https:\/\/api.w.org\/{rel}","templated":true}]}}