
{"id":1831,"date":"2013-04-03T17:17:11","date_gmt":"2013-04-03T15:17:11","guid":{"rendered":"http:\/\/passent.blog.polityka.pl\/?p=1831"},"modified":"2013-04-18T10:49:40","modified_gmt":"2013-04-18T08:49:40","slug":"im-biedniej-tym-lepiej","status":"publish","type":"post","link":"https:\/\/blog.polityka.pl\/passent\/2013\/04\/03\/im-biedniej-tym-lepiej\/","title":{"rendered":"Im biedniej &#8211; tym lepiej"},"content":{"rendered":"<p>Media ho\u0142duj\u0105 zasadzie, \u017ce im biedniejszy ksi\u0105dz czy policjant &#8211; tym lepiej. Skromno\u015b\u0107 i ub\u00f3stwo nowego papie\u017ca wywo\u0142uj\u0105 zachwyty. Sam odebra\u0142 walizk\u0119 z hotelu! Sam zap\u0142aci\u0142 rachunek! (Czy inni nie p\u0142ac\u0105?). Nadal mieszka w Domu \u015bw. Marty. Odrzuci\u0142 pelerynk\u0119, obszyt\u0105 gronostajami, m\u00f3wi\u0105c, \u017ce &#8222;karnawa\u0142 si\u0119 sko\u0144czy\u0142&#8221;. Wszystko to ma zwiastowa\u0107 Ko\u015bci\u00f3\u0142 ubogi i dla ubogich. Katarzyna Wi\u015bniewska, komentatorka &#8222;Gazety Wyborczej&#8221;, pisze, \u017ce niekt\u00f3rzy polscy hierarchowie usi\u0142uj\u0105 &#8222;rozbroi\u0107&#8221; przes\u0142anie Franciszka. &#8222;Ksi\u0105dz, kt\u00f3ry na kazaniu (chyba &#8222;w kazaniu&#8221;? &#8211; Pass.) g\u0142osi\u00a0\u00a0 ub\u00f3stwo\u2019, a potem wsiada do audi, wypada mniej przekonuj\u0105co ni\u017c taki, kt\u00f3ry je\u017adzi wys\u0142u\u017conym samochodem\u00a0 i mieszka na skromnej plebanii&#8221; &#8211; pisze autorka. Wszystko to prawda, ale wa\u017cniejsze od pelerynki jest to, co nowy papie\u017c b\u0119dzie mia\u0142 do powiedzenia w sprawach na prawd\u0119 istotnych.\u00a0<!--more--><\/p>\n<p>Dziennikarki &#8222;Rz.&#8221; z kolei pastwi\u0105 si\u0119 nad samochodem audi komendanta policji, gen. Dzia\u0142oszy\u0144skiego. Komendant, podobnie jak ksi\u0105dz, te\u017c je\u017adzi audi. Wida\u0107, \u017ce audi to symbol statusu. Jest to 6-letnie cacko, z silnikiem lamborghini, kt\u00f3re policja otrzyma\u0142a w darze od Fundacji Orlen Dar Serca. Do tego dochodzi samoch\u00f3d skoda i &#8222;variobus&#8221; mercedes, kt\u00f3ry mo\u017ce policji s\u0142u\u017cy\u0107 jako salonka. Autorki (I. Kacprzak i G. Zawadka) skrupulatnie wyliczaj\u0105 inne grzechy komendanta, kt\u00f3rego wcale nie broni\u0119. Ciekawi mnie tylko za\u0142o\u017cenie, \u017ce im dygnitarz biedniejszy &#8211; tym lepszy. Im starszym i gorszym je\u017adzi samochodem &#8211; tym lepiej. Mo\u017ce faktycznie tak jest (mniej wydaje na paliwo, wiecej na naprawy), chocia\u017c mo\u017cna dyskutowa\u0107, czy 6-letnie audi z dar\u00f3w to wrak czy przepych? Dla mnie ksi\u0105dz i komendant mog\u0105 je\u017adzi\u0107 wys\u0142u\u017conym audi &#8211; byle robili swoje.<\/p>\n<p>Tymczasem niekt\u00f3re wie\u015bci o hierarchach (i o policji te\u017c) budz\u0105 zdumienie. Jak donosi &#8222;Rz.&#8221;,\u00a0 papie\u017c Franciszek\u00a0 zamierza przenie\u015b\u0107 metropolit\u0119 lwowskiego, abpa Mieczys\u0142awa Mokrzyckiego do Wroc\u0142awia, a metropolici wroc\u0142awscy zazwyczaj zostaj\u0105 kardyna\u0142ami. Wszystko pi\u0119knie, gdyby nie to, \u017ce arcybiskup jest w konflikcie z w\u0142adzami ukrai\u0144skimi, bo zamierza odzyska\u0107 ko\u015bcio\u0142y katolickie, dzi\u015b u\u017cywane niezgodnie z przeznaczeniem, &#8222;jest te\u017c sk\u0142\u00f3cony z miejscow\u0105 Poloni\u0105&#8221; (dopu\u015bci\u0142 by w katedrze msze by\u0142y odprawiane r\u00f3wnie\u017c po ukrai\u0144sku), &#8222;nie ma te\u017c najlepszych stosunk\u00f3w z kardyna\u0142em Dziwiszem (kilka lat temu po\u017cyczy\u0142 z Krakowa relikwiarz i nie chce go odda\u0107). \u0141adne rzeczy! Sk\u0142\u00f3cony ze wszystkimi, arcybiskup z relikwiarzem b\u0119dzie teraz podarunkiem nowego papie\u017ca dla Ko\u015bcio\u0142a wroc\u0142awskiego. Niestety, z tego artyku\u0142u nie dowiadujemy sie, jakim samochodem je\u017adzi abp Mieczys\u0142aw Mokrzycki &#8211; bo je\u015bli star\u0105 skod\u0105, to wszystkie grzechy b\u0119d\u0105 mu\u00a0 odpuszczone.<\/p>\n","protected":false},"excerpt":{"rendered":"<p>Media ho\u0142duj\u0105 zasadzie, \u017ce im biedniejszy ksi\u0105dz czy policjant &#8211; tym lepiej. Skromno\u015b\u0107 i ub\u00f3stwo nowego papie\u017ca wywo\u0142uj\u0105 zachwyty. Sam odebra\u0142 walizk\u0119 z hotelu! Sam zap\u0142aci\u0142 rachunek! (Czy inni nie p\u0142ac\u0105?). Nadal mieszka w Domu \u015bw. Marty. Odrzuci\u0142 pelerynk\u0119, obszyt\u0105 gronostajami, m\u00f3wi\u0105c, \u017ce &#8222;karnawa\u0142 si\u0119 sko\u0144czy\u0142&#8221;. Wszystko to ma zwiastowa\u0107 Ko\u015bci\u00f3\u0142 ubogi i dla ubogich. [&hellip;]<\/p>\n","protected":false},"author":4,"featured_media":0,"comment_status":"open","ping_status":"closed","sticky":false,"template":"","format":"standard","meta":{"footnotes":""},"categories":[1],"tags":[],"_links":{"self":[{"href":"https:\/\/blog.polityka.pl\/passent\/wp-json\/wp\/v2\/posts\/1831"}],"collection":[{"href":"https:\/\/blog.polityka.pl\/passent\/wp-json\/wp\/v2\/posts"}],"about":[{"href":"https:\/\/blog.polityka.pl\/passent\/wp-json\/wp\/v2\/types\/post"}],"author":[{"embeddable":true,"href":"https:\/\/blog.polityka.pl\/passent\/wp-json\/wp\/v2\/users\/4"}],"replies":[{"embeddable":true,"href":"https:\/\/blog.polityka.pl\/passent\/wp-json\/wp\/v2\/comments?post=1831"}],"version-history":[{"count":3,"href":"https:\/\/blog.polityka.pl\/passent\/wp-json\/wp\/v2\/posts\/1831\/revisions"}],"predecessor-version":[{"id":1846,"href":"https:\/\/blog.polityka.pl\/passent\/wp-json\/wp\/v2\/posts\/1831\/revisions\/1846"}],"wp:attachment":[{"href":"https:\/\/blog.polityka.pl\/passent\/wp-json\/wp\/v2\/media?parent=1831"}],"wp:term":[{"taxonomy":"category","embeddable":true,"href":"https:\/\/blog.polityka.pl\/passent\/wp-json\/wp\/v2\/categories?post=1831"},{"taxonomy":"post_tag","embeddable":true,"href":"https:\/\/blog.polityka.pl\/passent\/wp-json\/wp\/v2\/tags?post=1831"}],"curies":[{"name":"wp","href":"https:\/\/api.w.org\/{rel}","templated":true}]}}