
{"id":1834,"date":"2013-04-05T18:51:49","date_gmt":"2013-04-05T16:51:49","guid":{"rendered":"http:\/\/passent.blog.polityka.pl\/?p=1834"},"modified":"2013-04-18T10:49:53","modified_gmt":"2013-04-18T08:49:53","slug":"pomnik-sprawiedliwych","status":"publish","type":"post","link":"https:\/\/blog.polityka.pl\/passent\/2013\/04\/05\/pomnik-sprawiedliwych\/","title":{"rendered":"Pomnik Sprawiedliwych"},"content":{"rendered":"<p>Popieram sprzeciw pani prof. Barbary Engelking (GW 4 IV) wobec pomys\u0142u usytuowania pomnika Sprawiedliwych obok Muzeum Historii \u017byd\u00f3w Polskich, co ma zosta\u0107 og\u0142oszone ausgerechnet 19 kwietnia. Podzielam pogl\u0105d, \u017ce Sprawiedliwym bez w\u0105tpienia nale\u017cy si\u0119 pomnik, ich dzia\u0142ania wymaga\u0142y odwagi i bohaterstwa. Sam dzi\u0119ki nim ocala\u0142em i zadba\u0142em, by mieli drzewko i medal Sprawiedliwy W\u015br\u00f3d Narod\u00f3w \u015awiata. Jednak\u00a0 pomnik w Warszawie nie powinien stan\u0105\u0107 w tym miejscu, kt\u00f3re opowiada o \u017cydowskim cierpieniu, a nie o Polakach. Ten malutki fragment Warszawy nale\u017cy do \u017byd\u00f3w.<!--more--><\/p>\n<p>Niefortunny wyb\u00f3r miejsca wypacza sens pomnika \u2013 pisze s\u0142usznie Barbara Engelking. \u201eMo\u017cna go w tej przestrzeni odczyta\u0107 tak, jakby pa\u0144stwo polskie swoim autorytetem deklarowa\u0142o ostatnie s\u0142owo, jak gdyby opowiada\u0142o si\u0119 po stronnie tych, kt\u00f3ry wypychaj\u0105 do przodu\u00a0\u00a0\u00a0 garstk\u0119 sprawiedliwych, chowaj\u0105c si\u0119 za ich plecami i m\u00f3wi\u0105c dziecinnie: \u2018a my\u015bmy pomagali\u2019\u201d.<\/p>\n<p>Postawienie pomnika Sprawiedliwych na miejscu przesi\u0105kni\u0119tym \u017cydowskim cierpieniem mo\u017ce by\u0107 odczytane \u2013 zapewne wbrew intencjom pomys\u0142odawc\u00f3w \u2013 jako przejaw pychy, kt\u00f3ra wymaga, by \u201enasze\u201d by\u0142o na wierzchu i racja by\u0142a po \u201enaszej\u201d stronie \u2013 pisze prof. Engelking.<\/p>\n<p>Mam natomiast w\u0105tpliwo\u015bci co do ostatniego fragmentu artyku\u0142u pani profesor, kt\u00f3ry brzmi: \u201eNic nie pomo\u017ce: nawet dziesi\u0119\u0107 pomnik\u00f3w, alejka Sendlerowej, \u0142aweczka Karskiego i inne \u2018szlachetne\u2019 pomys\u0142y nie przykryj\u0105 prawdy o tym, jak cz\u0119\u015b\u0107 Polak\u00f3w zachowywa\u0142a si\u0119 w czasie Zag\u0142ady. Pomnik Sprawiedliwych nie zetrze z tego miejsca \u017cydowskiego cierpienia i polskiej oboj\u0119tno\u015bci\u201d.<\/p>\n<p>Pragn\u0119 zauwa\u017cy\u0107, \u017ce funkcj\u0105 pomnika jest nie tylko upami\u0119tnienie przesz\u0142o\u015bci, ale tak\u017ce wychowanie obecnego i przysz\u0142ych pokole\u0144, przypominanie o czynach szlachetnych i utrwalanie najlepszych wzorc\u00f3w. Nawet je\u015bli by\u0142y udzia\u0142em stosunkowo nielicznych.<\/p>\n","protected":false},"excerpt":{"rendered":"<p>Popieram sprzeciw pani prof. Barbary Engelking (GW 4 IV) wobec pomys\u0142u usytuowania pomnika Sprawiedliwych obok Muzeum Historii \u017byd\u00f3w Polskich, co ma zosta\u0107 og\u0142oszone ausgerechnet 19 kwietnia. Podzielam pogl\u0105d, \u017ce Sprawiedliwym bez w\u0105tpienia nale\u017cy si\u0119 pomnik, ich dzia\u0142ania wymaga\u0142y odwagi i bohaterstwa. Sam dzi\u0119ki nim ocala\u0142em i zadba\u0142em, by mieli drzewko i medal Sprawiedliwy W\u015br\u00f3d Narod\u00f3w [&hellip;]<\/p>\n","protected":false},"author":4,"featured_media":0,"comment_status":"open","ping_status":"closed","sticky":false,"template":"","format":"standard","meta":{"footnotes":""},"categories":[1],"tags":[],"_links":{"self":[{"href":"https:\/\/blog.polityka.pl\/passent\/wp-json\/wp\/v2\/posts\/1834"}],"collection":[{"href":"https:\/\/blog.polityka.pl\/passent\/wp-json\/wp\/v2\/posts"}],"about":[{"href":"https:\/\/blog.polityka.pl\/passent\/wp-json\/wp\/v2\/types\/post"}],"author":[{"embeddable":true,"href":"https:\/\/blog.polityka.pl\/passent\/wp-json\/wp\/v2\/users\/4"}],"replies":[{"embeddable":true,"href":"https:\/\/blog.polityka.pl\/passent\/wp-json\/wp\/v2\/comments?post=1834"}],"version-history":[{"count":3,"href":"https:\/\/blog.polityka.pl\/passent\/wp-json\/wp\/v2\/posts\/1834\/revisions"}],"predecessor-version":[{"id":1847,"href":"https:\/\/blog.polityka.pl\/passent\/wp-json\/wp\/v2\/posts\/1834\/revisions\/1847"}],"wp:attachment":[{"href":"https:\/\/blog.polityka.pl\/passent\/wp-json\/wp\/v2\/media?parent=1834"}],"wp:term":[{"taxonomy":"category","embeddable":true,"href":"https:\/\/blog.polityka.pl\/passent\/wp-json\/wp\/v2\/categories?post=1834"},{"taxonomy":"post_tag","embeddable":true,"href":"https:\/\/blog.polityka.pl\/passent\/wp-json\/wp\/v2\/tags?post=1834"}],"curies":[{"name":"wp","href":"https:\/\/api.w.org\/{rel}","templated":true}]}}