
{"id":1842,"date":"2013-04-12T19:41:17","date_gmt":"2013-04-12T17:41:17","guid":{"rendered":"http:\/\/passent.blog.polityka.pl\/?p=1842"},"modified":"2013-04-18T10:49:25","modified_gmt":"2013-04-18T08:49:25","slug":"panstwo-to-my","status":"publish","type":"post","link":"https:\/\/blog.polityka.pl\/passent\/2013\/04\/12\/panstwo-to-my\/","title":{"rendered":"Pa\u0144stwo to my"},"content":{"rendered":"<p>Ur\u0105ganie na pa\u0144stwo polskie nale\u017cy dzi\u015b do dobrego tonu. Na ka\u017cdym kroku wida\u0107 i s\u0142ycha\u0107 narzekania na pa\u0144stwo. Pluskwy w poci\u0105gu \u2013 pa\u0144stwo. Psie odchody na ulicy \u2013 pa\u0144stwo. Dziura w mo\u015bcie \u2013 pa\u0144stwo. Biblioteki padaj\u0105 \u2013 pa\u0144stwo. Brakuje miejsc w przedszkolach \u2013 pa\u0144stwo. Bezrobocie ro\u015bnie \u2013 pa\u0144stwo. Sprawy w s\u0105dach wlok\u0105 si\u0119 latami \u2013 pa\u0144stwo. Spada dzietno\u015b\u0107 \u2013 pa\u0144stwo. Wraku jak nie ma, tak nie ma \u2013 pa\u0144stwo. Medali na igrzyskach w Londynie ma\u0142o \u2013 pa\u0144stwo.<!--more--><\/p>\n<p>Zastanawiam si\u0119, czy mo\u017cna wszystko zwala\u0107 na pa\u0144stwo, czy to aby nie jest spu\u015bcizna po czasach, kiedy pa\u0144stwo odpowiada\u0142o nawet za brak papieru higienicznego. Niepodleg\u0142e, suwerenne, demokratyczne, rozwijaj\u0105ce si\u0119, prze\u017cywaj\u0105ce najlepszy okres od stuleci \u2013 to te\u017c jest nasze pa\u0144stwo. Nie\u00a0 wszystko co z\u0142e mo\u017cna zwala\u0107 na pa\u0144stwo.<\/p>\n<p>Tragedia smole\u0144ska obna\u017cy\u0142a wiele s\u0142abo\u015bci pa\u0144stwa, jak cho\u0107by z\u0142e stosunki na szczycie w\u0142adzy czy z\u0142e szkolenie pilot\u00f3w. Ale lekcewa\u017cenie procedur, oszustwa w pu\u0142ku lotniczym, lekkomy\u015blno\u015b\u0107, beztroska, brak wyobra\u017ani \u2013 to nie tyle cechy pa\u0144stwa, a bardziej skutek niskiej kultury pracy i s\u0142u\u017cby, b\u0119d\u0105ce raczej wynikiem braku przez stulecia w\u0142asnego pa\u0144stwa,\u00a0 ni\u017c jego wina dzisiaj.<\/p>\n<p>W komentarzu redakcyjnym \u201eRzeczpospolitej\u201d (10 IV) znajdujemy ca\u0142\u0105 litani\u0119 pretensji pod adresem pa\u0144stwa \u2013 moim zdaniem nie wszystkie s\u0105 uzasadnione. \u201ePa\u0144stwo ma obowi\u0105zek zrobi\u0107 wszystko, by wyja\u015bni\u0107 przyczyny katastrofy\u201d \u2013 to bana\u0142, ale jak mo\u017cna \u201ezrobi\u0107 wszystko\u201d, skoro zawsze mo\u017cna zrobi\u0107 wi\u0119cej? \u201eDo rangi symbolu naszej dyplomatycznej pora\u017cki nale\u017cy problem wraku tupolewa\u201d, lekcewa\u017cony przez pa\u0144stwo. Ale jak mo\u017cna zapewni\u0107 zwrot wraku, je\u015bli le\u017cy on na terenie innego pa\u0144stwa, z kt\u00f3rym stosunki dalekie s\u0105 od przyjaznych, a tamtejsze prawo dostarcza pretekstu na \u201enie\u201d? Czy Wielka Brytania albo Ameryka odda\u0142yby wrak przed\u00a0 zako\u0144czeniem \u015bledztwa? \u201eRo\u015bnie liczba tych, kt\u00f3rzy s\u0105 przekonani, i\u017c polskie pa\u0144stwo nie zrobi\u0142o wszystkiego, by jak najlepiej wyja\u015bni\u0107 wszystkie przyczyny smole\u0144skiej katastrofy ( Zgoda \u2013 Pass.) Trudno si\u0119 temu dziwi\u0107, skoro coraz to nowe\u00a0 ustalenia prokuratury wojskowej podwa\u017caj\u0105 punkty rz\u0105dowego raportu\u2026\u201d. Ale \u2013 zapytajmy \u2013 czy prokuratura wojskowa nie jest urz\u0119dem pa\u0144stwowym, nie jest cz\u0119\u015bci\u0105 pa\u0144stwa?<\/p>\n<p>Zwalanie wszystkiego na pa\u0144stwo nie jest uzasadnione. Pewnego dnia w\u0142adza si\u0119 zmieni (mia\u0142a zosta\u0107 zmieciona kilka dni temu), ale pa\u0144stwo pozostanie i z dnia na dzie\u0144 si\u0119 nie zmieni. Nie nale\u017cy si\u0119 od niego odcina\u0107, mamy pa\u0144stwo dalekie od idea\u0142u, takie, jakimi s\u0105 jego obywatele.<\/p>\n<p>PS. Telegraphic Observer: Czytam trzy ksi\u0105\u017cki na zmian\u0119, z tego dwie moich dawnych koleg\u00f3w z \u201ePolityki\u201d: \u201eJerzy Urban o swoim \u017cyciu rozmawia z Mart\u0105 Stremeck\u0105\u201d (nie wiem, czy ju\u017c jest w ksi\u0119garniach, wyd. Czerwone i Czarne), i\u00a0 Janusz Rolicki \u201eWa\u0144ka \u2013 wsta\u0144ka\u201d (wywiad rzeka, wyd. Demart). O obu ksi\u0105\u017ckach napisz\u0119. Ponadto czytam: Tom Segev, \u201eSi\u00f3dmy milion. Izrael \u2013 pi\u0119tno Zag\u0142ady\u201d.<\/p>\n<p>Staruszek (10. IV): \u201eListy do pani Z\u201d napisa\u0142 Kazimierz Brandys.<\/p>\n<p>Emmanuel Goldstein, maciek.g: Przechodzicie panowie okres pr\u00f3bny na tym blogu.<\/p>\n","protected":false},"excerpt":{"rendered":"<p>Ur\u0105ganie na pa\u0144stwo polskie nale\u017cy dzi\u015b do dobrego tonu. Na ka\u017cdym kroku wida\u0107 i s\u0142ycha\u0107 narzekania na pa\u0144stwo. Pluskwy w poci\u0105gu \u2013 pa\u0144stwo. Psie odchody na ulicy \u2013 pa\u0144stwo. Dziura w mo\u015bcie \u2013 pa\u0144stwo. Biblioteki padaj\u0105 \u2013 pa\u0144stwo. Brakuje miejsc w przedszkolach \u2013 pa\u0144stwo. Bezrobocie ro\u015bnie \u2013 pa\u0144stwo. Sprawy w s\u0105dach wlok\u0105 si\u0119 latami \u2013 [&hellip;]<\/p>\n","protected":false},"author":4,"featured_media":0,"comment_status":"open","ping_status":"closed","sticky":false,"template":"","format":"standard","meta":{"footnotes":""},"categories":[1],"tags":[],"_links":{"self":[{"href":"https:\/\/blog.polityka.pl\/passent\/wp-json\/wp\/v2\/posts\/1842"}],"collection":[{"href":"https:\/\/blog.polityka.pl\/passent\/wp-json\/wp\/v2\/posts"}],"about":[{"href":"https:\/\/blog.polityka.pl\/passent\/wp-json\/wp\/v2\/types\/post"}],"author":[{"embeddable":true,"href":"https:\/\/blog.polityka.pl\/passent\/wp-json\/wp\/v2\/users\/4"}],"replies":[{"embeddable":true,"href":"https:\/\/blog.polityka.pl\/passent\/wp-json\/wp\/v2\/comments?post=1842"}],"version-history":[{"count":3,"href":"https:\/\/blog.polityka.pl\/passent\/wp-json\/wp\/v2\/posts\/1842\/revisions"}],"predecessor-version":[{"id":1845,"href":"https:\/\/blog.polityka.pl\/passent\/wp-json\/wp\/v2\/posts\/1842\/revisions\/1845"}],"wp:attachment":[{"href":"https:\/\/blog.polityka.pl\/passent\/wp-json\/wp\/v2\/media?parent=1842"}],"wp:term":[{"taxonomy":"category","embeddable":true,"href":"https:\/\/blog.polityka.pl\/passent\/wp-json\/wp\/v2\/categories?post=1842"},{"taxonomy":"post_tag","embeddable":true,"href":"https:\/\/blog.polityka.pl\/passent\/wp-json\/wp\/v2\/tags?post=1842"}],"curies":[{"name":"wp","href":"https:\/\/api.w.org\/{rel}","templated":true}]}}