
{"id":1849,"date":"2013-04-18T15:58:16","date_gmt":"2013-04-18T13:58:16","guid":{"rendered":"http:\/\/passent.blog.polityka.pl\/?p=1849"},"modified":"2013-04-19T14:52:47","modified_gmt":"2013-04-19T12:52:47","slug":"dwie-lewe-nogi","status":"publish","type":"post","link":"https:\/\/blog.polityka.pl\/passent\/2013\/04\/18\/dwie-lewe-nogi\/","title":{"rendered":"Dwie lewe nogi"},"content":{"rendered":"<p>Od d\u0142u\u017cszego czasu obserwujemy degradacj\u0119 lewicy i konsolidacj\u0119 prawicy w Polsce. Prawica idzie w g\u00f3r\u0119 w sonda\u017cach, zak\u0142ada gazety, telewizje i czasopisma, wyprowadza ludzi\u00a0 na ulice, broni swoi\u015bcie pojmowanych warto\u015bci, jak w sprawie in vitro, aborcji, zwi\u0105zk\u00f3w partnerskich, walczy o dobre imi\u0119 Polski i Polak\u00f3w przed wyimaginowan\u0105 kampani\u0105 antypolsk\u0105, nie waha si\u0119 m\u00f3wi\u0107, \u017ce \u017bydzi sami s\u0105 sobie winni Zag\u0142ady, wymy\u015bla i lansuje absurdalne teorie smole\u0144skie, znajduje swoich profesor\u00f3w w Pernambuco, ma swoje boj\u00f3wki, kt\u00f3re zak\u0142\u00f3caj\u0105 wyk\u0142ady i spotkania innych \u2013 s\u0142owem tryska energi\u0105, a spory wewn\u0119trzne (Ziobro i inni) pozostaj\u0105 na marginesie.<!--more--><\/p>\n<p>Na tym tle lewica przedstawia si\u0119 \u017ca\u0142o\u015bnie. Cho\u0107 jej liderzy \u2013 Kwa\u015bniewski, Miller, Palikot, Kalisz, Czarzasty, Kwiatkowski, Siwiec, Oleksy, Rozenek \u2013 nie wychodz\u0105 z medi\u00f3w, to jednak walcz\u0105 g\u0142\u00f3wnie mi\u0119dzy sob\u0105. Nie maj\u0105 g\u0142owy do nier\u00f3wno\u015bci spo\u0142ecznych, do kryzysu, do katolickiego pa\u0144stwa narodu polskiego, do wszelkiego rodzaju mniejszo\u015bci, do coraz bardziej zak\u0142amanej wersji historii najnowszej, do budowy w\u0142asnych medi\u00f3w albo klub\u00f3w, do kontakt\u00f3w z s\u0105siadami naszego kraju, s\u0142owem nie maj\u0105 serca do programu \u2013 tylko do walki kogut\u00f3w.<\/p>\n<p>Palikot skandalizuje i trwoni poparcie, jakie zdoby\u0142. Rozgrywka z marsza\u0142ek Nowick\u0105 bardzo mu zaszkodzi\u0142a. Aleksander Kwa\u015bniewski pope\u0142ni\u0142 falstart z \u201eEurop\u0105 +\u201d\u00a0 zanim powsta\u0142 jej program, Leszek Miller ca\u0142y jest skupiony na tym, \u017ceby utr\u0105ci\u0107 potencjalnych rywali. Oleksy si\u0119 o\u015bmieszy\u0142, kiedy Miller zaprosi\u0142 Wa\u0142\u0119s\u0119. Kwa\u015bniewski \u015bci\u0105gn\u0105\u0142 na siebie lawin\u0119 atak\u00f3w. Miller zajmuje si\u0119 zapraszaniem by\u0142ych prezydent\u00f3w nie wiadomo do czego, bo program kongresu lewicy, kt\u00f3ry ma si\u0119 odby\u0107 w czerwcu, pozostaje tajemnic\u0105.<\/p>\n<p>W rezultacie nie wiadomo, jaka ta lewica jest i czego chce? Lewica w koalicji z prawicow\u0105 Platform\u0105, lewica podatku poziomego, lewica, kt\u00f3ra biernie przygl\u0105da si\u0119 post\u0119puj\u0105cej katechizacji w szko\u0142ach, kt\u00f3ra nie broni swojej przesz\u0142o\u015bci, lewica pasywna i przestraszona, kt\u00f3ra ma jedn\u0105 obsesj\u0119 \u2013 kto wy\u017cej si\u0105dzie na grz\u0119dzie?<\/p>\n<p>Trudno oprze\u0107 si\u0119 wra\u017ceniu, \u017ce lewica ma dwie lewe nogi.<\/p>\n<p>PS. ZAPROSZENIE<\/p>\n<p>\u201eUk\u0142ad zamkni\u0119ty\u201d czy agitka? Zapraszam do wys\u0142uchania dyskusji z udzia\u0142em m.in. Dominiki Staniewicz (Business Center Club), Piotra Gadzinowskiego (kiedy\u015b z \u201eNie\u201d, potem pos\u0142a lewicy) i Piotra Pytlakowskiego \u2013 reportera i publicysty \u201ePolityki\u201d. Radio TOK FM, wtorek, 23 kwietnia, godz. 20.05. Do us\u0142yszenia!<\/p>\n","protected":false},"excerpt":{"rendered":"<p>Od d\u0142u\u017cszego czasu obserwujemy degradacj\u0119 lewicy i konsolidacj\u0119 prawicy w Polsce. Prawica idzie w g\u00f3r\u0119 w sonda\u017cach, zak\u0142ada gazety, telewizje i czasopisma, wyprowadza ludzi\u00a0 na ulice, broni swoi\u015bcie pojmowanych warto\u015bci, jak w sprawie in vitro, aborcji, zwi\u0105zk\u00f3w partnerskich, walczy o dobre imi\u0119 Polski i Polak\u00f3w przed wyimaginowan\u0105 kampani\u0105 antypolsk\u0105, nie waha si\u0119 m\u00f3wi\u0107, \u017ce \u017bydzi [&hellip;]<\/p>\n","protected":false},"author":4,"featured_media":0,"comment_status":"open","ping_status":"closed","sticky":false,"template":"","format":"standard","meta":{"footnotes":""},"categories":[1],"tags":[],"_links":{"self":[{"href":"https:\/\/blog.polityka.pl\/passent\/wp-json\/wp\/v2\/posts\/1849"}],"collection":[{"href":"https:\/\/blog.polityka.pl\/passent\/wp-json\/wp\/v2\/posts"}],"about":[{"href":"https:\/\/blog.polityka.pl\/passent\/wp-json\/wp\/v2\/types\/post"}],"author":[{"embeddable":true,"href":"https:\/\/blog.polityka.pl\/passent\/wp-json\/wp\/v2\/users\/4"}],"replies":[{"embeddable":true,"href":"https:\/\/blog.polityka.pl\/passent\/wp-json\/wp\/v2\/comments?post=1849"}],"version-history":[{"count":3,"href":"https:\/\/blog.polityka.pl\/passent\/wp-json\/wp\/v2\/posts\/1849\/revisions"}],"predecessor-version":[{"id":1852,"href":"https:\/\/blog.polityka.pl\/passent\/wp-json\/wp\/v2\/posts\/1849\/revisions\/1852"}],"wp:attachment":[{"href":"https:\/\/blog.polityka.pl\/passent\/wp-json\/wp\/v2\/media?parent=1849"}],"wp:term":[{"taxonomy":"category","embeddable":true,"href":"https:\/\/blog.polityka.pl\/passent\/wp-json\/wp\/v2\/categories?post=1849"},{"taxonomy":"post_tag","embeddable":true,"href":"https:\/\/blog.polityka.pl\/passent\/wp-json\/wp\/v2\/tags?post=1849"}],"curies":[{"name":"wp","href":"https:\/\/api.w.org\/{rel}","templated":true}]}}