
{"id":185,"date":"2006-12-15T08:34:48","date_gmt":"2006-12-15T07:34:48","guid":{"rendered":"http:\/\/passent.blog.polityka.pl\/?p=185"},"modified":"2006-12-15T00:43:38","modified_gmt":"2006-12-14T23:43:38","slug":"goodbye-czyli-won","status":"publish","type":"post","link":"https:\/\/blog.polityka.pl\/passent\/2006\/12\/15\/goodbye-czyli-won\/","title":{"rendered":"Goodbye, czyli won"},"content":{"rendered":"<p><strong>\u0141Y\u017bWA &#8211; WON!<\/strong> A nie pisa\u0142em na tym blogu, \u017ce albo \u0142y\u017cwa, albo koalicja? Wystarczy\u0142o zdj\u0105\u0107 \u0142y\u017cw\u0119 i ju\u017c po zamachu stanu. To nawet nie by\u0142 zamach na \u0142y\u017cwach hokejowych, tylko na figurowych, i to starego typu, przykr\u0119canych do buta. Takie \u0142y\u017cwy mog\u0105 pami\u0119ta\u0107 tylko najstarsi z Pa\u0144stwa, albo s\u0105 do obejrzenia w muzeum sportu. \u017beby wyrzuci\u0107 tak\u0105 \u0142y\u017cw\u0119, premier Lepper nie musia\u0142 nawet zdejmowa\u0107 buta. Najbardziej \u017cenuj\u0105ce by\u0142o to, \u017ce Lepper wyrzuci\u0142 \u0141. osobi\u015bcie i w\u0142asnor\u0119cznie, jak z prywatnej partii, z w\u0142asnego folwarku, kt\u00f3ry wchodzi w sk\u0142ad folwarku koalicyjnego. Ciekawe, co teraz my\u015bli min. Aleksander Szczyg\u0142o, szef Kancelarii Prezydenta, kt\u00f3ry broni\u0142 \u0141y\u017cwy przed samos\u0105dem medi\u00f3w. Czy wstawi si\u0119 za \u0141y\u017cw\u0105 u przewodnicz\u0105cego Leppera, czy zaprotestuje przeciwko ferowaniu wyrok\u00f3w, epatowaniu, czy nadal b\u0119dzie kaza\u0142 czeka\u0107 na wnioski prokuratury etc.?<\/p>\n<p><strong>M\u0141ODZIE\u017b WSZECHPOLSKA \u2013 WON!<\/strong> A nie by\u0142o kilka dni temu na naszym blogu wpisu pt. \u201eWon!\u201d? Premier Kaczy\u0144ski, jak to si\u0119 dawniej m\u00f3wi\u0142o, \u201epolecia\u0142 po skrzyd\u0142ach\u201d \u2013 erotycznym i swastykowym, tak jak Gomu\u0142ka pozbywa\u0142 si\u0119 rewizjonist\u00f3w i dogmatyk\u00f3w &#8211; i odnowiona moralnie koalicja wzbi\u0142a si\u0119 do lotu. Kto uwa\u017ca, \u017ce \u201e\u0141y\u017cwa\u201d to by\u0142o jedyne zgni\u0142e jab\u0142ko w skrzynce zdrowych koszteli oraz \u017ce MW mo\u017cna strzepn\u0105\u0107 z r\u0119kawa jak popi\u00f3\u0142 z papierosa &#8211; ten si\u0119 rozczaruje. Dop\u00f3ki u w\u0142adzy b\u0119d\u0105 Kurski, Wierzejski i Lepper oraz inne Farfa\u0142y, dop\u00f3ty nic dobrego nas nie czeka. Zreszt\u0105, nawet gdyby premier i tych or\u0142\u00f3w si\u0119 pozby\u0142, to pozostanie na placu boju prof. Ryszard Legutko, kt\u00f3ry wszystko zrozumie i wybaczy.<\/p>\n<p><strong>JAN SULMICKI \u2013 WON!<\/strong> Jeszcze przedwczoraj nikt o nim nie s\u0142ysza\u0142, wczoraj profesor nadzwyczajny Jan Sulmicki by\u0142 kandydatem Prezydenta RP na stanowisko prezesa NBP (nawet najstarsi ekonomi\u015bci pytali, kto zacz), a dzi\u015b sam si\u0119 wycofa\u0142. Tajemnicza sprawa. Prezydent wskaza\u0142 na prof. Sulmickiego z dum\u0105, jako na swojego kandydata, kt\u00f3rego nikt (\u017cadne lobby) mu nie suflowa\u0142 (w tym kry\u0142a si\u0119 przygana dla tych, kt\u00f3rzy usi\u0142owali suflowa\u0107). Leszek Balcerowicz wypowiedzia\u0142 si\u0119 o kandydacie na swojego nast\u0119pc\u0119 bardzo wstrzemi\u0119\u017aliwie i dyplomatycznie:<\/p>\n<blockquote><p>Ma przygotowanie akademickie i pracowa\u0142 w administracji publicznej.<\/p><\/blockquote>\n<p>Trudno o bardziej lodowat\u0105 opini\u0119 o swoim by\u0142ym doradcy. I okaza\u0142o si\u0119, \u017ce Balcerowicz zn\u00f3w mia\u0142 racj\u0119, a PiS nie ma rozeznania w\u015br\u00f3d wykszta\u0142ciuch\u00f3w (na szefa NBP mo\u017cna wybra\u0107 Artura Zawisz\u0119 czy innego ze swoich specjalist\u00f3w od bankowo\u015bci). I zn\u00f3w b\u0119dzie jak z kandydatami na cz\u0142onk\u00f3w Trybuna\u0142u Konstytucyjnego \u2013 wyb\u00f3r w ostatniej chwili, bez dyskusji, byle sw\u00f3j, byle pr\u0119dko. Marek Jurek zarz\u0105dzi g\u0142osowanie i nowy kr\u00f3lik z kapelusza zostanie prezesem. Na trzy tygodnie przed odej\u015bciem Balcerowicza nie wiadomo, kto stanie na czele NBP i Rady Polityki Pieni\u0119\u017cnej. Na szcz\u0119\u015bcie \u0141y\u017cwa jest wolny! Je\u017celi mog\u0119 zasuflowa\u0107, to mo\u017ce zachowa\u0107 Balcerowicza na bis?<\/p>\n<p><strong>SIKORSKI \u2013 WON?<\/strong> Minister Rados\u0142aw Sikorski, jeden z najzdolniejszych ministr\u00f3w w tym gabinecie cieni, jest na wylocie i tylko patrze\u0107 jak wsi\u0105dzie do F16, \u017ceby wyl\u0105dowa\u0107 w USA (odk\u0105d przesta\u0142 by\u0107 poddanym Jej Kr\u00f3lewskiej Mo\u015bci, b\u0119dzie musia\u0142 mie\u0107 wiz\u0119). Sikorski \u017ale zni\u00f3s\u0142 nominacj\u0119 Macierewicza, ale j\u0105 prze\u0142kn\u0105\u0142, \u017ale zni\u00f3s\u0142 odebranie sobie wy\u0142\u0105cznej kontroli nad wywiadem, ale prze\u0142kn\u0105\u0142, \u017ale zni\u00f3s\u0142 brak akceptacji Prezydenta dla odwo\u0142ania dow\u00f3dcy Wojsk Lotniczych, ale &#8211; prze\u0142kn\u0105\u0142, \u017ale znosi my\u015bl o degradacji Jaruzelskiego, ale poniewa\u017c jest to my\u015bl bliska Braciom \u2013 prze\u0142kn\u0105\u0142. Teraz jego los jest w r\u0119kach koncernu Lockheed. Jeszcze kilka zepsutych F16 i bracia powiedz\u0105 \u201egoodbye\u201d, czyli won!<\/p>\n<p><strong>WA\u0141\u0118SA \u2013 WON!<\/strong> Podczas sejmowych obchod\u00f3w XXV rocznicy stanu wojennego, Marsza\u0142ek Jurek nie wspomnia\u0142, \u017ce na galerii siedzi b. prezydent Lech Wa\u0142\u0119sa. Marek Jurek, kt\u00f3ry pofatygowa\u0142 si\u0119 do Londynu, do Pinocheta, nie pofatygowa\u0142 si\u0119 na galeri\u0119 do Wa\u0142\u0119sy. Bior\u0105c pod uwag\u0119, \u017ce dzisiaj rz\u0105dz\u0105 przeciwnicy Wa\u0142\u0119sy, dobrze, \u017ce nikt nie powiedzia\u0142 by\u0142emu prezydentowi \u201egoodbye\u201d, ani nie chce go zdegradowa\u0107 ze stanowiska kaprala.<br \/>\n\u00a0<br \/>\n\u00a0<br \/>\n<strong>PS<\/strong>. Mi\u0142o\u015bnik\u00f3w tw\u00f3rczo\u015bci Agnieszki Osieckiej informuj\u0119, \u017ce dzisiaj, w pi\u0105tek, 15 grudnia, o godz. 19.05 TVP II nada retransmisj\u0119 koncertu galowego dorocznego, og\u00f3lnopolskiego konkursu na interpretacj\u0119 Jej piosenek, pt. \u201ePami\u0119tajmy o Osieckiej\u201d. To by\u0142 \u015bwietny koncert \u2013 gor\u0105co polecam!!!<\/p>\n","protected":false},"excerpt":{"rendered":"<p>\u0141Y\u017bWA &#8211; WON! A nie pisa\u0142em na tym blogu, \u017ce albo \u0142y\u017cwa, albo koalicja? Wystarczy\u0142o zdj\u0105\u0107 \u0142y\u017cw\u0119 i ju\u017c po zamachu stanu. To nawet nie by\u0142 zamach na \u0142y\u017cwach hokejowych, tylko na figurowych, i to starego typu, przykr\u0119canych do buta. Takie \u0142y\u017cwy mog\u0105 pami\u0119ta\u0107 tylko najstarsi z Pa\u0144stwa, albo s\u0105 do obejrzenia w muzeum sportu. [&hellip;]<\/p>\n","protected":false},"author":4,"featured_media":0,"comment_status":"open","ping_status":"open","sticky":false,"template":"","format":"standard","meta":{"footnotes":""},"categories":[1],"tags":[],"_links":{"self":[{"href":"https:\/\/blog.polityka.pl\/passent\/wp-json\/wp\/v2\/posts\/185"}],"collection":[{"href":"https:\/\/blog.polityka.pl\/passent\/wp-json\/wp\/v2\/posts"}],"about":[{"href":"https:\/\/blog.polityka.pl\/passent\/wp-json\/wp\/v2\/types\/post"}],"author":[{"embeddable":true,"href":"https:\/\/blog.polityka.pl\/passent\/wp-json\/wp\/v2\/users\/4"}],"replies":[{"embeddable":true,"href":"https:\/\/blog.polityka.pl\/passent\/wp-json\/wp\/v2\/comments?post=185"}],"version-history":[{"count":0,"href":"https:\/\/blog.polityka.pl\/passent\/wp-json\/wp\/v2\/posts\/185\/revisions"}],"wp:attachment":[{"href":"https:\/\/blog.polityka.pl\/passent\/wp-json\/wp\/v2\/media?parent=185"}],"wp:term":[{"taxonomy":"category","embeddable":true,"href":"https:\/\/blog.polityka.pl\/passent\/wp-json\/wp\/v2\/categories?post=185"},{"taxonomy":"post_tag","embeddable":true,"href":"https:\/\/blog.polityka.pl\/passent\/wp-json\/wp\/v2\/tags?post=185"}],"curies":[{"name":"wp","href":"https:\/\/api.w.org\/{rel}","templated":true}]}}