
{"id":1854,"date":"2013-04-21T18:57:27","date_gmt":"2013-04-21T16:57:27","guid":{"rendered":"http:\/\/passent.blog.polityka.pl\/?p=1854"},"modified":"2013-06-05T22:49:12","modified_gmt":"2013-06-05T20:49:12","slug":"wybuch-za-wybuchem","status":"publish","type":"post","link":"https:\/\/blog.polityka.pl\/passent\/2013\/04\/21\/wybuch-za-wybuchem\/","title":{"rendered":"Wybuch za wybuchem"},"content":{"rendered":"<p>Miniony\u00a0 tydzie\u0144 min\u0105\u0142 pod znakiem wybuch\u00f3w. Potworny zamach w Bostonie nie tylko poch\u0142on\u0105\u0142 wiele ofiar, ale b\u0119dzie mia\u0142 skutki polityczne.\u00a0 To jest ogromny cios w wizerunek Czeczen\u00f3w na \u015bwiecie. Mo\u017ce doprowadzi\u0107 do zaostrzenia polityki imigracyjnej w USA i do jeszcze \u015bci\u015blejszego nadzoru s\u0142u\u017cb nad imigrantami, ich \u015brodowiska b\u0119d\u0105 jeszcze bardziej penetrowane i obserwowane. Umocni si\u0119 wsp\u00f3\u0142praca Waszyngton \u2013 Moskwa. Putin mo\u017ce by\u0107 zadowolony, nie dlatego, \u017ce s\u0105 ofiary (tego nie \u015bmiem imputowa\u0107), ale dlatego, \u017ce na pewien czas spadnie poparcie dla sprawy czecze\u0144skiej i dla\u00a0 tendencji od\u015brodkowych w Rosji. Dodatkowo Rosja ma plusa za\u00a0 wsp\u00f3\u0142prac\u0119 z w\u0142adzami USA w identyfikacji domniemanych sprawc\u00f3w.<!--more--><\/p>\n<p>W Polsce natomiast wybucha\u0142y bomby polityczne. Pierwsza\u00a0 w sektorze energetycznym, gdzie Putinowi uda\u0142o si\u0119 skompromitowa\u0107 stron\u0119 polsk\u0105, w tym lini\u0119 dowodzenia: Tusk, Piechoci\u0144ski, Budzanowski. Podpisanie polsko-rosyjskiego memorandum w sprawie zbadania ewentualnej \u201epieremyczki\u201d z Bia\u0142orusi przez Polsk\u0119 do S\u0142owacji,\u00a0 bez wiedzy polskiego rz\u0105du kompromituje w\u0142adze, stawia pod znakiem zapytania polsk\u0105 polityk\u0119 zmniejszania zale\u017cno\u015bci gazowej od Rosji i poparcie naszego kraju dla Ukrainy. U nas w kraju sprawa otwiera ca\u0142y zabagniony obszar energetyki, w tym zlekcewa\u017cenie przez poprzednie rz\u0105dy gazoci\u0105gu na dnie Ba\u0142tyku, kt\u00f3ry nasz kraj potraktowa\u0142 jako antypolski, nowe Rapallo, i zamiast si\u0119 przy\u0142\u0105czy\u0107 \u2013 zostali\u015bmy obra\u017ceni i nad\u0105sani. Fakt, \u017ce Ministerstwo Skarbu nie otrzyma\u0142o ani jednego dokumentu przed podpisaniem memorandum jest kompromituj\u0105cy. Nie dziwi\u0119 si\u0119, \u017ce minister Budzanowski zosta\u0142 zwolniony, cho\u0107 to cz\u0142owiek z dobrej, inteligenckiej rodziny i b\u0119d\u0105c na stanowisku mia\u0142 dobre recenzje.<\/p>\n<p>Kolejna bomba, to votum separatum takich ludzi jak pose\u0142 Girzy\u0144ski, dr Piecha\u00a0 i mec. Rogalski wobec teorii o rzekomym prze\u017cyciu \u201ezamachu\u201d 10 kwietnia przez 3 osoby. Teraz, kiedy zamach jest ju\u017c teori\u0105 oficjaln\u0105, jak\u0105 g\u0142osz\u0105 nie tylko szale\u0144cy, ale i sam prezes, apostazja Girzy\u0144skiego, Piechy\u00a0 i Rogalskiego nabiera szczeg\u00f3lnej wymowy. Rogalski, zaufany do niedawna adwokat, wr\u0119cz odsy\u0142a prezesa PiS do lekarza. Ciekawe, czy kolejni pos\u0142owie i media zamachowe zaczn\u0105 si\u0119 wycofywa\u0107 z ob\u0142\u0119dnej teorii o trzech ocale\u0144cach. Pami\u0119tajmy, \u017ce pp. Girzy\u0144ski i Rogalski nale\u017celi do najbardziej gorliwych wyznawc\u00f3w zmieniaj\u0105cej si\u0119 linii PiS w sprawie katastrofy. To niew\u0105tpliwy cios w Antoniego Macierewicza, kt\u00f3ry zaczyna by\u0107 obci\u0105\u017ceniem dla prezesa, i kt\u00f3rego nie mo\u017cna usun\u0105\u0107, bo ma w\u0142asny elektorat. Ale to tak\u017ce z\u0142a wiadomo\u015b\u0107 dla prezesa, kt\u00f3ry nie jest zwolennikiem polityki stu kwiat\u00f3w i nie lubi publicznej r\u00f3\u017cnicy zda\u0144 w swoim obozie. Tym razem musia\u0142 zrobi\u0107 dobr\u0105 min\u0119 \u2013 trudno wyrzuci\u0107 Piech\u0119, kiedy ten walczy o miejsce dla PiS w Senacie, i to w<br \/>\nSytuacji, kiedy obie najwi\u0119ksze partie id\u0105 w sonda\u017cach \u0142eb w \u0142eb.<\/p>\n<p>ZAPROSZENIE<\/p>\n<p>Uk\u0142ad zamkni\u0119ty czy otwarta propaganda? Zapraszam do rozmowy w radiu TOK FM, wtorek, 23 bm., godz. 20.05. Udzia\u0142 wezm\u0105: Dominika STANIEWICZ \u2013 minister w gabinecie cieni Business Center Club, Piotr GADZINOWSKI \u2013 dziennikarz, b. pose\u0142, i Piotr PYTLAKOWSKI \u2013 reporter i dziennikarz \u015bledczy \u201ePolityki\u201d. Zapraszam!<\/p>\n","protected":false},"excerpt":{"rendered":"<p>Miniony\u00a0 tydzie\u0144 min\u0105\u0142 pod znakiem wybuch\u00f3w. Potworny zamach w Bostonie nie tylko poch\u0142on\u0105\u0142 wiele ofiar, ale b\u0119dzie mia\u0142 skutki polityczne.\u00a0 To jest ogromny cios w wizerunek Czeczen\u00f3w na \u015bwiecie. Mo\u017ce doprowadzi\u0107 do zaostrzenia polityki imigracyjnej w USA i do jeszcze \u015bci\u015blejszego nadzoru s\u0142u\u017cb nad imigrantami, ich \u015brodowiska b\u0119d\u0105 jeszcze bardziej penetrowane i obserwowane. Umocni si\u0119 [&hellip;]<\/p>\n","protected":false},"author":4,"featured_media":0,"comment_status":"open","ping_status":"closed","sticky":false,"template":"","format":"standard","meta":{"footnotes":""},"categories":[1],"tags":[],"_links":{"self":[{"href":"https:\/\/blog.polityka.pl\/passent\/wp-json\/wp\/v2\/posts\/1854"}],"collection":[{"href":"https:\/\/blog.polityka.pl\/passent\/wp-json\/wp\/v2\/posts"}],"about":[{"href":"https:\/\/blog.polityka.pl\/passent\/wp-json\/wp\/v2\/types\/post"}],"author":[{"embeddable":true,"href":"https:\/\/blog.polityka.pl\/passent\/wp-json\/wp\/v2\/users\/4"}],"replies":[{"embeddable":true,"href":"https:\/\/blog.polityka.pl\/passent\/wp-json\/wp\/v2\/comments?post=1854"}],"version-history":[{"count":3,"href":"https:\/\/blog.polityka.pl\/passent\/wp-json\/wp\/v2\/posts\/1854\/revisions"}],"predecessor-version":[{"id":1897,"href":"https:\/\/blog.polityka.pl\/passent\/wp-json\/wp\/v2\/posts\/1854\/revisions\/1897"}],"wp:attachment":[{"href":"https:\/\/blog.polityka.pl\/passent\/wp-json\/wp\/v2\/media?parent=1854"}],"wp:term":[{"taxonomy":"category","embeddable":true,"href":"https:\/\/blog.polityka.pl\/passent\/wp-json\/wp\/v2\/categories?post=1854"},{"taxonomy":"post_tag","embeddable":true,"href":"https:\/\/blog.polityka.pl\/passent\/wp-json\/wp\/v2\/tags?post=1854"}],"curies":[{"name":"wp","href":"https:\/\/api.w.org\/{rel}","templated":true}]}}