
{"id":1867,"date":"2013-05-12T16:30:28","date_gmt":"2013-05-12T14:30:28","guid":{"rendered":"http:\/\/passent.blog.polityka.pl\/?p=1867"},"modified":"2013-07-10T10:47:03","modified_gmt":"2013-07-10T08:47:03","slug":"mieszanie-herbaty-bez-cukru","status":"publish","type":"post","link":"https:\/\/blog.polityka.pl\/passent\/2013\/05\/12\/mieszanie-herbaty-bez-cukru\/","title":{"rendered":"Mieszanie herbaty bez cukru"},"content":{"rendered":"<p>Ubieg\u0142y tydzie\u0144 min\u0105\u0142 po znakiem mieszania i zamieszania. Du\u017co mieszano wok\u00f3\u0142 koalicji rz\u0105dz\u0105cej, kt\u00f3ra jakoby mia\u0142a si\u0119 rozpa\u015b\u0107, poniewa\u017c Sejm z udzia\u0142em PSL glosowa\u0142 za projektem obywatelskim (made by PSL) i tym samym przeciwko niewielkiej reformie w s\u0105downictwie. Nie jest to\u00a0 wydarzenie .\u00a0\u00a0 PSL musi dba\u0107 o swoj\u0105 klientel\u0119 ma\u0142omiasteczkow\u0105 i wiejsk\u0105, a ponadto musi od czasu\u00a0do czasu\u00a0podskoczy\u0107, \u017ceby wykaza\u0107 si\u0119 samodzielno\u015bci\u0105 i odpiera\u0107 zarzuty, \u017ce jest przystawk\u0105 Platformy. Prezes Piechoci\u0144ski musi pokaza\u0107, \u017ce jest samodzielny. I tyle.<!--more--><\/p>\n<p>Na razie nic nie wskazuje na szybki rozpad koalicji. To dobrze. Jak kto\u015b powiedzia\u0142, w oczach inwestor\u00f3w Polska ma dwa atuty \u2013 stabilno\u015b\u0107 polityczn\u0105 i gospodarcz\u0105 \u2013 o kt\u00f3re musi dba\u0107. T\u0105pniecie w ka\u017cdej z tych dziedzin odbi\u0142oby si\u0119 natychmiast na naszych notowaniach. Co innego, gdyby zmiana polityczna nast\u0105pi\u0142a w\u00a0 drodze wybor\u00f3w, najlepiej w terminie przewidzianym przez Konstytucj\u0119. A co do meritum, to prawdopodobnie sko\u0144czy si\u0119 na \u201eumowach partnerskich\u201d, czyli na zgni\u0142ym kompromisie, jak\u00a0 z ustaw\u0105 aborcyjn\u0105.<\/p>\n<p>Du\u017co by\u0142o zamieszania wok\u00f3\u0142 pos\u0142a Gowina. Wyst\u0105pi z Platformy? Przyjmie zaloty PiS? Utworzy w\u0142asne ugrupowania z prezydentem Wroc\u0142awia Dutkiewiczem, a mo\u017ce z pos\u0142em Wiplerem? Moim zdaniem nic takiego nie nast\u0105pi, pose\u0142 Gowin nie wyst\u0105pi z Platformy, gdy\u017c w \u015blad za nim poszliby nieliczni, albo wr\u0119cz nikt; nie utworzy w\u0142asnego ugrupowania, gdy\u017c do\u015bwiadczenie pp. Ziobry, Kurskiego, Bielana, Kowala, Jakubiak, Kempy i innych stanowi wystarczaj\u0105c\u0105 przestrog\u0119, by\u00a0 nie wybija\u0107 si\u0119 na niezale\u017cno\u015b\u0107.<\/p>\n<p>Du\u017ce by\u0142o zamieszanie wok\u00f3\u0142 zegark\u00f3w S\u0142awomira Nowaka i pozwu, jaki minister, przy pomocy mec. Giertycha, skierowa\u0142 do s\u0105du przeciwko tygodnikowi Wprost. Dla mnie to jest w og\u00f3le niepowa\u017cne, \u017ceby doros\u0142y cz\u0142owiek po\u017cycza\u0142 i bawi\u0142 si\u0119 zegarkami. No, ale prawo tego nie zabrania. Je\u017celi CBA podtrzyma zarzuty o korupcj\u0119, to premier si\u0119 z ministrem rozstanie, ale wcze\u015bniej nie powinien, gdy\u017c trudno po ka\u017cdej publikacji zwalnia\u0107 ministr\u00f3w. Co do wniosku Nowaka\/Giertycha o 30 mln z\u0142otych na zabezpieczenie ewentualnych koszt\u00f3w sprostowa\u0144 tygodnika \u201eWprost\u201d, to wracamy do starego dylematu: wolno\u015b\u0107 s\u0142owa i odpowiedzialno\u015b\u0107 za s\u0142owo.\u00a0 Czy media mog\u0105 bezkarnie niszczy\u0107 polityka, kt\u00f3remu pozostaje tylko proces w s\u0105dzie cywilnym, z rozstrzygni\u0119ciem za kilka lat, oraz czy osoba, kt\u00f3ra czuje si\u0119 pokrzywdzona, ma prawo broni\u0107 si\u0119 za wszelk\u0105 cen\u0119 (tj. za cen\u0119 zabezpieczenia 30 mln). Nowak i Giertych wymy\u015blili to sprytnie: Oni nie wnosz\u0105 o odszkodowanie na rzecz \u201epokrzywdzonego\u201d, a tylko o zabezpieczenie sumy, kt\u00f3ra mo\u017ce by\u0107 potrzebna na sprostowania w mediach. Od pewnego czasu s\u0105dy w Polsce i w Strasburgu orzekaj\u0105 na og\u00f3\u0142 na korzy\u015b\u0107 medi\u00f3w i wolno\u015bci s\u0142owa, zw\u0142aszcza w stosunku do\u00a0 os\u00f3b publicznych. Ja jestem innego zdania, uwa\u017cam \u017ce oskar\u017cenia wysuwane publicznie powinny by\u0107 dobrze udokumentowane, a kary za znies\u0142awienie\u00a0 \u2013 nieuchronne. Ale zdaj\u0119 sobie spraw\u0119, \u017ce jestem w mniejszo\u015bci, mo\u017ce nawet jestem czarn\u0105 owc\u0105.<\/p>\n","protected":false},"excerpt":{"rendered":"<p>Ubieg\u0142y tydzie\u0144 min\u0105\u0142 po znakiem mieszania i zamieszania. Du\u017co mieszano wok\u00f3\u0142 koalicji rz\u0105dz\u0105cej, kt\u00f3ra jakoby mia\u0142a si\u0119 rozpa\u015b\u0107, poniewa\u017c Sejm z udzia\u0142em PSL glosowa\u0142 za projektem obywatelskim (made by PSL) i tym samym przeciwko niewielkiej reformie w s\u0105downictwie. Nie jest to\u00a0 wydarzenie .\u00a0\u00a0 PSL musi dba\u0107 o swoj\u0105 klientel\u0119 ma\u0142omiasteczkow\u0105 i wiejsk\u0105, a ponadto musi [&hellip;]<\/p>\n","protected":false},"author":4,"featured_media":0,"comment_status":"open","ping_status":"closed","sticky":false,"template":"","format":"standard","meta":{"footnotes":""},"categories":[1],"tags":[],"_links":{"self":[{"href":"https:\/\/blog.polityka.pl\/passent\/wp-json\/wp\/v2\/posts\/1867"}],"collection":[{"href":"https:\/\/blog.polityka.pl\/passent\/wp-json\/wp\/v2\/posts"}],"about":[{"href":"https:\/\/blog.polityka.pl\/passent\/wp-json\/wp\/v2\/types\/post"}],"author":[{"embeddable":true,"href":"https:\/\/blog.polityka.pl\/passent\/wp-json\/wp\/v2\/users\/4"}],"replies":[{"embeddable":true,"href":"https:\/\/blog.polityka.pl\/passent\/wp-json\/wp\/v2\/comments?post=1867"}],"version-history":[{"count":4,"href":"https:\/\/blog.polityka.pl\/passent\/wp-json\/wp\/v2\/posts\/1867\/revisions"}],"predecessor-version":[{"id":1942,"href":"https:\/\/blog.polityka.pl\/passent\/wp-json\/wp\/v2\/posts\/1867\/revisions\/1942"}],"wp:attachment":[{"href":"https:\/\/blog.polityka.pl\/passent\/wp-json\/wp\/v2\/media?parent=1867"}],"wp:term":[{"taxonomy":"category","embeddable":true,"href":"https:\/\/blog.polityka.pl\/passent\/wp-json\/wp\/v2\/categories?post=1867"},{"taxonomy":"post_tag","embeddable":true,"href":"https:\/\/blog.polityka.pl\/passent\/wp-json\/wp\/v2\/tags?post=1867"}],"curies":[{"name":"wp","href":"https:\/\/api.w.org\/{rel}","templated":true}]}}