
{"id":1870,"date":"2013-05-17T18:10:47","date_gmt":"2013-05-17T16:10:47","guid":{"rendered":"http:\/\/passent.blog.polityka.pl\/?p=1870"},"modified":"2013-07-10T10:47:14","modified_gmt":"2013-07-10T08:47:14","slug":"zolta-kartka","status":"publish","type":"post","link":"https:\/\/blog.polityka.pl\/passent\/2013\/05\/17\/zolta-kartka\/","title":{"rendered":"\u017b\u00f3\u0142ta kartka"},"content":{"rendered":"<p>Najnowszy sonda\u017c CBOS to \u017c\u00f3\u0142ta kartka dla Platformy\u00a0 Obywatelskiej (PiS 26, PO 23, SLD 9, PSL 6) i czerwona kartka dla Palikota. Spadek poparcia dla Platformy, dla rz\u0105du i dla Donalda Tuska pog\u0142\u0119bia si\u0119 ju\u017c od kilku miesi\u0119cy. Zjawisko to ma wiele przyczyn, z kt\u00f3rych najwa\u017cniejsze zosta\u0142y opisane.<!--more--><\/p>\n<p>Zm\u0119czenie w\u0142adz\u0105, znudzenie elektoratu Platform\u0105.\u00a0 Spowolnienie gospodarcze, stosunkowo wysokie \u2013 jak na Polsk\u0119 \u2013 bezrobocie, ok. 14 %. Brak odczuwalnej poprawy i zmiany na lepsze, kt\u00f3re wi\u0105\u017ce si\u0119 z zaniechaniem wa\u017cnych i \u2013 co wa\u017cne \u2013 spektakularnych reform, jak cho\u0107by system ochrony zdrowia,\u00a0 KRUS czy przywileje emerytalne. Szereg wpadek, jak cho\u0107by zamieszanie wok\u00f3\u0142 refundacji lek\u00f3w czy 6-latk\u00f3w. Kompromitacja zwi\u0105zana z otwarciem Stadionu Narodowego.\u00a0 Murawa. Madonna. Objawy p\u0119kni\u0119cia w partii rz\u0105dz\u0105cej, kryzys przyw\u00f3dztwa Donalda Tuska, rywalizacja o w\u0142adz\u0119 (Schetyna, Gowin), brak jednolitego stanowiska\u00a0 w\u00a0 Platformie, np. w sprawie zwi\u0105zk\u00f3w partnerskich, i w koalicji rz\u0105dz\u0105cej (patrz reforma s\u0105d\u00f3w, gdzie PSL zag\u0142osowa\u0142o inaczej ni\u017c PO). Bezsensowne decyzje (proces z tygodnikiem \u201eNie\u201d). Lekcewa\u017cenie przeciwnika (Rybnik \u2013 wyb\u00f3r senatora Piechy z PiS) i Elbl\u0105g (odwo\u0142anie prezydenta miasta). Brak zdecydowania (\u201ematki pierwszego kwarta\u0142u\u201d), ust\u0119pstwa pod presj\u0105. Skupienie si\u0119 na wewn\u0119trznych rozgrywkach w partii. Mno\u017c\u0105ce si\u0119 oskar\u017cenia i podejrzenia, kt\u00f3re wymagaj\u0105 wyja\u015bnienia (J.K. Bielecki, S\u0142awomir Nowak) i przyczyniaj\u0105 si\u0119 do pogorszenia klimatu wok\u00f3\u0142 Platformy. Niefortunne posuni\u0119cia, jak pr\u00f3ba zabezpieczenia (min. Nowak, mec. Giertych) pow\u00f3dztwa w wysoko\u015bci 30 mln z\u0142otych od tygodnika \u201eWprost\u201d. Rozmaite pora\u017cki, takie jak przy budowie autostrady A1 (op\u00f3\u017anienia, prowizorka, krzywda podwykonawc\u00f3w), czy denerwuj\u0105ce zak\u0142\u00f3cenia komunikacyjne w Warszawie, wypadki losowe (tunel pod Wis\u0142ostrad\u0105), kt\u00f3rych usuni\u0119cie trwa du\u017co d\u0142u\u017cej ni\u017c zapowiada\u0142y w\u0142adze miasta.<\/p>\n<p>Do tego dochodzi brak jasnego, inspiruj\u0105cego programu (polityka ciep\u0142ej wody w kranie nie jest porywaj\u0105ca), fatalny piar rz\u0105du \u2013 minister Gra\u015b s\u0142u\u017cy g\u0142\u00f3wnie do otwierania i zamykania konferencji prasowej, premier si\u0119 schowa\u0142, jest \u201ewycofany\u201d, jak gdyby nie docenia\u0142 znaczenia rozmowy ze spo\u0142ecze\u0144stwem. Wygl\u0105da to na pogard\u0119 i arogancj\u0119.\u00a0 Platforma\u00a0 i rz\u0105d raczej administruj\u0105 ni\u017c rz\u0105dz\u0105, a ju\u017c\u00a0 na pewno nie przewodz\u0105, nie stoj\u0105 na czele zmian, nie rozmawiaj\u0105 ze spo\u0142ecze\u0144stwem, kt\u00f3re czuje si\u0119 ignorowane.<\/p>\n<p>Z kolei PiS stanowi alternatyw\u0119 coraz bardziej do przyj\u0119cia, gdy\u017c szpetota IV RP odchodzi w niepami\u0119\u0107, m\u0142odzi wyborcy jej nie pami\u0119taj\u0105 lub nie znaj\u0105. Przyw\u00f3dztwo Jaros\u0142awa Kaczy\u0144skiego jest niekwestionowane. Dysydenci usuni\u0119ci, Solidarna Polska i PJN zmarginalizowane. Kanonada smole\u0144ska robi wra\u017cenie na cz\u0119\u015bci elektoratu i d\u0142ugo pozostawa\u0142a bez przeciwdzia\u0142ania.\u00a0 Zamiast tuskobusu mamy liczne podr\u00f3\u017ce prezesa Kaczy\u0144skiego i jego wsp\u00f3\u0142pracownik\u00f3w po kraju, od powiatu do powiatu.<\/p>\n<p>W sumie \u2013 dla Platformy i dla premiera dzwonek alarmowy, potwierdzenie krytycznych komentarzy, jakie od pewnego czasu pojawiaj\u0105 si\u0119 w mediach, kt\u00f3re zmieni\u0142y front. Zwolennikom Platformy brak przekonania i nowych argument\u00f3w, a stare przestaj\u0105 dzia\u0142a\u0107. Pog\u0142oski o tym, \u017ce Donald Tusk jest jednym z kandydat\u00f3w na przewodnicz\u0105cego Komisji Europejskiej (a Rados\u0142aw Sikorski na \u201eministra spraw zagranicznych\u201d Unii), same w sobie buduj\u0105ce, b\u0119d\u0105 s\u0142u\u017cy\u0142y za dow\u00f3d, \u017ce panowie szykuj\u0105 sobie mi\u0119kkie l\u0105dowanie, a Polacy za to zap\u0142ac\u0105. Jeszcze jedna \u017c\u00f3\u0142ta kartka i mecz b\u0119dzie przegrany.<\/p>\n","protected":false},"excerpt":{"rendered":"<p>Najnowszy sonda\u017c CBOS to \u017c\u00f3\u0142ta kartka dla Platformy\u00a0 Obywatelskiej (PiS 26, PO 23, SLD 9, PSL 6) i czerwona kartka dla Palikota. Spadek poparcia dla Platformy, dla rz\u0105du i dla Donalda Tuska pog\u0142\u0119bia si\u0119 ju\u017c od kilku miesi\u0119cy. Zjawisko to ma wiele przyczyn, z kt\u00f3rych najwa\u017cniejsze zosta\u0142y opisane.<\/p>\n","protected":false},"author":4,"featured_media":0,"comment_status":"open","ping_status":"closed","sticky":false,"template":"","format":"standard","meta":{"footnotes":""},"categories":[1],"tags":[],"_links":{"self":[{"href":"https:\/\/blog.polityka.pl\/passent\/wp-json\/wp\/v2\/posts\/1870"}],"collection":[{"href":"https:\/\/blog.polityka.pl\/passent\/wp-json\/wp\/v2\/posts"}],"about":[{"href":"https:\/\/blog.polityka.pl\/passent\/wp-json\/wp\/v2\/types\/post"}],"author":[{"embeddable":true,"href":"https:\/\/blog.polityka.pl\/passent\/wp-json\/wp\/v2\/users\/4"}],"replies":[{"embeddable":true,"href":"https:\/\/blog.polityka.pl\/passent\/wp-json\/wp\/v2\/comments?post=1870"}],"version-history":[{"count":4,"href":"https:\/\/blog.polityka.pl\/passent\/wp-json\/wp\/v2\/posts\/1870\/revisions"}],"predecessor-version":[{"id":1943,"href":"https:\/\/blog.polityka.pl\/passent\/wp-json\/wp\/v2\/posts\/1870\/revisions\/1943"}],"wp:attachment":[{"href":"https:\/\/blog.polityka.pl\/passent\/wp-json\/wp\/v2\/media?parent=1870"}],"wp:term":[{"taxonomy":"category","embeddable":true,"href":"https:\/\/blog.polityka.pl\/passent\/wp-json\/wp\/v2\/categories?post=1870"},{"taxonomy":"post_tag","embeddable":true,"href":"https:\/\/blog.polityka.pl\/passent\/wp-json\/wp\/v2\/tags?post=1870"}],"curies":[{"name":"wp","href":"https:\/\/api.w.org\/{rel}","templated":true}]}}