
{"id":1875,"date":"2013-05-23T16:38:58","date_gmt":"2013-05-23T14:38:58","guid":{"rendered":"http:\/\/passent.blog.polityka.pl\/?p=1875"},"modified":"2013-06-05T22:50:32","modified_gmt":"2013-06-05T20:50:32","slug":"wojny-i-wojenki","status":"publish","type":"post","link":"https:\/\/blog.polityka.pl\/passent\/2013\/05\/23\/wojny-i-wojenki\/","title":{"rendered":"Wojny i wojenki"},"content":{"rendered":"<p>Czekaj\u0105c na wyniki posiedzenia zarz\u0105du Platformy Obywatelskiej wertuj\u0119 pras\u0119, kt\u00f3ra przynosi korespondencje z r\u00f3\u017cnych front\u00f3w.<br \/>\nFront pierwszy \u2013 wojna opozycji z w\u0142adz\u0105. Tu przynajmniej wiadomo o co chodzi \u2013 o w\u0142adz\u0119. Janina Paradowska w \u201ePolityce\u201d (21) i AnnaAteistka na naszym blogu (20 maja, godz. 23.17) przypominaj\u0105, co nas czeka pod rz\u0105dami PiS.\u00a0 Likwidacja OFE, finansowanie ochrony zdrowia z bud\u017cetu, powr\u00f3t prokuratury do ministerstwa Sprawiedliwo\u015bci, Tusk, Klich, Kopacz, Jerzy Miller przed Trybuna\u0142 Stanu itd. Czeka nas tak\u017ce och\u0142odzenie w stosunkach z Niemcami\u00a0 i z Francj\u0105. A co dobrego? Na pewno pojawi si\u0119 cel, wizja i idea, o kt\u00f3re tak\u00a0 dopominaj\u0105 si\u0119 krytycy polityki ciep\u0142ej wody, na czele z Gawinem oraz media. Wygl\u0105da na to, \u017ce do wybor\u00f3w Polska b\u0119dzie w stanie wojny, codziennie b\u0119d\u0105 si\u0119 pojawia\u0142y nowe sensacje, jak nie zegarki ministra Nowaka to darowizna dla prezesa Kaczy\u0144skiego. O powa\u017cnej debacie programowej mo\u017cemy zapomnie\u0107.<!--more--><\/p>\n<p>Front drugi \u2013 o kierunek i ster Platformy. Wojna w tr\u00f3jk\u0105cie Tusk \u2013 Schetyna \u2013 Gowin. Po posiedzeniu zarz\u0105du PO mo\u017ce si\u0119 czego\u015b dowiemy. Pogarszaj\u0105ce si\u0119 nastroje i sonda\u017ce os\u0142abiaj\u0105 pozycj\u0119 Donalda Tuska, o\u015bmielaj\u0105 jego krytyk\u00f3w (Gowin, Godson) i rywali (Schetyna). Programowo znaczy to niewiele, bo czym r\u00f3\u017cni\u0105 si\u0119 pogl\u0105dy Schetyny od pogl\u0105d\u00f3w Tuska \u2013 nie wiadomo. Gowin jest bardziej na prawo, ale g\u0142\u00f3wnie w sferze \u015bwiatopogl\u0105dowej (nie m\u00f3wi co my\u015bli o religii na maturze), a\u00a0 nie w sprawach gospodarczych i spo\u0142ecznych. Sytuacj\u0119 komplikuje kandydatura Tuska (a tak\u017ce Sikorskiego i Rostowskiego) na stanowiska w Unii. Przynajmniej ta pierwsza nie jest wyssana z palca, tylko realna, je\u017celi chadecy wygraj\u0105 wybory do parlamentu Unii w 2014 roku. Ciekawe, co wybierze Tusk \u2013 trwanie w kraju, z mo\u017cliwo\u015bci\u0105 pora\u017cki w wyborach, czy niepewny start indywidualny na przewodnicz\u0105cego Komisji Europejskiej? W ka\u017cdym razie zagranic\u0105 pozycja Tuska jest du\u017co silniejsza ni\u017c w Polsce, gdzie poparcie kanclerz Merkel nie wiele znaczy. A propos posiedzenia zarz\u0105du PO, to \u017cadne rekonstrukcje rz\u0105du nie pomog\u0105.<\/p>\n<p>Front trzeci \u2013 bitwa o pami\u0119\u0107, czyli k\u0142\u00f3tnia bohater\u00f3w. Wypowied\u017a Henryki Krzywonos, \u017ce to Bogdan Borusewicz by\u0142 m\u00f3zgiem strajku w 1980 r. w Stoczni Gda\u0144skiej, niepotrzebnie zbulwersowa\u0142a Lecha Wa\u0142\u0119s\u0119, kt\u00f3ry zachowa\u0142 si\u0119 fatalnie. Powiedzia\u0142, \u017ce H.K. nie mia\u0142a m\u00f3zgu, a Borusewicz mo\u017ce by\u0142 agentem. Okropne oskar\u017cenie i to ze strony kogo\u015b, kto sam spotyka si\u0119 z takim oskar\u017ceniem. Najbardziej do mnie przemawia pogl\u0105d, \u017ce strajk by\u0142 robot\u0105 zbiorow\u0105, intelektualnie i politycznie najbardziej wyrobiony by\u0142 zwi\u0105zany z KOR\u00a0 Borusewicz, a wi\u0119ksz\u0105 charyzm\u0105 i poparciem dysponowa\u0142 Wa\u0142\u0119sa. Niepotrzebnie by\u0142y prezydent si\u0119 awanturowa\u0142 i niszczy w\u0142asn\u0105 legend\u0119. Dzisiaj mniej liczy si\u0119 charyzma, a bardziej szare kom\u00f3rki. By\u0107 mo\u017ce przeciwnikom Wa\u0142\u0119sy chodzi o unieszkodliwienie filmu \u201eWa\u0142\u0119sa\u201d, ale moim zdaniem nikt nie jest w stanie zaszkodzi\u0107 cz\u0142owiekowi bardziej ni\u017c on sam.<\/p>\n","protected":false},"excerpt":{"rendered":"<p>Czekaj\u0105c na wyniki posiedzenia zarz\u0105du Platformy Obywatelskiej wertuj\u0119 pras\u0119, kt\u00f3ra przynosi korespondencje z r\u00f3\u017cnych front\u00f3w. Front pierwszy \u2013 wojna opozycji z w\u0142adz\u0105. Tu przynajmniej wiadomo o co chodzi \u2013 o w\u0142adz\u0119. Janina Paradowska w \u201ePolityce\u201d (21) i AnnaAteistka na naszym blogu (20 maja, godz. 23.17) przypominaj\u0105, co nas czeka pod rz\u0105dami PiS.\u00a0 Likwidacja OFE, finansowanie [&hellip;]<\/p>\n","protected":false},"author":4,"featured_media":0,"comment_status":"open","ping_status":"closed","sticky":false,"template":"","format":"standard","meta":{"footnotes":""},"categories":[1],"tags":[],"_links":{"self":[{"href":"https:\/\/blog.polityka.pl\/passent\/wp-json\/wp\/v2\/posts\/1875"}],"collection":[{"href":"https:\/\/blog.polityka.pl\/passent\/wp-json\/wp\/v2\/posts"}],"about":[{"href":"https:\/\/blog.polityka.pl\/passent\/wp-json\/wp\/v2\/types\/post"}],"author":[{"embeddable":true,"href":"https:\/\/blog.polityka.pl\/passent\/wp-json\/wp\/v2\/users\/4"}],"replies":[{"embeddable":true,"href":"https:\/\/blog.polityka.pl\/passent\/wp-json\/wp\/v2\/comments?post=1875"}],"version-history":[{"count":3,"href":"https:\/\/blog.polityka.pl\/passent\/wp-json\/wp\/v2\/posts\/1875\/revisions"}],"predecessor-version":[{"id":1901,"href":"https:\/\/blog.polityka.pl\/passent\/wp-json\/wp\/v2\/posts\/1875\/revisions\/1901"}],"wp:attachment":[{"href":"https:\/\/blog.polityka.pl\/passent\/wp-json\/wp\/v2\/media?parent=1875"}],"wp:term":[{"taxonomy":"category","embeddable":true,"href":"https:\/\/blog.polityka.pl\/passent\/wp-json\/wp\/v2\/categories?post=1875"},{"taxonomy":"post_tag","embeddable":true,"href":"https:\/\/blog.polityka.pl\/passent\/wp-json\/wp\/v2\/tags?post=1875"}],"curies":[{"name":"wp","href":"https:\/\/api.w.org\/{rel}","templated":true}]}}