
{"id":1878,"date":"2013-05-25T18:55:23","date_gmt":"2013-05-25T16:55:23","guid":{"rendered":"http:\/\/passent.blog.polityka.pl\/?p=1878"},"modified":"2013-07-10T10:47:28","modified_gmt":"2013-07-10T08:47:28","slug":"partia-trzech-premierow","status":"publish","type":"post","link":"https:\/\/blog.polityka.pl\/passent\/2013\/05\/25\/partia-trzech-premierow\/","title":{"rendered":"Partia trzech premier\u00f3w"},"content":{"rendered":"<p>Jak Platforma Obywatelska mo\u017ce rz\u0105dzi\u0107 krajem, je\u015bli nie potrafi upora\u0107 si\u0119 sama z sob\u0105? A nie potrafi m.in. dlatego, \u017ce ma trzech premier\u00f3w. By\u0142o trzech tenor\u00f3w \u2013 jest trzech premier\u00f3w.<!--more--><\/p>\n<p>Grzegorz Schetyna, zapytany w TVN 24 czy by\u0142by dobrym premierem, odpowiada ze swoim charakterystycznym u\u015bmieszkiem, \u017ce bywa\u0142o, i\u017c jako wicepremier zast\u0119powa\u0142 szefa rz\u0105du, podejmowa\u0142 w jego imieniu decyzje i jeszcze co\u015b z tego pami\u0119ta.<\/p>\n<p>Jaros\u0142aw Gowin w kuriozalnym wywiadzie dla \u201eRz\u201d (24 V),\u00a0 nie po raz pierwszy rzuca r\u0119kawic\u0119 Tuskowi, m\u00f3wi o \u201esporze\u201d jaki toczy z premierem, poddaje krytyce polityk\u0119 premiera Tuska, i dodaje: \u201eCzy jestem materia\u0142em na niez\u0142ego premiera? Nie wiem, takie rzeczy sprawdza si\u0119 w dzia\u0142aniu\u201d.<\/p>\n<p>Dziennikarze uwa\u017caj\u0105, \u017ce na stanowisku premiera jest vacat, jest to fotel do obj\u0119cia. Ostatnio pojawi\u0142 si\u0119 wi\u0119c jeszcze czwarty kandydat na premiera \u2013 przynajmniej w oczach Justyny Pochanke z TVN 24, kt\u00f3ra w rozmowie z ministrem Bart\u0142omiejem Sienkiewiczem pyta go, co s\u0105dzi o takiej mo\u017cliwo\u015bci. Na to Sienkiewicz odpar\u0142, \u017ce nie\u00a0 nale\u017cy za wcze\u015bnie skre\u015bla\u0107 premiera Tuska, bo to jest wojownik.<\/p>\n<p>No, i wreszcie odezwa\u0142 si\u0119 kolejny premier \u2013 Donald Tusk, kt\u00f3ry powiedzia\u0142, \u017ce ma patent na d\u0142ugowieczno\u015b\u0107 i zamierza ze\u0144 skorzysta\u0107.<\/p>\n<p>Tak wi\u0119c mamy parti\u0119 kilku premier\u00f3w i ciekawe jak Tusk zamierza to rozwi\u0105za\u0107. Moim zdaniem, z tej tr\u00f3jki (bo Sienkiewicza nie licz\u0119), Tusk jest najlepszy, ale\u00a0 daleko nie wszyscy s\u0105 tego zdania. Nawet je\u017celi Tusk zostanie wybrany na stanowisko przewodnicz\u0105cego Platformy, to Gowin i Schetyna nie zrezygnuj\u0105 ze swoich ambicji ani nie wyparuj\u0105. Ka\u017cdy z nich ma swoich zwolennik\u00f3w. Tusk na razie nie mo\u017ce ich wypchn\u0105\u0107 z partii, gdy\u017c nie mo\u017ce sobie pozwoli\u0107 na utrat\u0119 g\u0142os\u00f3w w Sejmie. A gdyby jakim\u015b cudem Jaros\u0142aw Gowin sam wyszed\u0142, to zn\u00f3w od\u017cy\u0142aby teoria o bezwzgl\u0119dnym Tusku, kt\u00f3ry niszczy wszystkich, kt\u00f3rzy staj\u0105 mu na drodze. Ale jak inaczej mo\u017ce funkcjonowa\u0107 partia i rz\u0105d trzech premier\u00f3w? By\u0142o trzech tenor\u00f3w, jest trzech premier\u00f3w.<\/p>\n","protected":false},"excerpt":{"rendered":"<p>Jak Platforma Obywatelska mo\u017ce rz\u0105dzi\u0107 krajem, je\u015bli nie potrafi upora\u0107 si\u0119 sama z sob\u0105? A nie potrafi m.in. dlatego, \u017ce ma trzech premier\u00f3w. By\u0142o trzech tenor\u00f3w \u2013 jest trzech premier\u00f3w.<\/p>\n","protected":false},"author":4,"featured_media":0,"comment_status":"open","ping_status":"closed","sticky":false,"template":"","format":"standard","meta":{"footnotes":""},"categories":[1],"tags":[],"_links":{"self":[{"href":"https:\/\/blog.polityka.pl\/passent\/wp-json\/wp\/v2\/posts\/1878"}],"collection":[{"href":"https:\/\/blog.polityka.pl\/passent\/wp-json\/wp\/v2\/posts"}],"about":[{"href":"https:\/\/blog.polityka.pl\/passent\/wp-json\/wp\/v2\/types\/post"}],"author":[{"embeddable":true,"href":"https:\/\/blog.polityka.pl\/passent\/wp-json\/wp\/v2\/users\/4"}],"replies":[{"embeddable":true,"href":"https:\/\/blog.polityka.pl\/passent\/wp-json\/wp\/v2\/comments?post=1878"}],"version-history":[{"count":5,"href":"https:\/\/blog.polityka.pl\/passent\/wp-json\/wp\/v2\/posts\/1878\/revisions"}],"predecessor-version":[{"id":1944,"href":"https:\/\/blog.polityka.pl\/passent\/wp-json\/wp\/v2\/posts\/1878\/revisions\/1944"}],"wp:attachment":[{"href":"https:\/\/blog.polityka.pl\/passent\/wp-json\/wp\/v2\/media?parent=1878"}],"wp:term":[{"taxonomy":"category","embeddable":true,"href":"https:\/\/blog.polityka.pl\/passent\/wp-json\/wp\/v2\/categories?post=1878"},{"taxonomy":"post_tag","embeddable":true,"href":"https:\/\/blog.polityka.pl\/passent\/wp-json\/wp\/v2\/tags?post=1878"}],"curies":[{"name":"wp","href":"https:\/\/api.w.org\/{rel}","templated":true}]}}