
{"id":1905,"date":"2013-06-07T17:38:04","date_gmt":"2013-06-07T15:38:04","guid":{"rendered":"http:\/\/passent.blog.polityka.pl\/?p=1905"},"modified":"2013-07-18T02:20:38","modified_gmt":"2013-07-18T00:20:38","slug":"tortem-w-twarz","status":"publish","type":"post","link":"https:\/\/blog.polityka.pl\/passent\/2013\/06\/07\/tortem-w-twarz\/","title":{"rendered":"Tortem w twarz"},"content":{"rendered":"<p>Tort rzucony przez pana Miernika w s\u0119dzi\u0119, jest tortem rzuconym w twarz nam wszystkim. Celem Miernika nie by\u0142a tylko jedna s\u0119dzia, ale pa\u0144stwo polskie, kt\u00f3re widocznie nie powinno by\u0107 pa\u0144stwem prawa, tylko krajem,\u00a0 w kt\u00f3rym s\u0105dy orzekaj\u0105 pod dyktando, na zam\u00f3wienie polityczne.\u00a0 Niezawis\u0142o\u015b\u0107 s\u0105du, opinie bieg\u0142ych, to dla pana Miernika si\u0119 nie liczy. Zamiast s\u0105du woli samos\u0105d. Oczywi\u015bcie, trwaj\u0105ce latami procesy historyczno &#8211; polityczne budz\u0105 nami\u0119tno\u015bci. Pana Miernika mo\u017ce denerwowa\u0107, \u017ce nie s\u0105 ukarani autorzy stanu wojennego. Zdaniem jednych, Jaruzelski i Kiszczak nie powinni odpowiada\u0107 przed s\u0105dem, zdaniem innych \u2013 powinni ju\u017c dawno by\u0107 za kratami.<br \/>\nJednak\u017ce s\u0105d nie mo\u017ce kierowa\u0107 si\u0119 zdaniem ani jednych ani drugich.<!--more--><\/p>\n<p>Nie lubi\u0119 ca\u0142ej tej gadaniny o s\u0142abo\u015bci pa\u0144stwa polskiego, ale co\u015b na rzeczy jest. Sprawiedliwo\u015b\u0107 ma by\u0107 ostoj\u0105 Rzeczpospolitej, a cz\u0119sto bywa kwestionowana.\u00a0 S\u0105d i s\u0119dziowie, kt\u00f3rzy powinni by\u0107 otoczeni szacunkiem, cz\u0119sto bywaj\u0105 l\u017ceni, zastraszani, poni\u017cani. Atmosfera i zachowanie prawicowych aktywist\u00f3w na salach s\u0105dowych, przypomina tych, kt\u00f3rzy\u00a0 zak\u0142\u00f3caj\u0105 wyk\u0142ady na uniwersytetach, odczyty, wymuszaj\u0105 odwo\u0142anie debat i dyskusji, jak to by\u0142o na Uniwersytecie Gda\u0144skim. Fakt, \u017ce pan Miernik m\u00f3g\u0142 bez przeszk\u00f3d opu\u015bci\u0107 sal\u0119 i gmach s\u0105du, budzi za\u017cenowanie. S\u0142abe jest pa\u0144stwo, kt\u00f3re nie potrafi zapewni\u0107 poszanowania majestatu Sprawiedliwo\u015bci, pozwala na chuliga\u0144skie ekscesy w s\u0105dach, pozwala panu S\u0142omce na recydyw\u0119, nie potrafi postawi\u0107 tamy burej fali, kt\u00f3ra rozlewa si\u0119 od stadion\u00f3w po uniwersytety i s\u0105dy.<\/p>\n","protected":false},"excerpt":{"rendered":"<p>Tort rzucony przez pana Miernika w s\u0119dzi\u0119, jest tortem rzuconym w twarz nam wszystkim. Celem Miernika nie by\u0142a tylko jedna s\u0119dzia, ale pa\u0144stwo polskie, kt\u00f3re widocznie nie powinno by\u0107 pa\u0144stwem prawa, tylko krajem,\u00a0 w kt\u00f3rym s\u0105dy orzekaj\u0105 pod dyktando, na zam\u00f3wienie polityczne.\u00a0 Niezawis\u0142o\u015b\u0107 s\u0105du, opinie bieg\u0142ych, to dla pana Miernika si\u0119 nie liczy. Zamiast s\u0105du [&hellip;]<\/p>\n","protected":false},"author":4,"featured_media":0,"comment_status":"open","ping_status":"closed","sticky":false,"template":"","format":"standard","meta":{"footnotes":""},"categories":[1],"tags":[],"_links":{"self":[{"href":"https:\/\/blog.polityka.pl\/passent\/wp-json\/wp\/v2\/posts\/1905"}],"collection":[{"href":"https:\/\/blog.polityka.pl\/passent\/wp-json\/wp\/v2\/posts"}],"about":[{"href":"https:\/\/blog.polityka.pl\/passent\/wp-json\/wp\/v2\/types\/post"}],"author":[{"embeddable":true,"href":"https:\/\/blog.polityka.pl\/passent\/wp-json\/wp\/v2\/users\/4"}],"replies":[{"embeddable":true,"href":"https:\/\/blog.polityka.pl\/passent\/wp-json\/wp\/v2\/comments?post=1905"}],"version-history":[{"count":4,"href":"https:\/\/blog.polityka.pl\/passent\/wp-json\/wp\/v2\/posts\/1905\/revisions"}],"predecessor-version":[{"id":1966,"href":"https:\/\/blog.polityka.pl\/passent\/wp-json\/wp\/v2\/posts\/1905\/revisions\/1966"}],"wp:attachment":[{"href":"https:\/\/blog.polityka.pl\/passent\/wp-json\/wp\/v2\/media?parent=1905"}],"wp:term":[{"taxonomy":"category","embeddable":true,"href":"https:\/\/blog.polityka.pl\/passent\/wp-json\/wp\/v2\/categories?post=1905"},{"taxonomy":"post_tag","embeddable":true,"href":"https:\/\/blog.polityka.pl\/passent\/wp-json\/wp\/v2\/tags?post=1905"}],"curies":[{"name":"wp","href":"https:\/\/api.w.org\/{rel}","templated":true}]}}