
{"id":1908,"date":"2013-06-11T22:47:39","date_gmt":"2013-06-11T20:47:39","guid":{"rendered":"http:\/\/passent.blog.polityka.pl\/?p=1908"},"modified":"2013-07-18T02:19:53","modified_gmt":"2013-07-18T00:19:53","slug":"ruchy-tuska","status":"publish","type":"post","link":"https:\/\/blog.polityka.pl\/passent\/2013\/06\/11\/ruchy-tuska\/","title":{"rendered":"Ruchy Tuska"},"content":{"rendered":"<p>Jeszcze niedawno s\u0142ycha\u0107 by\u0142o narzekania, \u017ce nie wida\u0107 Donalda Tuska, premier si\u0119 schowa\u0142, le\u0144 (wedle W\u0142odzimierza Cimoszewicza), arogant, kt\u00f3ry nie rozmawia z narodem etc. Dzisiaj nie mo\u017cna ju\u017c odnie\u015b\u0107 takiego wra\u017cenia. Dwa obszerne wywiady (w \u201ePolityce i w TVP) i\u00a0 konferencja prasowa w ci\u0105gu kilku dni \u2013 to ju\u017c jest co\u015b.<!--more--><\/p>\n<p>Tutaj dygresja na temat Hanny Gronkiewicz-Waltz. Pani prezydent przyj\u0119\u0142a menad\u017cerski, albo urz\u0119dniczy styl pracy. Najlepiej czuje si\u0119 w\u00a0 gabinecie, kiedy za\u0142atwia ogromne \u015brodki dla Warszawy, planuje wielkie inwestycje, liczy, uk\u0142ada, organizuje. Nie lubi by\u0107 gwiazd\u0105 w mediach i nie lubi \u015bciska\u0107 r\u0105k na wiecach. Tymczasem je\u017celi spojrzymy na burmistrz\u00f3w innych wielkich miast \u2013 Berlina czy Londynu \u2013 to s\u0105 to politycy z krwi i ko\u015bci, nie tylko, albo nie tyle administratorzy co liderzy, kt\u00f3rzy potrafi\u0105 sprzedawa\u0107 siebie i swoje osi\u0105gni\u0119cia. H.G.-W., obok serii wpadek, ma pecha, ale ma te\u017c czym si\u0119 pochwali\u0107, Warszawa zmienia si\u0119 szybko na korzy\u015b\u0107, ale pani prezydent\u00a0 nie potrafi prowadzi\u0107 dialogu z mieszka\u0144cami. W dobie mass medi\u00f3w oraz Internetu polityk nie mo\u017ce si\u0119 chowa\u0107, nie mo\u017ce stwarza\u0107 pr\u00f3\u017cni, musi by\u0107 obecny w \u015bwiadomo\u015bci mieszka\u0144c\u00f3w. A je\u017celi nie jest medialny, to jest s\u0142aby. Koniec dygresji.<\/p>\n<p>Tusk, w odr\u00f3\u017cnieniu od Gronkiewicz-Waltz, umie korzysta\u0107 z medi\u00f3w i ma co\u015b dla nich a zanadrzu. W \u201ePolityce\u201d (M. Janicki, W. W\u0142adyka) powiedzia\u0142 m.in.,\u00a0 \u017ce sta\u0142 si\u0119 troszk\u0119 socjaldemokrat\u0105 oraz nie wyklucza koalicji z SLD. Spotka\u0142o si\u0119 to z \u017cyw\u0105 reakcj\u0105 medi\u00f3w i polityk\u00f3w. Bardziej konserwatywni politycy PO, w tym minister Biernacki, Gowin, zdaje si\u0119, \u017ce r\u00f3wnie\u017c H.G.-W.\u00a0 od razu zareagowali negatywnie, powiedzieli \u201ebez nas\u201d. Ciekawe, w jaki spos\u00f3b Tusk zamierza kierowa\u0107 parti\u0105, je\u017celi prawe skrzyd\u0142o odm\u00f3wi wsp\u00f3\u0142pracy. Zmia\u017cd\u017cy Gowina i innych ewentualnych\u00a0 rywali (je\u017celi si\u0119 ujawni\u0105)\u00a0 w wyborach, ale przecie\u017c nazajutrz oni nie wyparuj\u0105. Czy prze\u0142kn\u0105 ewentualn\u0105 koalicj\u0119 z PSL i z Millerem?<\/p>\n<p>Ostatnio przeczyta\u0142em, \u017ce Miller mo\u017ce wybra\u0107 Jaros\u0142awa Kaczy\u0144skiego \u2013 obaj rw\u0105 si\u0119 do w\u0142adzy (co u polityk\u00f3w jest naturalne), obaj maj\u0105 swoje lata i nie maj\u0105 czasu czeka\u0107 do 2019 roku. By\u0142bym tak\u0105 koalicj\u0105 mocno zdziwiony i zdegustowany, mam nadziej\u0119, \u017ce s\u0105 to dywagacje bezprzedmiotowe. W polskiej polityce co\u015b si\u0119 zmienia, powstaj\u0105 nowe byty (Ruch Narodowy, Europa Plus), mo\u017ce narodzi si\u0119 Partia Planktonu (uchod\u017acy z PiS i z Platformy) \u2013 nic nie jest wykluczone.<\/p>\n<p>W TVP Donald Tusk og\u0142osi\u0142, \u017ce nie jest kandydatem na szefa Komisji Europejskiej i definitywnie pozostaje w polityce polskiej. D\u0142u\u017cej ju\u017c nie m\u00f3g\u0142 zwleka\u0107 i nara\u017ca\u0107 si\u0119 na zarzuty, \u017ce przygotowuje sobie mi\u0119kkie l\u0105dowanie w Brukseli, dlatego umizguje si\u0119 do kanclerz Merkel etc. Chocia\u017c dla naszego kraju nie by\u0142oby \u017ale, gdyby Polak zosta\u0142 szefem Komisji Europejskiej, to jednak s\u0105dz\u0119, \u017ce lepiej, je\u015bli Tusk b\u0119dzie gra\u0142 w lidze polskiej. Jego emigracja (zak\u0142adaj\u0105c, \u017ce zosta\u0142by w Brukseli wybrany) by\u0142aby w sumie dla Polski strat\u0105.<\/p>\n","protected":false},"excerpt":{"rendered":"<p>Jeszcze niedawno s\u0142ycha\u0107 by\u0142o narzekania, \u017ce nie wida\u0107 Donalda Tuska, premier si\u0119 schowa\u0142, le\u0144 (wedle W\u0142odzimierza Cimoszewicza), arogant, kt\u00f3ry nie rozmawia z narodem etc. Dzisiaj nie mo\u017cna ju\u017c odnie\u015b\u0107 takiego wra\u017cenia. Dwa obszerne wywiady (w \u201ePolityce i w TVP) i\u00a0 konferencja prasowa w ci\u0105gu kilku dni \u2013 to ju\u017c jest co\u015b.<\/p>\n","protected":false},"author":4,"featured_media":0,"comment_status":"open","ping_status":"closed","sticky":false,"template":"","format":"standard","meta":{"footnotes":""},"categories":[1],"tags":[],"_links":{"self":[{"href":"https:\/\/blog.polityka.pl\/passent\/wp-json\/wp\/v2\/posts\/1908"}],"collection":[{"href":"https:\/\/blog.polityka.pl\/passent\/wp-json\/wp\/v2\/posts"}],"about":[{"href":"https:\/\/blog.polityka.pl\/passent\/wp-json\/wp\/v2\/types\/post"}],"author":[{"embeddable":true,"href":"https:\/\/blog.polityka.pl\/passent\/wp-json\/wp\/v2\/users\/4"}],"replies":[{"embeddable":true,"href":"https:\/\/blog.polityka.pl\/passent\/wp-json\/wp\/v2\/comments?post=1908"}],"version-history":[{"count":4,"href":"https:\/\/blog.polityka.pl\/passent\/wp-json\/wp\/v2\/posts\/1908\/revisions"}],"predecessor-version":[{"id":1965,"href":"https:\/\/blog.polityka.pl\/passent\/wp-json\/wp\/v2\/posts\/1908\/revisions\/1965"}],"wp:attachment":[{"href":"https:\/\/blog.polityka.pl\/passent\/wp-json\/wp\/v2\/media?parent=1908"}],"wp:term":[{"taxonomy":"category","embeddable":true,"href":"https:\/\/blog.polityka.pl\/passent\/wp-json\/wp\/v2\/categories?post=1908"},{"taxonomy":"post_tag","embeddable":true,"href":"https:\/\/blog.polityka.pl\/passent\/wp-json\/wp\/v2\/tags?post=1908"}],"curies":[{"name":"wp","href":"https:\/\/api.w.org\/{rel}","templated":true}]}}