
{"id":191,"date":"2006-12-22T19:32:01","date_gmt":"2006-12-22T18:32:01","guid":{"rendered":"http:\/\/passent.blog.polityka.pl\/?p=191"},"modified":"2006-12-22T19:32:01","modified_gmt":"2006-12-22T18:32:01","slug":"wesolych-swiat","status":"publish","type":"post","link":"https:\/\/blog.polityka.pl\/passent\/2006\/12\/22\/wesolych-swiat\/","title":{"rendered":"Weso\u0142ych \u015awi\u0105t!"},"content":{"rendered":"<p>W tym roku zamiast og\u00f3lnego &#8222;kochajmy si\u0119&#8221;, sianka pod obrusem i nakrycia dla nieoczekiwanego go\u015bcia, z r\u0119kawa wystaje kastet, a z kieszeni n\u00f3\u017c. Proponuj\u0119 jednak wygrzeba\u0107 z siebie resztki \u017cyczliwosci i wykrztusi\u0107 kilka ciep\u0142ych s\u0142\u00f3w.<\/p>\n<p>Pani Lidii Bagi\u0144skiej, kandydatce Samoobrony (wspartej przez LPR) do Trybuna\u0142u Konstytucyjnego, kt\u00f3r\u0105 Sejm ju\u017c wybra\u0142, tylko Prezydent od\u0142o\u017cy\u0142 uroczyst\u0105 nominacj\u0119, \u017cycz\u0119, \u017ceby wszystko rozstrzygn\u0119\u0142o si\u0119 po jej my\u015bli. Czyli tak, jak w przypadku koalicyjnego pos\u0142a, obecnie s\u0119dziego, Kotlinowskiego. I tak, jak w przypadku koalicyjnego prezesa PZU Jaromira Netzla. I tak, jak w przypadku wielu innych os\u00f3b, wysuwanych na stanowiska przez mi\u0142o\u015bciwie nam panuj\u0105c\u0105 koalicj\u0119, wobec kt\u00f3rych pi\u0119trz\u0105 si\u0119 w\u0105tpliwosci, kt\u00f3re ewidentnie nie nadaj\u0105 si\u0119 na powierzone stanowiska, ale im uchodzi, o w\u0142os, o g\u0142os, ale l\u0105duj\u0105 na przewidzianym sto\u0142ku. Pani Bagi\u0144skiej \u017cycz\u0119, \u017ceby jej los nie by\u0142 gorszy, bo nie ona jest winna, \u017ce &#8211; z braku lepszych kandydatur-\u00a0 pp. Lepper i \u0141y\u017cwi\u0144ski zg\u0142osili j\u0105.<\/p>\n<p>Tego samego \u017cycz\u0119 premierowi Marcinkiewiczowi. \u017beby to PKO BP jednak dosta\u0142, mimo \u017ce nie ma sta\u017cu w bankowo\u015bci. Skoro ma apetyt na bank, a Polska jest w\u0142asno\u015bci\u0105 rz\u0105dz\u0105cych, to dlaczego akurat w wypadku najbardziej popularnego polityka miano by zagl\u0105da\u0107 do dyplomu, kwalifikacji, do\u015bwiadczenia w bankowo\u015bci itd. Ostatecznie, skoro KM da\u0142 sobie rad\u0119 jako premier &#8211; sztukmistrz, dlaczego nie mia\u0142by spr\u00f3bowa\u0107 si\u0142 w bankowo\u015bci. Cieszmy si\u0119, \u017ce KM nie chcia\u0142 wypr\u00f3bowa\u0107 si\u0119 na stanowisku ministra Zdrowia. Wystarczy, \u017ce pani Fotyga zmaga si\u0119 ze stanowiskiem ministra Spraw Zagranicznych. Poza og\u00f3ln\u0105 dobroci\u0105 przed\u015bwi\u0105teczn\u0105, jest jeszcze jeden pow\u00f3d, dla kt\u00f3rego sprzyjam kandydaturze KM: Jak mo\u017cna sprawdzi\u0107 w systemie komputerowym PKO BP, ja odpowiednio wcze\u015bniej wycofa\u0142em wszystkie oszcz\u0119dno\u015bci i po kilkudziesi\u0119ciu latach zamkn\u0105\u0142em rachunki w tym banku. Chocia\u017c raz okaza\u0142em si\u0119 przewiduj\u0105cy.<\/p>\n<p>Redaktorowi Andrzejowi Markowi z &#8222;Wie\u015bci Polickich&#8221; \u017cycze, \u017ceby Prezydent RP skorzysta\u0142 wobec niego z prawa \u0142aski. Redaktor Marek sta\u0142 si\u0119 bohaterem dziennikarzy (najbardziej prominentni zamykali si\u0119 w jego obronie w klatce, niestety &#8211; tylko na p\u00f3\u0142 godziny), poniewa\u017c bezpodstawnie oskar\u017cy\u0142 miejscowego samorz\u0105dowca o korupcj\u0119, zosta\u0142 skazany prawomocnym wyrokiem na areszt z zamian\u0105 na grzywn\u0119, kt\u00f3rej nie zap\u0142aci\u0142, bo robi z siebie m\u0119czennika, wobec czego pozostaje mu ciupa, a to wstyd i ha\u0144ba, bo to znaczy wi\u0119zienie za s\u0142owa. Wobec tego Izba Wydawc\u00f3w Prasy apeluje\u00a0o \u0142ask\u0119 do Prezydenta. Popieram ten apel, zw\u0142aszcza przed \u015bwi\u0119tami, ale wy\u0142\u0105cznie z powodu mi\u0142osierdzia. Bo tak w og\u00f3le to wola\u0142bym, \u017ceby Prezydent wyci\u0105gn\u0105\u0142 r\u00f3zg\u0119 i z\u0142oi\u0142 red. Markowi oraz jego obro\u0144com sk\u00f3r\u0119, bo z r\u00f3wn\u0105 gorliwo\u015bci\u0105 powinni dba\u0107 o to, \u017ceby dziennikarze nie rzucali bezpodstawnych oskar\u017ce\u0144, \u017ceby nastepnie paradowa\u0107 w aureoli m\u0119czennik\u00f3w i \u015bwi\u0119toszk\u00f3w.<\/p>\n<p>A poza tym &#8211; Weso\u0142ych \u015awi\u0105t!<\/p>\n","protected":false},"excerpt":{"rendered":"<p>W tym roku zamiast og\u00f3lnego &#8222;kochajmy si\u0119&#8221;, sianka pod obrusem i nakrycia dla nieoczekiwanego go\u015bcia, z r\u0119kawa wystaje kastet, a z kieszeni n\u00f3\u017c. Proponuj\u0119 jednak wygrzeba\u0107 z siebie resztki \u017cyczliwosci i wykrztusi\u0107 kilka ciep\u0142ych s\u0142\u00f3w. Pani Lidii Bagi\u0144skiej, kandydatce Samoobrony (wspartej przez LPR) do Trybuna\u0142u Konstytucyjnego, kt\u00f3r\u0105 Sejm ju\u017c wybra\u0142, tylko Prezydent od\u0142o\u017cy\u0142 uroczyst\u0105 nominacj\u0119, [&hellip;]<\/p>\n","protected":false},"author":4,"featured_media":0,"comment_status":"open","ping_status":"open","sticky":false,"template":"","format":"standard","meta":{"footnotes":""},"categories":[1],"tags":[],"_links":{"self":[{"href":"https:\/\/blog.polityka.pl\/passent\/wp-json\/wp\/v2\/posts\/191"}],"collection":[{"href":"https:\/\/blog.polityka.pl\/passent\/wp-json\/wp\/v2\/posts"}],"about":[{"href":"https:\/\/blog.polityka.pl\/passent\/wp-json\/wp\/v2\/types\/post"}],"author":[{"embeddable":true,"href":"https:\/\/blog.polityka.pl\/passent\/wp-json\/wp\/v2\/users\/4"}],"replies":[{"embeddable":true,"href":"https:\/\/blog.polityka.pl\/passent\/wp-json\/wp\/v2\/comments?post=191"}],"version-history":[{"count":0,"href":"https:\/\/blog.polityka.pl\/passent\/wp-json\/wp\/v2\/posts\/191\/revisions"}],"wp:attachment":[{"href":"https:\/\/blog.polityka.pl\/passent\/wp-json\/wp\/v2\/media?parent=191"}],"wp:term":[{"taxonomy":"category","embeddable":true,"href":"https:\/\/blog.polityka.pl\/passent\/wp-json\/wp\/v2\/categories?post=191"},{"taxonomy":"post_tag","embeddable":true,"href":"https:\/\/blog.polityka.pl\/passent\/wp-json\/wp\/v2\/tags?post=191"}],"curies":[{"name":"wp","href":"https:\/\/api.w.org\/{rel}","templated":true}]}}