
{"id":1913,"date":"2013-06-18T11:22:18","date_gmt":"2013-06-18T09:22:18","guid":{"rendered":"http:\/\/passent.blog.polityka.pl\/?p=1913"},"modified":"2013-07-18T02:19:02","modified_gmt":"2013-07-18T00:19:02","slug":"kanikuly-nie-bedzie","status":"publish","type":"post","link":"https:\/\/blog.polityka.pl\/passent\/2013\/06\/18\/kanikuly-nie-bedzie\/","title":{"rendered":"Kaniku\u0142y nie b\u0119dzie"},"content":{"rendered":"<p>Przejecha\u0142em wczoraj autostrad\u0105 A2 z Berlina do Warszawy, by\u0142em w dobrym nastroju, \u017ce po tylu latach doczekali\u015bmy wreszcie drogi na europejskim poziomie, ale l\u0105dowanie w Warszawie by\u0142o twarde. Wszyscy walcz\u0105 tu ze wszystkimi, dooko\u0142a wybuchy i niewypa\u0142y.<\/p>\n<p>Gazeta Wyborcza przejrza\u0142a wydatki partii politycznych. Je\u015bli chodzi o finansowanie partii, to nie widz\u0119 lepszego sposobu ni\u017c obecny, tj. z bud\u017cetu pa\u0144stwa, mo\u017ce tylko mniej szczodrze.<!--more--><\/p>\n<p>System ten wymaga doskonalenia, powinien mniej faworyzowa\u0107 partie najwi\u0119ksze, wspiera\u0107 partie mniejsze. Je\u015bli chodzi o wydatki, to konieczna jest wi\u0119ksza jawno\u015b\u0107, np. coroczne ich ujawnianie na stronach internetowych i w sprawozdaniach partii. Co si\u0119 tyczy dziennikarzy wspieranych przez PiS i PO, to nie b\u0119d\u0119 si\u0119 tu nad nimi pastwi\u0142. Cz\u0142onkowie Stowarzyszenia Dziennikarzy Polskich, na czele kt\u00f3rego stoi cz\u0142owiek wsp\u00f3\u0142finansowany przez PiS, musz\u0105 sami zdecydowa\u0107, czy to jest OK.<br \/>\nPrzy okazji \u201edyskusji\u201d nad wydatkami partii politycznych ujawniono wydatki trudne do uzasadnienia, ale i du\u017co populizmu.<\/p>\n<p>Populizm, ten co zawsze, ujawni\u0142 si\u0119 te\u017c przy kolejnej naradzie na temat samolot\u00f3w dla VIP-\u00f3w. Tym razem by\u0142o to posiedzenie Rady Bezpiecze\u0144stwa Narodowego,\u00a0 nie bardzo rozumiem po co. Okazuje si\u0119, \u017ce ju\u017c kolejny rz\u0105d, i to w drugiej kadencji, nie mo\u017ce podj\u0105\u0107 decyzji. U \u017ar\u00f3de\u0142 niemocy le\u017cy strach przed mediami, populizmem, alarmem, \u017ce oto mamy kryzys, nie ma na przedszkola, a rz\u0105d \u201esobie\u201d kupuje samoloty wyposa\u017cone w najnowsze osi\u0105gni\u0119cia techniki. Sprawa b\u0119dzie si\u0119 \u015blimaczy\u0142a przez kolejnych kilka lat, wy\u0142\u0105cznie z powodu braku odwagi cywilnej rz\u0105dz\u0105cych.<\/p>\n<p>Odby\u0142 si\u0119 kongres lewicy a la SLD. Dobrze, \u017ce lewica podnosi g\u0142ow\u0119, ale kongres\u00a0 mia\u0142by wi\u0119kszy sens\u00a0 gdyby lewica da\u0142a przyk\u0142ad i wyst\u0105pi\u0142a wsp\u00f3lnie \u2013 od Millera do Kwa\u015bniewskiego i Palikota. Niestety, do tego nie dosz\u0142o, co \u017ale \u015bwiadczy o formacie lider\u00f3w i\u00a0 napawa smutkiem. Lewica zaj\u0119ta jest walk\u0105 mi\u0119dzy sob\u0105, podczas gry prawica jest w nieustannym natarciu: Jaros\u0142aw Kaczy\u0144ski dwoi si\u0119 i troi, \u0142\u0105czy wysi\u0142ki z Solidarno\u015bci\u0105 Piotra Dudy, co zapowiada gor\u0105cy wrzesie\u0144, na Jasnej G\u00f3rze domaga si\u0119 pana Boga w Konstytucji, grunt pod Hann\u0105 Gronkiewicz-Waltz si\u0119 chwieje, je\u015bli przegra referendum to b\u0119dzie to cios w Platform\u0119, Ko\u015bci\u00f3\u0142 grzmi na temat ateizacji i domaga si\u0119 religii na maturze, bredzi o wykluczeniu katolik\u00f3w,\u00a0 mno\u017c\u0105 si\u0119 i rozwijaj\u0105 media prawicowe, narodowcy obraduj\u0105 i pohukuj\u0105, a tymczasem Platforma zaj\u0119ta jest sob\u0105 (tr\u00f3jk\u0105t bermudzki Tusk \u2013 Schetyna \u2013 Gowin), za\u015b rz\u0105d si\u0119 cofa \u2013 a to w sprawie 6-latk\u00f3w, a to w sprawie zwi\u0105zk\u00f3w partnerskich, a to w sprawie urlop\u00f3w macierzy\u0144skich, Platforma przecieka i nabiera wody jak tunel pod Wis\u0142ostrad\u0105.<\/p>\n<p>Niekt\u00f3re wydarzenia s\u0105\u00a0 \u017ca\u0142osne. Mam na my\u015bli lament Jana Maria Rokity, kt\u00f3ry nie wykona\u0142 prawomocnego wyroku s\u0105du i wyp\u0142akuje si\u0119 przed kamerami TVN. Moim zdaniem, wyroki trzeba szanowa\u0107, bez wzgl\u0119du na to, z kim si\u0119 proces przegra\u0142o. A\u00a0 propos: mo\u017ce kto\u015b wie, jak si\u0119 sko\u0144czy\u0142 konflikt Rokity\u00a0 z Lufthans\u0105? \u201eRatunku, Niemcy mnie bij\u0105!\u201d.<\/p>\n<p>Jedno w tym wszystkim jest pocieszaj\u0105ce: w polityce kaniku\u0142y nie b\u0119dzie.<\/p>\n<p>ZAPROSZENIE<\/p>\n<p>Kaniku\u0142y nie b\u0119dzie \u2013 jest o czym rozmawia\u0107. Zapraszam do dyskusji w Radiu TOK FM, dzisiaj, wtorek, 18 czerwca, godz. 20.05. Go\u015bcie znakomici: prof. Tomasz NA\u0141\u0118CZ \u2013 doradca prezydenta RP, dr Pawe\u0142 KOWAL \u2013 eurodeputowany PJN i Aleksandra KANIEWSKA z Instytutu Obywatelskiego.<br \/>\nZapraszam!<\/p>\n","protected":false},"excerpt":{"rendered":"<p>Przejecha\u0142em wczoraj autostrad\u0105 A2 z Berlina do Warszawy, by\u0142em w dobrym nastroju, \u017ce po tylu latach doczekali\u015bmy wreszcie drogi na europejskim poziomie, ale l\u0105dowanie w Warszawie by\u0142o twarde. Wszyscy walcz\u0105 tu ze wszystkimi, dooko\u0142a wybuchy i niewypa\u0142y. Gazeta Wyborcza przejrza\u0142a wydatki partii politycznych. Je\u015bli chodzi o finansowanie partii, to nie widz\u0119 lepszego sposobu ni\u017c obecny, [&hellip;]<\/p>\n","protected":false},"author":4,"featured_media":0,"comment_status":"open","ping_status":"closed","sticky":false,"template":"","format":"standard","meta":{"footnotes":""},"categories":[1],"tags":[],"_links":{"self":[{"href":"https:\/\/blog.polityka.pl\/passent\/wp-json\/wp\/v2\/posts\/1913"}],"collection":[{"href":"https:\/\/blog.polityka.pl\/passent\/wp-json\/wp\/v2\/posts"}],"about":[{"href":"https:\/\/blog.polityka.pl\/passent\/wp-json\/wp\/v2\/types\/post"}],"author":[{"embeddable":true,"href":"https:\/\/blog.polityka.pl\/passent\/wp-json\/wp\/v2\/users\/4"}],"replies":[{"embeddable":true,"href":"https:\/\/blog.polityka.pl\/passent\/wp-json\/wp\/v2\/comments?post=1913"}],"version-history":[{"count":4,"href":"https:\/\/blog.polityka.pl\/passent\/wp-json\/wp\/v2\/posts\/1913\/revisions"}],"predecessor-version":[{"id":1963,"href":"https:\/\/blog.polityka.pl\/passent\/wp-json\/wp\/v2\/posts\/1913\/revisions\/1963"}],"wp:attachment":[{"href":"https:\/\/blog.polityka.pl\/passent\/wp-json\/wp\/v2\/media?parent=1913"}],"wp:term":[{"taxonomy":"category","embeddable":true,"href":"https:\/\/blog.polityka.pl\/passent\/wp-json\/wp\/v2\/categories?post=1913"},{"taxonomy":"post_tag","embeddable":true,"href":"https:\/\/blog.polityka.pl\/passent\/wp-json\/wp\/v2\/tags?post=1913"}],"curies":[{"name":"wp","href":"https:\/\/api.w.org\/{rel}","templated":true}]}}