
{"id":1916,"date":"2013-06-21T17:24:03","date_gmt":"2013-06-21T15:24:03","guid":{"rendered":"http:\/\/passent.blog.polityka.pl\/?p=1916"},"modified":"2013-07-18T02:18:15","modified_gmt":"2013-07-18T00:18:15","slug":"nawet-komiczne","status":"publish","type":"post","link":"https:\/\/blog.polityka.pl\/passent\/2013\/06\/21\/nawet-komiczne\/","title":{"rendered":"Nawet komicznie"},"content":{"rendered":"<p>Im wi\u0119ksze s\u0105 szanse na to, \u017ce Jaros\u0142aw Kaczy\u0144ski zostanie premierem, tym bardziej warto zwr\u00f3ci\u0107 uwag\u0119 na jego wywiad dla tygodnika \u201eDo Rzeczy\u201d (21\/2013). Dwa najwa\u017cniejsze wyzwania wobec Polski to \u2013 zdaniem prezesa PiS \u2013 kryzys gospodarczy i zagro\u017cenie kulturowe, kt\u00f3re grozi wysadzeniem w powietrze naszej kultury i tak wa\u017cnych instytucji jak rodzina. Nie ma w wywiadzie ani s\u0142owa o Smole\u0144sku, \u201ezamachu\u201d, \u201euk\u0142adzie\u201d, dekomunizacji itp. Prezes jest bardzo stonowany, zgodnie z\u00a0 nowym wizerunkiem PiS (pose\u0142 Macierewicz przepad\u0142 bez \u015bladu). <!--more--><\/p>\n<p>Pod koniec obszernej rozmowy pojawia si\u0119 niespodzianka. Dziennikarze (B. Wildstein i K. Baranowska) pytaj\u0105 o biografi\u0119 Lecha Kaczy\u0144skiego, pi\u00f3ra S\u0142awomira Cenckiewicza, kt\u00f3ra ukazuje si\u0119 w tych dniach. Oto obszerny fragment wypowiedzi Jaros\u0142awa Kaczy\u0144skiego: \u201e\u2026zaskoczy\u0142o mnie dos\u0142ownie kilka rzeczy. Jedn\u0105 z nich by\u0142a sprawa zarejestrowania mojej bratowej jako kontaktu operacyjnego SB, o czym nie wiedzia\u0142em. Kiedy jednak od autora dowiedzia\u0142em si\u0119 o dalszych losach tej rejestracji, bratanica opowiedzia\u0142a mi o szczeg\u00f3\u0142ach tej sprawy, uspokoi\u0142em si\u0119. Bo je\u015bli kto\u015b zaraz po tym, jak zosta\u0142 zarejestrowany, zostaje schowany do archiwum, czyli wyrejestrowany, i nie ma \u017cadnych dowod\u00f3w na jegodzia\u0142alno\u015b\u0107, \u017cadnego podpisu, niczego co by wskazywa\u0142o na wsp\u00f3\u0142prac\u0119, to sprawa jest do\u015b\u0107 oczywista. A opowie\u015b\u0107 bratanicy da\u0142a mi obraz ca\u0142ej sytuacji.<\/p>\n<p>(\u2026) Poza tym z w\u0142asnego do\u015bwiadczenia wiem, \u017ce bezpieka tworzy\u0142a mn\u00f3stwo nieprawdziwych dokument\u00f3w. Wiem to po swoich papierach, z kt\u00f3rych wynika na przyk\u0142ad, \u017ce mieszka\u0142em z Eleonor\u0105 Kaczy\u0144sk\u0105, a nigdy na oczy nikogo takiego nie widzia\u0142em. Troch\u0119 inaczej wygl\u0105da\u0142a sprawa\u00a0 sprawozda\u0144 tajnych wsp\u00f3\u0142pracownik\u00f3w czy kontakt\u00f3w operacyjnych, ale je\u015bli chodzi o ich wewn\u0119trzne notatki, to gdy przeczyta\u0142em, co o mnie pisali, to by\u0142o to nawet komiczne, najwyra\u017aniej wszystko im si\u0119 ca\u0142kowicie miesza\u0142o\u201d.<\/p>\n<p>To, co powiedzia\u0142 Jaros\u0142aw Kaczy\u0144ski, jest zapewne s\u0142uszne, zw\u0142aszcza, \u017ce dotyczy osoby tragicznie zmar\u0142ej, kt\u00f3ra nie mo\u017ce si\u0119 broni\u0107. Ale stoi w ca\u0142kowitej sprzeczno\u015bci z tym, co twierdzili rycerze lustracji jeszcze kilka lat temu. Dla nich kwity by\u0142y \u015bwi\u0119te. Gdy kto\u015b \u015bmia\u0142 kwestionowa\u0107 kwity z SB, m\u00f3wili, \u017ce przecie\u017c bezpieka sama siebie by nie oszukiwa\u0142a. A teraz okazuje si\u0119, \u017ce wszystko im si\u0119 ca\u0142kowicie miesza\u0142o.<\/p>\n","protected":false},"excerpt":{"rendered":"<p>Im wi\u0119ksze s\u0105 szanse na to, \u017ce Jaros\u0142aw Kaczy\u0144ski zostanie premierem, tym bardziej warto zwr\u00f3ci\u0107 uwag\u0119 na jego wywiad dla tygodnika \u201eDo Rzeczy\u201d (21\/2013). Dwa najwa\u017cniejsze wyzwania wobec Polski to \u2013 zdaniem prezesa PiS \u2013 kryzys gospodarczy i zagro\u017cenie kulturowe, kt\u00f3re grozi wysadzeniem w powietrze naszej kultury i tak wa\u017cnych instytucji jak rodzina. Nie ma [&hellip;]<\/p>\n","protected":false},"author":4,"featured_media":0,"comment_status":"open","ping_status":"closed","sticky":false,"template":"","format":"standard","meta":{"footnotes":""},"categories":[1],"tags":[],"_links":{"self":[{"href":"https:\/\/blog.polityka.pl\/passent\/wp-json\/wp\/v2\/posts\/1916"}],"collection":[{"href":"https:\/\/blog.polityka.pl\/passent\/wp-json\/wp\/v2\/posts"}],"about":[{"href":"https:\/\/blog.polityka.pl\/passent\/wp-json\/wp\/v2\/types\/post"}],"author":[{"embeddable":true,"href":"https:\/\/blog.polityka.pl\/passent\/wp-json\/wp\/v2\/users\/4"}],"replies":[{"embeddable":true,"href":"https:\/\/blog.polityka.pl\/passent\/wp-json\/wp\/v2\/comments?post=1916"}],"version-history":[{"count":3,"href":"https:\/\/blog.polityka.pl\/passent\/wp-json\/wp\/v2\/posts\/1916\/revisions"}],"predecessor-version":[{"id":1961,"href":"https:\/\/blog.polityka.pl\/passent\/wp-json\/wp\/v2\/posts\/1916\/revisions\/1961"}],"wp:attachment":[{"href":"https:\/\/blog.polityka.pl\/passent\/wp-json\/wp\/v2\/media?parent=1916"}],"wp:term":[{"taxonomy":"category","embeddable":true,"href":"https:\/\/blog.polityka.pl\/passent\/wp-json\/wp\/v2\/categories?post=1916"},{"taxonomy":"post_tag","embeddable":true,"href":"https:\/\/blog.polityka.pl\/passent\/wp-json\/wp\/v2\/tags?post=1916"}],"curies":[{"name":"wp","href":"https:\/\/api.w.org\/{rel}","templated":true}]}}