
{"id":1919,"date":"2013-06-24T09:47:37","date_gmt":"2013-06-24T07:47:37","guid":{"rendered":"http:\/\/passent.blog.polityka.pl\/?p=1919"},"modified":"2013-07-18T02:17:55","modified_gmt":"2013-07-18T00:17:55","slug":"na-prawo-patrz","status":"publish","type":"post","link":"https:\/\/blog.polityka.pl\/passent\/2013\/06\/24\/na-prawo-patrz\/","title":{"rendered":"Na prawo patrz"},"content":{"rendered":"<p>Narodowo \u2013 prawicowa \u0142obuzeria, kt\u00f3ra zak\u0142\u00f3ci\u0142a odczyty i wyk\u0142ady lewicy &#8211; Adama Michnika, Magdaleny \u015arody, Zygmunta Baumana\u00a0 &#8211; pozostaje na razie bezkarna. M\u00f3wi si\u0119, \u017ce narodowcy stanowi\u0105 margines, mo\u017ce jeden, mo\u017ce dwa procent spo\u0142ecze\u0144stwa, ale to nie znaczy, \u017ce mo\u017cna ich lekcewa\u017cy\u0107. Autorytety centroprawicy jako\u015b ich nie pot\u0119piaj\u0105, gdy\u017c takie ekscesy s\u0105 prawicy na r\u0119k\u0119. S\u0105 wymierzone w lewic\u0119, w\u00a0 Michnika \u2013 jednego z architekt\u00f3w III RP i okr\u0105g\u0142ego sto\u0142u, w prof. \u015arod\u0119 \u2013feministk\u0119 i obro\u0144czyni\u0119 mniejszo\u015bci, wreszcie w\u00a0 profesora Baumana, by\u0142ego komunist\u0119, dzi\u015b \u015bwiatowej s\u0142awy uczonego i my\u015bliciela.<!--more--><\/p>\n<p>Narodowcy s\u0105 taranem, szpic\u0105, maj\u0105 ten sam cel, co g\u0142\u00f3wny nurt prawicy, tylko metody inne. Faktycznie ich dzia\u0142alno\u015b\u0107 jest jak najbardziej na r\u0119k\u0119 bardziej umiarkowanej i kulturalnej prawicy. W te wydarzenia wpisuje si\u0119 rzucanie tortem w s\u0119dzi\u0119, czy Liga Republika\u0144ska (z Mariuszem Kami\u0144skim, wczoraj szefem CBA, dzi\u015b wysokim funkcjonariuszem PiS),\u00a0 kt\u00f3ra rzuca\u0142a jajkami w par\u0119 prezydencka. Nale\u017cy do tego r\u00f3wnie\u017c uderzenie ceg\u0142\u0105 w g\u0142ow\u0119 gen. Jaruzelskiego i \u2013 niestety \u2013 morderstwo dzia\u0142acza PiS w \u0141odzi. Gwa\u0142towne czyny maj\u0105 swoje przed\u0142u\u017cenie w gor\u0105cych s\u0142owach i w j\u0119zyku debaty publicznej, w \u201eprzemy\u015ble pogardy\u201d, kt\u00f3ry nie jest obcy \u017c\u0105dnej ze stron.<\/p>\n<p>Niekt\u00f3rzy politycy (Ziobro, Brudzi\u0144ski) wyrazili zrozumienie dla postawy narodowc\u00f3w na wyk\u0142adzie prof. Baumana, ze wzgl\u0119du na jego \u017cyciorys 50-60 lat temu. Je\u017celi boj\u00f3wki b\u0119d\u0105 decydowa\u0107 kto ma prawo wyk\u0142ada\u0107, kogo mo\u017ce zaprosi\u0107 prezydent miasta Wroc\u0142awia, komu mo\u017cna wynaj\u0105\u0107 sal\u0119, to ma to na celu przede wszystkim zastraszenie lewicy i zamkni\u0119cie jej w klatce, w kt\u00f3rej b\u0119dzie sobie mog\u0142a dyskutowa\u0107, podczas gdy narodowcy b\u0119d\u0105 si\u0119 szarog\u0119si\u0107 w miejscach publicznych. Szereg imprez (jak np. spotkanie z pos\u0142em Biedroniem w Gda\u0144sku) b\u0119dzie odwo\u0142anych po prostu z troski o bezpiecze\u0144stwo uczestnik\u00f3w. Kto\u015b, kto b\u0119dzie chcia\u0142 zaprosi\u0107 lewicow\u0105 pani\u0105 profesor lub s\u0142awnego intelektualist\u0119, b\u0119dzie ryzykowa\u0142 awantur\u0119. I o to chodzi.<\/p>\n<p>Wygrana kandydata PiS w I turze wybor\u00f3w w Elbl\u0105gu by\u0142a spodziewana i jest zgodna z tendencj\u0105 w sonda\u017cach. By\u0107 mo\u017ce w II turze wygra kandydatka PO, ale wynik wybor\u00f3w do rady miasta (PiS \u2013 10, PO \u2013 7) nie pozostawia w\u0105tpliwo\u015bci \u2013 PiS jest teraz najsilniejsz\u0105 parti\u0105, ale nie na tyle, \u017ceby rz\u0105dzi\u0107 samemu. Trudno sobie wyobrazi\u0107, jak Platforma mog\u0142aby odwr\u00f3ci\u0107 ten trend, na kt\u00f3ry sk\u0142ada si\u0119 wiele przyczyn \u2013 od Podkarpacia do Elbl\u0105ga. Ciekawe, czy i jak sprawdzi si\u0119 wsp\u00f3\u0142praca PO \u2013 SLD w Elbl\u0105gu.<\/p>\n<p>Beztroska w wydawaniu \u015brodk\u00f3w na partie polityczne sk\u0142oni\u0142y Donalda Tuska do powrotu do propozycji rezygnacji z finansowania partii politycznych z bud\u017cetu pa\u0144stwa. Moim zdaniem \u2013 nies\u0142usznie. Racj\u0119 maj\u0105 ci, kt\u00f3rzy m\u00f3wi\u0105: albo Pa\u0144stwo albo \u201ePruszk\u00f3w\u201d. Obecny system wymaga tylko zmian &#8211; lepszej kontroli i jawno\u015bci. A ca\u0142a ta \u201edyskusja\u201d o garniturach i garsonkach jest \u017cenuj\u0105ca. Premier powinien zarabia\u0107 okre\u015blony ustawowo iloraz przeci\u0119tnej p\u0142acy ( np. 10 razy wi\u0119cej ), lub otrzymywa\u0107 fundusz reprezentacyjny, kt\u00f3ry Donald Tusk niepotrzebne zlikwidowa\u0142. Wi\u0119cej w tym populizmu ni\u017c realizmu.<\/p>\n","protected":false},"excerpt":{"rendered":"<p>Narodowo \u2013 prawicowa \u0142obuzeria, kt\u00f3ra zak\u0142\u00f3ci\u0142a odczyty i wyk\u0142ady lewicy &#8211; Adama Michnika, Magdaleny \u015arody, Zygmunta Baumana\u00a0 &#8211; pozostaje na razie bezkarna. M\u00f3wi si\u0119, \u017ce narodowcy stanowi\u0105 margines, mo\u017ce jeden, mo\u017ce dwa procent spo\u0142ecze\u0144stwa, ale to nie znaczy, \u017ce mo\u017cna ich lekcewa\u017cy\u0107. Autorytety centroprawicy jako\u015b ich nie pot\u0119piaj\u0105, gdy\u017c takie ekscesy s\u0105 prawicy na r\u0119k\u0119. [&hellip;]<\/p>\n","protected":false},"author":4,"featured_media":0,"comment_status":"open","ping_status":"closed","sticky":false,"template":"","format":"standard","meta":{"footnotes":""},"categories":[1],"tags":[],"_links":{"self":[{"href":"https:\/\/blog.polityka.pl\/passent\/wp-json\/wp\/v2\/posts\/1919"}],"collection":[{"href":"https:\/\/blog.polityka.pl\/passent\/wp-json\/wp\/v2\/posts"}],"about":[{"href":"https:\/\/blog.polityka.pl\/passent\/wp-json\/wp\/v2\/types\/post"}],"author":[{"embeddable":true,"href":"https:\/\/blog.polityka.pl\/passent\/wp-json\/wp\/v2\/users\/4"}],"replies":[{"embeddable":true,"href":"https:\/\/blog.polityka.pl\/passent\/wp-json\/wp\/v2\/comments?post=1919"}],"version-history":[{"count":3,"href":"https:\/\/blog.polityka.pl\/passent\/wp-json\/wp\/v2\/posts\/1919\/revisions"}],"predecessor-version":[{"id":1960,"href":"https:\/\/blog.polityka.pl\/passent\/wp-json\/wp\/v2\/posts\/1919\/revisions\/1960"}],"wp:attachment":[{"href":"https:\/\/blog.polityka.pl\/passent\/wp-json\/wp\/v2\/media?parent=1919"}],"wp:term":[{"taxonomy":"category","embeddable":true,"href":"https:\/\/blog.polityka.pl\/passent\/wp-json\/wp\/v2\/categories?post=1919"},{"taxonomy":"post_tag","embeddable":true,"href":"https:\/\/blog.polityka.pl\/passent\/wp-json\/wp\/v2\/tags?post=1919"}],"curies":[{"name":"wp","href":"https:\/\/api.w.org\/{rel}","templated":true}]}}