
{"id":1926,"date":"2013-06-27T21:30:03","date_gmt":"2013-06-27T19:30:03","guid":{"rendered":"http:\/\/passent.blog.polityka.pl\/?p=1926"},"modified":"2013-07-18T02:17:03","modified_gmt":"2013-07-18T00:17:03","slug":"tlusty-czwartek","status":"publish","type":"post","link":"https:\/\/blog.polityka.pl\/passent\/2013\/06\/27\/tlusty-czwartek\/","title":{"rendered":"T\u0142usty czwartek"},"content":{"rendered":"<p>To by\u0142 naprawd\u0119 t\u0142usty czwartek! Po pierwsze \u2013 komunikat Naczelnej Prokuratury Wojskowej, \u017ce na 258 na pr\u00f3bkach pobranych z samolotu i z gruntu w Smole\u0144sku\u00a0 nie stwierdzono obecno\u015bci materia\u0142\u00f3w wybuchowych. \u2013 To koniec afery trotylowej \u2013 powiedzia\u0142 Donald Tusk, mo\u017ce zbyt optymistycznie, bo \u201etrotylarze\u201d na pewno co\u015b\u00a0 wymy\u015bl\u0105, wszak sam Jaros\u0142aw Kaczy\u0144ski m\u00f3wi\u0142 o \u201ezamordowaniu\u201d prezydenta i ponad 90 innych os\u00f3b. Przeprosin Tusk i inni \u201ezab\u00f3jcy\u201d si\u0119 nie doczekaj\u0105, ale na pewno komunikat NPW to krok w dobrym kierunku. Ci\u0105g dalszy \u2013 ostateczna, ca\u0142o\u015bciowa decyzja dotycz\u0105ca hipotezy wybuchu ma powsta\u0107 do ko\u0144ca roku. Dla zespo\u0142u parlamentarnego PiS to czarny czwartek, ale\u00a0 nie koniec ich walki. Raczej wyciszenie tematyki smole\u0144skiej, kt\u00f3rego jeste\u015bmy \u015bwiadkami od pewnego czasu, z korzy\u015bci\u0105 dla pozycji PiS w\u00a0 sonda\u017cach.<!--more--><\/p>\n<p>Po drugie \u2013 Jaros\u0142aw Gowin \u201erzuci\u0142 drugi but\u201d i og\u0142osi\u0142, \u017ce ubiega si\u0119 o stanowisko przewodnicz\u0105cego Platformy, a nast\u0119pnie premiera. To dobra wiadomo\u015b\u0107, poka\u017ce, \u017ce PO ma jednak pewn\u0105 przewag\u0119 nad PiS: Mo\u017cna rzuci\u0107 liderowi wyzwanie i szuka\u0107 rozstrzygni\u0119cia w wyborach. Minusem jest zaabsorbowanie energii partyjnej, zw\u0142aszcza premiera\u00a0 (i si\u0142\u0105 rzeczy cz\u0119\u015bci rz\u0105du)\u00a0 do po\u0142owy sierpnia w kampani\u0119. Ciekawe, jak zachowa si\u0119 Grzegorz Schetyna. Miejmy nadziej\u0119, \u017ce b\u0119dzie to kampania fair, bez hak\u00f3w, w kt\u00f3rej b\u0119dzie chodzi\u0142o o meritum, o program Platformy na najbli\u017csze dwa lata, o oblicze ideowe partii, o styl przyw\u00f3dztwa, o demokracj\u0119 wewn\u0119trzn\u0105 w partii. B\u0119dzie to prawdziwy plebiscyt na temat Tuska \u2013 chyba pierwsze tego typu wybory w Polsce. Jest to szansa na odnow\u0119 Platformy, kt\u00f3ra od pewnego czasu znajduje si\u0119 na r\u00f3wni pochy\u0142ej. Oczywi\u015bcie, ka\u017cdy medal ma dwie strony, kampania w Platformie mo\u017ce by\u0107 brzydka, brudna, wtedy szansa zostanie zmarnowana i wybory wygra \u201eJaros\u0142aw Polsk\u0119 zbaw\u201d.<\/p>\n<p>Po trzecie, S\u0105d Najwy\u017cszy Stan\u00f3w Zjednoczonych podj\u0105\u0142 decyzj\u0119 na rzecz zr\u00f3wnania praw ma\u0142\u017ce\u0144stw hetero i homoseksualnych. Prezydent Obama telefonowa\u0142 z samolotu do przedstawicieli \u015brodowisk gejowskich. Po Anglii, Francji, r\u00f3wnie\u017c USA zmierzaj\u0105 w kierunku r\u00f3wnouprawnienia mniejszo\u015bci seksualnych.\u00a0 Nike jest to decyzj\u0105 dla Polski oboj\u0119tna. Nie jest to prezent dla Jaros\u0142awa Gowina i innych konserwatyst\u00f3w. Wcze\u015bniej czy p\u00f3\u017aniej r\u00f3wnie\u017c w naszym kraju szala przechyli si\u0119 na rzecz r\u00f3wnouprawnienia.<\/p>\n<p>PS. Przepraszam za przykry i niezamierzony b\u0142\u0105d w nazwisku prezesa Kaczy\u0144skiego, kt\u00f3ry pojawi\u0142 si\u0119 w poprzedniej wersji posta.<\/p>\n","protected":false},"excerpt":{"rendered":"<p>To by\u0142 naprawd\u0119 t\u0142usty czwartek! Po pierwsze \u2013 komunikat Naczelnej Prokuratury Wojskowej, \u017ce na 258 na pr\u00f3bkach pobranych z samolotu i z gruntu w Smole\u0144sku\u00a0 nie stwierdzono obecno\u015bci materia\u0142\u00f3w wybuchowych. \u2013 To koniec afery trotylowej \u2013 powiedzia\u0142 Donald Tusk, mo\u017ce zbyt optymistycznie, bo \u201etrotylarze\u201d na pewno co\u015b\u00a0 wymy\u015bl\u0105, wszak sam Jaros\u0142aw Kaczy\u0144ski m\u00f3wi\u0142 o \u201ezamordowaniu\u201d [&hellip;]<\/p>\n","protected":false},"author":4,"featured_media":0,"comment_status":"open","ping_status":"closed","sticky":false,"template":"","format":"standard","meta":{"footnotes":""},"categories":[1],"tags":[],"_links":{"self":[{"href":"https:\/\/blog.polityka.pl\/passent\/wp-json\/wp\/v2\/posts\/1926"}],"collection":[{"href":"https:\/\/blog.polityka.pl\/passent\/wp-json\/wp\/v2\/posts"}],"about":[{"href":"https:\/\/blog.polityka.pl\/passent\/wp-json\/wp\/v2\/types\/post"}],"author":[{"embeddable":true,"href":"https:\/\/blog.polityka.pl\/passent\/wp-json\/wp\/v2\/users\/4"}],"replies":[{"embeddable":true,"href":"https:\/\/blog.polityka.pl\/passent\/wp-json\/wp\/v2\/comments?post=1926"}],"version-history":[{"count":5,"href":"https:\/\/blog.polityka.pl\/passent\/wp-json\/wp\/v2\/posts\/1926\/revisions"}],"predecessor-version":[{"id":1930,"href":"https:\/\/blog.polityka.pl\/passent\/wp-json\/wp\/v2\/posts\/1926\/revisions\/1930"}],"wp:attachment":[{"href":"https:\/\/blog.polityka.pl\/passent\/wp-json\/wp\/v2\/media?parent=1926"}],"wp:term":[{"taxonomy":"category","embeddable":true,"href":"https:\/\/blog.polityka.pl\/passent\/wp-json\/wp\/v2\/categories?post=1926"},{"taxonomy":"post_tag","embeddable":true,"href":"https:\/\/blog.polityka.pl\/passent\/wp-json\/wp\/v2\/tags?post=1926"}],"curies":[{"name":"wp","href":"https:\/\/api.w.org\/{rel}","templated":true}]}}