
{"id":193,"date":"2006-12-29T11:29:52","date_gmt":"2006-12-29T10:29:52","guid":{"rendered":"http:\/\/passent.blog.polityka.pl\/?p=193"},"modified":"2006-12-29T11:29:52","modified_gmt":"2006-12-29T10:29:52","slug":"lajkonik-by-sie-usmial","status":"publish","type":"post","link":"https:\/\/blog.polityka.pl\/passent\/2006\/12\/29\/lajkonik-by-sie-usmial\/","title":{"rendered":"Lajkonik by si\u0119 u\u015bmia\u0142"},"content":{"rendered":"<p>Premier Kaczy\u0144ski, kt\u00f3ry potrafi robi\u0107 niespodzianki (np. usuni\u0119cie premiera Marcinkiewicza, przywr\u00f3cenie Zyty Gilowskiej), tym razem nie zaskoczy\u0142 nikogo i \u201epowiedzia\u0142 uczciwie, \u017ce by\u0142 to najlepszy rok tego siedemnastolecia\u201d. Premier jest zadowolony ze wszystkiego z wyj\u0105tkiem\u2026 opozycji.<\/p>\n<blockquote><p>Mieli\u015bmy do czynienia z now\u0105 w polskiej praktyce demokratycznej sytuacj\u0105 \u2013 opozycja nie uzna\u0142a wyniku wybor\u00f3w.<\/p><\/blockquote>\n<p>Ca\u0142a koncepcja demokracji \u2013 m\u00f3wi\u0142 JK \u2013 opiera si\u0119 na tym, \u017ce \u201eci, kt\u00f3rzy przegrali, uznaj\u0105 to i cho\u0107 krytykuj\u0105, nawet ostro, to nie przeprowadzaj\u0105 totalnego ataku, nie prowadz\u0105 wojny, nie parali\u017cuj\u0105 prac np. komisji sejmowych&#8221;. Moim zdaniem, pan premier jest \u2013 jak by napisa\u0142 Wiech &#8211; w tzw. mylnym b\u0142\u0119dzie. Gdyby nie reagowa\u0142 alergicznie na opozycj\u0119 i niezale\u017cne media, to skorzysta\u0142by z okresu \u015bwi\u0105tecznego, \u017ceby z\u0142o\u017cy\u0107 im najlepsze podzi\u0119kowania i pomodli\u0107 si\u0119 za nich. Czy opozycja organizuje marsze uliczne pod siedzib\u0119 prezydenta i premiera, jak to robi\u0142o Porozumienie Centrum? Czy Tusk z Rokit\u0105 publicznie pal\u0105 kuk\u0142\u0119 prezydenta, jak to robili zwolennicy PC? Czy opozycyjni radni Gda\u0144ska i Krakowa og\u0142aszaj\u0105, \u017ce urz\u0119duj\u0105cy prezydent jest w ich mie\u015bcie <em>persona non grata<\/em>, jak to by\u0142o w czasach Kwa\u015bniewskiego? Nie, nie, nie.<\/p>\n<p>By\u0142 to najlepszy rok siedemnastolecia, ale dla premiera. (Ka\u017cdy premier m\u00f3wi, \u017ce miniony rok by\u0142 pe\u0142en osi\u0105gni\u0119\u0107.) Wielka w tym zas\u0142uga opozycji, a w\u0142a\u015bciwie jej braku. To, co budzi niech\u0119\u0107 premiera, to przecie\u017c opozycja bez serc, bez ducha. Niemrawa, milcz\u0105ca i hamletyzuj\u0105ca w najwa\u017cniejszych sprawach \u2013 od pomys\u0142\u00f3w Giertycha po pomys\u0142y Busha, opozycja zaj\u0119ta sob\u0105 i wpatrzona w siebie. Tusk pilnuje, \u017ceby Rokita nie przytula\u0142 si\u0119 za bardzo do Kaczy\u0144skiego, za\u015b Rokita pilnuje, \u017ceby Tusk nie straci\u0142 cnoty z Olejniczakiem. Tak si\u0119 wzajemnie \u015bledz\u0105, \u017ce niewiele mog\u0105 poza tym. To opozycja wymarzona dla rz\u0105du i premier jest niesprawiedliwy, \u017ce na ni\u0105 pomstuje.<\/p>\n<p>Tak np. w Krakowie dzia\u0142acze Platformy zorganizowali dwie uroczysto\u015bci op\u0142atkowe \u2013 w hotelu Monopol i w hotelu Rogal. W Monopolu \u015bwi\u0119towali m.in. przewodnicz\u0105cy krakowskiej PO Pawe\u0142 Sularz, pose\u0142 Szczypi\u0144ski, marsza\u0142ek Ma\u0142opolski Sepio\u0142, eurodeputowany Klich. Natomiast w Royalu prze\u0142amywali si\u0119 op\u0142atkiem Jan Rokita, Pawe\u0142 W\u0119grzyn, Andrzej Pawelec, Ireneusz Ra\u015b, Andrzej Go\u0142a\u015b i Jaros\u0142aw Gowin.<\/p>\n<p>Czy\u017c to nie jest wymarzona (dla w\u0142adzy) opozycja? Czy ktokolwiek mo\u017ce sobie wyobrazi\u0107 lepsz\u0105 dla premiera sytuacj\u0119? Premier Kaczy\u0144ski grzeszy, kiedy pomstuje na opozycj\u0119 \u2013 powinien jej pob\u0142ogos\u0142awi\u0107 i zanosi\u0107 za ni\u0105 mod\u0142y: \u201eOby tak dalej\u201d. By\u0142 to dla opozycji rok fatalny. I nie ma nawet na kogo zwali\u0107. Lajkonik by si\u0119 u\u015bmia\u0142&#8230;<\/p>\n","protected":false},"excerpt":{"rendered":"<p>Premier Kaczy\u0144ski, kt\u00f3ry potrafi robi\u0107 niespodzianki (np. usuni\u0119cie premiera Marcinkiewicza, przywr\u00f3cenie Zyty Gilowskiej), tym razem nie zaskoczy\u0142 nikogo i \u201epowiedzia\u0142 uczciwie, \u017ce by\u0142 to najlepszy rok tego siedemnastolecia\u201d. Premier jest zadowolony ze wszystkiego z wyj\u0105tkiem\u2026 opozycji. Mieli\u015bmy do czynienia z now\u0105 w polskiej praktyce demokratycznej sytuacj\u0105 \u2013 opozycja nie uzna\u0142a wyniku wybor\u00f3w. Ca\u0142a koncepcja demokracji [&hellip;]<\/p>\n","protected":false},"author":4,"featured_media":0,"comment_status":"open","ping_status":"open","sticky":false,"template":"","format":"standard","meta":{"footnotes":""},"categories":[1],"tags":[],"_links":{"self":[{"href":"https:\/\/blog.polityka.pl\/passent\/wp-json\/wp\/v2\/posts\/193"}],"collection":[{"href":"https:\/\/blog.polityka.pl\/passent\/wp-json\/wp\/v2\/posts"}],"about":[{"href":"https:\/\/blog.polityka.pl\/passent\/wp-json\/wp\/v2\/types\/post"}],"author":[{"embeddable":true,"href":"https:\/\/blog.polityka.pl\/passent\/wp-json\/wp\/v2\/users\/4"}],"replies":[{"embeddable":true,"href":"https:\/\/blog.polityka.pl\/passent\/wp-json\/wp\/v2\/comments?post=193"}],"version-history":[{"count":0,"href":"https:\/\/blog.polityka.pl\/passent\/wp-json\/wp\/v2\/posts\/193\/revisions"}],"wp:attachment":[{"href":"https:\/\/blog.polityka.pl\/passent\/wp-json\/wp\/v2\/media?parent=193"}],"wp:term":[{"taxonomy":"category","embeddable":true,"href":"https:\/\/blog.polityka.pl\/passent\/wp-json\/wp\/v2\/categories?post=193"},{"taxonomy":"post_tag","embeddable":true,"href":"https:\/\/blog.polityka.pl\/passent\/wp-json\/wp\/v2\/tags?post=193"}],"curies":[{"name":"wp","href":"https:\/\/api.w.org\/{rel}","templated":true}]}}