
{"id":1931,"date":"2013-06-30T23:27:42","date_gmt":"2013-06-30T21:27:42","guid":{"rendered":"http:\/\/passent.blog.polityka.pl\/?p=1931"},"modified":"2013-07-18T02:16:40","modified_gmt":"2013-07-18T00:16:40","slug":"wiecej-tego-samego","status":"publish","type":"post","link":"https:\/\/blog.polityka.pl\/passent\/2013\/06\/30\/wiecej-tego-samego\/","title":{"rendered":"Wi\u0119cej tego samego"},"content":{"rendered":"<p>Konwencja Platformy Obywatelskiej i kongres PiS nie przynios\u0142y rewelacji. Donald Tusk utwierdzi\u0142 swoje panowanie, Grzegorz Schetyna elegancko rozwia\u0142 domys\u0142y, jakoby zamierza\u0142 kandydowa\u0107, woli widocznie zaczeka\u0107 na bardziej stosowny moment (np. przegrane przez Platform\u0119 wybory), za co zosta\u0142 nagrodzony owacj\u0105, a Jaros\u0142aw Gowin nie rezygnuje, ale entuzjazmu delegat\u00f3w\u00a0 nie zyska\u0142. Przynajmniej kwestia przyw\u00f3dztwa zosta\u0142a\u00a0 rozstrzygni\u0119ta, dzi\u0119ki czemu premier b\u0119dzie mia\u0142 wi\u0119cej czasu na pe\u0142nienie obowi\u0105zk\u00f3w szefa rz\u0105du. W przysz\u0142ym miesi\u0105cu wybory przewodnicz\u0105cego ju\u017c wed\u0142ug poprawionego statutu. B\u0119dzie to novum w historii polskich partii politycznych.<!--more--><\/p>\n<p>Wi\u0119cej dzia\u0142o si\u0119 na kongresie PiS.\u00a0 Jaros\u0142aw Kaczy\u0144ski panuje bezapelacyjnie. PiS pracuje nad tym, \u017ceby stworzy\u0107 wra\u017cenie partii kompetentnej, przygotowanej do rz\u0105dzenia, dysponuj\u0105cej programem i fachowcami w ka\u017cdej dziedzinie. O ile Platforma pozostaje na pozycjach centroprawicowych, to PiS umacnia si\u0119 na prawicy. Jego program to B\u00f3g, Honor, Ojczyzna. Prezes dzi\u0119kuje Tadeuszowi Rydzykowi. Wzywa to repolonizacji bank\u00f3w, energetyki, kolei, poczty, ziemi, wszystkiego. W czasach, kiedy inni staraj\u0105 si\u0119 przyci\u0105gn\u0105\u0107 kapita\u0142 zagraniczny i kusz\u0105 inwestor\u00f3w, PiS stara si\u0119 umocni\u0107 polski stan posiadania przed obcymi zakusami. W parze z tym idzie \u201enie\u201d dla euro i brak entuzjazmu dla Unii Europejskiej, zw\u0142aszcza w federacyjnym wydaniu, wypowiedzenie \u201epaktu klimatycznego\u201d, oparcie\u00a0 energetyki na w\u0119glu. Kaczy\u0144ski zapowiada \u201ereindustrializacj\u0119\u201d Polski (mi\u00f3d na serce obecnego na sali Piotra Dudy, kt\u00f3ry reprezentuje wielkozak\u0142adowy \u015bwiat pracy i aparat zwi\u0105zkowy). Lider Solidarno\u015bci, tu\u017c po tym jak zerwa\u0142 rozmowy tr\u00f3jstronne, wyg\u0142osi\u0142 p\u0142omienne przem\u00f3wienie, w kt\u00f3rym zwymy\u015bla\u0142 Tuska i zapowiedzia\u0142 gor\u0105c\u0105 jesie\u0144.<\/p>\n<p>PiS zapowiada tak\u017ce likwidacj\u0119 kilku ministerstw i utworzenie innych.\u00a0 Mo\u017cna to zlekcewa\u017cy\u0107, ale wa\u017cna jest zapowied\u017a ponownego podporz\u0105dkowania prokuratury rz\u0105dowi (scalenie z Ministerstwem Sprawiedliwo\u015bci), dobranie si\u0119 do \u201ekorporacji\u201d s\u0119dziowskiej,\u00a0 nadz\u00f3r premiera nad s\u0142u\u017cbami specjalnymi, kt\u00f3re stanowi\u0105 oczko w g\u0142owie Kaczy\u0144skiego i Macierewicza, powr\u00f3t CBA do dawnych zada\u0144 (zapewne z Mariuszem Kami\u0144skim na czele), likwidacja gimnazj\u00f3w, \u201estopniowa\u201d likwidacja um\u00f3w \u015bmieciowych przy jednoczesnym utworzeniu 1,2 mln miejsc pracy (!), co ju\u017c brzmi absurdalnie. Oczywi\u015bcie, zreformowane ma by\u0107 wszystko \u2013 od szk\u00f3\u0142 i program\u00f3w szkolnych (wi\u0119cej historii w wersji IPN\/PiS), po rz\u0105d, s\u0142u\u017cb\u0119 zdrowia i system podatkowy. Wi\u0119cej polityki historycznej w Muzeum II Wojny \u015awiatowej, itd. itp.<\/p>\n<p>W sumie \u2013 dla ka\u017cdego co\u015b mi\u0142ego, dla narodowc\u00f3w wi\u0119cej Polski, polskiego punktu widzenia, suwerenno\u015bci\u00a0 i patriotyzmu. Dla wyborc\u00f3w socjalnych i Solidarno\u015bci \u2013 wi\u0119cej miejsc pracy, wi\u0119cej mieszka\u0144, polityka prorodzinna etc.<\/p>\n<p>W sumie program partii konserwatywno-socjalno-narodowej. Og\u00f3lne wra\u017cenie partii odpowiedzialnej, kompetentnej, kt\u00f3ra nie zaprz\u0105ta\u00a0 ju\u017c uwagi Uk\u0142adem, lustracj\u0105, zamachem i zemst\u0105, spiskiem Tusk \u2013 Putin, tylko sposobi si\u0119 do przej\u0119cia odpowiedzialno\u015bci za Polsk\u0119. Ciekawe, jak d\u0142ugo PiS wytrwa w tym kostiumie, na razie to si\u0119 op\u0142aca sonda\u017cowo, wi\u0119c na zmian\u0119 si\u0119 nie zanosi. Kongres potwierdzi\u0142\u00a0 kurs PiS z ostatnich kilku miesi\u0119cy.<\/p>\n<p>Obaj liderzy \u2013 Kaczy\u0144ski i Tusk w dobrej formie, bez oznak \u201ewypalenia\u201d, niezagro\u017ceni od wewn\u0105trz, czyli czeka nas wi\u0119cej tego samego.<\/p>\n","protected":false},"excerpt":{"rendered":"<p>Konwencja Platformy Obywatelskiej i kongres PiS nie przynios\u0142y rewelacji. Donald Tusk utwierdzi\u0142 swoje panowanie, Grzegorz Schetyna elegancko rozwia\u0142 domys\u0142y, jakoby zamierza\u0142 kandydowa\u0107, woli widocznie zaczeka\u0107 na bardziej stosowny moment (np. przegrane przez Platform\u0119 wybory), za co zosta\u0142 nagrodzony owacj\u0105, a Jaros\u0142aw Gowin nie rezygnuje, ale entuzjazmu delegat\u00f3w\u00a0 nie zyska\u0142. Przynajmniej kwestia przyw\u00f3dztwa zosta\u0142a\u00a0 rozstrzygni\u0119ta, dzi\u0119ki [&hellip;]<\/p>\n","protected":false},"author":4,"featured_media":0,"comment_status":"open","ping_status":"closed","sticky":false,"template":"","format":"standard","meta":{"footnotes":""},"categories":[1],"tags":[],"_links":{"self":[{"href":"https:\/\/blog.polityka.pl\/passent\/wp-json\/wp\/v2\/posts\/1931"}],"collection":[{"href":"https:\/\/blog.polityka.pl\/passent\/wp-json\/wp\/v2\/posts"}],"about":[{"href":"https:\/\/blog.polityka.pl\/passent\/wp-json\/wp\/v2\/types\/post"}],"author":[{"embeddable":true,"href":"https:\/\/blog.polityka.pl\/passent\/wp-json\/wp\/v2\/users\/4"}],"replies":[{"embeddable":true,"href":"https:\/\/blog.polityka.pl\/passent\/wp-json\/wp\/v2\/comments?post=1931"}],"version-history":[{"count":3,"href":"https:\/\/blog.polityka.pl\/passent\/wp-json\/wp\/v2\/posts\/1931\/revisions"}],"predecessor-version":[{"id":1958,"href":"https:\/\/blog.polityka.pl\/passent\/wp-json\/wp\/v2\/posts\/1931\/revisions\/1958"}],"wp:attachment":[{"href":"https:\/\/blog.polityka.pl\/passent\/wp-json\/wp\/v2\/media?parent=1931"}],"wp:term":[{"taxonomy":"category","embeddable":true,"href":"https:\/\/blog.polityka.pl\/passent\/wp-json\/wp\/v2\/categories?post=1931"},{"taxonomy":"post_tag","embeddable":true,"href":"https:\/\/blog.polityka.pl\/passent\/wp-json\/wp\/v2\/tags?post=1931"}],"curies":[{"name":"wp","href":"https:\/\/api.w.org\/{rel}","templated":true}]}}