
{"id":1938,"date":"2013-07-08T13:00:06","date_gmt":"2013-07-08T11:00:06","guid":{"rendered":"http:\/\/passent.blog.polityka.pl\/?p=1938"},"modified":"2013-07-18T02:15:16","modified_gmt":"2013-07-18T00:15:16","slug":"slonce-swieci-na-prawicy","status":"publish","type":"post","link":"https:\/\/blog.polityka.pl\/passent\/2013\/07\/08\/slonce-swieci-na-prawicy\/","title":{"rendered":"S\u0142o\u0144ce \u015bwieci na prawicy"},"content":{"rendered":"<p>To by\u0142 dobry weekend dla prawicy. Wybory na prezydenta Elbl\u0105ga wygra\u0142 kandydat PiS, Jerzy Wilk, samorz\u0105dowiec z 20-letnim sta\u017cem. W ostatnich tygodniach Elbl\u0105g sta\u0142 si\u0119 poligonem, na kt\u00f3rym czo\u0142owi politycy PO i PiS \u0107wiczyli manewry przed wyborami samorz\u0105dowi, \u201eeuropejskimi\u201d i parlamentarnymi, kt\u00f3re nas czekaj\u0105 w latach 2014\/2015. PiS powt\u00f3rzy\u0142 sukces z Rybnika. Platforma mo\u017ce si\u0119 pociesza\u0107, \u017ce po odwo\u0142aniu w referendum poprzedniego, skompromitowanego prezydenta miasta z Platformy, ta partia nie zosta\u0142a zmieciona, wprowadzi\u0142a swoj\u0105 kandydatk\u0119 do II tury, gdzie toczy\u0142a wyr\u00f3wnany b\u00f3j. Ale wynik idzie w \u015bwiat, podobnie jak Andy Murray wygra\u0142 Wimbledon po zaci\u0119tej walce, pokonany Djokovic musia\u0142 uzna\u0107 jego wy\u017cszo\u015b\u0107.<!--more--><\/p>\n<p>Wybory potwierdzi\u0142y, \u017ce Platforma\u00a0 nie jest ju\u017c liderem, i to w stosunkowo du\u017cym mie\u015bcie, na Ziemiach Zachodnich, czyli na w\u0142asnym boisku. W dodatku PiS zdoby\u0142 najwi\u0119cej (10) miejsc w radzie miasta, wi\u0119cej ni\u017c PO (7). Ciekawe, czy zawi\u0105\u017ce si\u0119 lokalny sojusz PiS \u2013 SLD, co nie b\u0119dzie bez znaczenia w skali kraju. Ka\u017cdy taki alians oswaja wyborc\u00f3w ze \u015bwiadomo\u015bci\u0105, \u017ce taka koalicja b\u0119dzie mo\u017cliwa tak\u017ce w parlamencie. Oczywi\u015bcie, teraz nikt tego nie przyzna, ale czego si\u0119 nie robi dobra kraju&#8230;<\/p>\n<p>Nie znaczy to jednak, \u017ce jak g\u0142osuje Elbl\u0105g tak g\u0142osuje Polska. W Elbl\u0105ga rz\u0105dy PO by\u0142y nieudolne i skompromitowane, w Warszawie i w ca\u0142ej Polsce nie p\u00f3jdzie tak \u0142atwo. \u201eTeraz idziemy po Hann\u0119 Gronkiewicz-Waltz\u201d, powiedzia\u0142 rzecznik PiS i to jest zrozumia\u0142e. W Warszawie przedterminowych wybor\u00f3w nie b\u0119dzie, ale wynik referendum b\u0119dzie mia\u0142 ogromne znaczenie. Elbl\u0105g potwierdzi\u0142 znaczne os\u0142abienie Platformy i premiera Tuska. Czy zostanie ono powstrzymane \u2013 trudno powiedzie\u0107, ale zapewnienia premiera, \u017ce po kryzysie 2013 Platforma odbije si\u0119 i w 2015 zn\u00f3w b\u0119dzie na pierwszym miejscu, brzmi\u0105 jak pobo\u017cne \u017cyczenia.<\/p>\n<p>Na razie s\u0142o\u0144ce \u015bwieci dla prawicy. \u015awiadczy o tym tak\u017ce przyznanie Telewizji Trwam miejsca w naziemnym multipleksie cyfrowym, dzi\u0119ki czemu b\u0119dzie ona dost\u0119pna na obszarze ca\u0142ego kraju. \u017badne zakl\u0119cia, \u017ce \u201eteraz Episkopat\u201d b\u0119dzie odpowiedzialny za emitowane tre\u015bci nic nie pomog\u0105. Ojciec Rydzyk, kt\u00f3ry ju\u017c dzisiaj jest najpot\u0119\u017cniejszy w polskim Ko\u015bciele, otrzyma\u0142 dodatkow\u0105 bro\u0144.<\/p>\n<p>Jedynym znakiem \u017cycia\u00a0 lewicy by\u0142 uroczysty obiad urodzinowy dla genera\u0142a Jaruzelskiego. Dobrze, \u017ce si\u0119 odby\u0142, ale to troch\u0119 ma\u0142o. Z okazji jubileuszu od\u017cy\u0142 sp\u00f3r o genera\u0142a i o stan wojenny. \u017badne nowe argumenty si\u0119 nie pojawi\u0142y, gdy\u017c sprawa wa\u0142kowana jest od lat i tak ju\u017c pozostanie. Mnie bli\u017csze jest stanowisko Andrzeja Romanowskiego, Adama Michnika\u00a0 i Waldemara Kuczy\u0144skiego, wyra\u017cone w mediach.<\/p>\n<p>PS. ZAPROSZENIE<\/p>\n<p>Elbl\u0105g, PiS i Narodowcy \u2013 zapraszam do rozmowy w Radiu TOK FM, z udzia\u0142em prof. Moniki P\u0141ATEK, karnistki z UW, i dr Karoliny Wigury, socjolo\u017cki z UW, zwi\u0105zanej z Kultur\u0105 Liberaln\u0105. Wtorek, 9 lipca, godz. 20.05. Do us\u0142yszenia!<\/p>\n","protected":false},"excerpt":{"rendered":"<p>To by\u0142 dobry weekend dla prawicy. Wybory na prezydenta Elbl\u0105ga wygra\u0142 kandydat PiS, Jerzy Wilk, samorz\u0105dowiec z 20-letnim sta\u017cem. W ostatnich tygodniach Elbl\u0105g sta\u0142 si\u0119 poligonem, na kt\u00f3rym czo\u0142owi politycy PO i PiS \u0107wiczyli manewry przed wyborami samorz\u0105dowi, \u201eeuropejskimi\u201d i parlamentarnymi, kt\u00f3re nas czekaj\u0105 w latach 2014\/2015. PiS powt\u00f3rzy\u0142 sukces z Rybnika. Platforma mo\u017ce si\u0119 [&hellip;]<\/p>\n","protected":false},"author":4,"featured_media":0,"comment_status":"open","ping_status":"closed","sticky":false,"template":"","format":"standard","meta":{"footnotes":""},"categories":[1],"tags":[],"_links":{"self":[{"href":"https:\/\/blog.polityka.pl\/passent\/wp-json\/wp\/v2\/posts\/1938"}],"collection":[{"href":"https:\/\/blog.polityka.pl\/passent\/wp-json\/wp\/v2\/posts"}],"about":[{"href":"https:\/\/blog.polityka.pl\/passent\/wp-json\/wp\/v2\/types\/post"}],"author":[{"embeddable":true,"href":"https:\/\/blog.polityka.pl\/passent\/wp-json\/wp\/v2\/users\/4"}],"replies":[{"embeddable":true,"href":"https:\/\/blog.polityka.pl\/passent\/wp-json\/wp\/v2\/comments?post=1938"}],"version-history":[{"count":4,"href":"https:\/\/blog.polityka.pl\/passent\/wp-json\/wp\/v2\/posts\/1938\/revisions"}],"predecessor-version":[{"id":1978,"href":"https:\/\/blog.polityka.pl\/passent\/wp-json\/wp\/v2\/posts\/1938\/revisions\/1978"}],"wp:attachment":[{"href":"https:\/\/blog.polityka.pl\/passent\/wp-json\/wp\/v2\/media?parent=1938"}],"wp:term":[{"taxonomy":"category","embeddable":true,"href":"https:\/\/blog.polityka.pl\/passent\/wp-json\/wp\/v2\/categories?post=1938"},{"taxonomy":"post_tag","embeddable":true,"href":"https:\/\/blog.polityka.pl\/passent\/wp-json\/wp\/v2\/tags?post=1938"}],"curies":[{"name":"wp","href":"https:\/\/api.w.org\/{rel}","templated":true}]}}