
{"id":1949,"date":"2013-07-16T16:03:36","date_gmt":"2013-07-16T14:03:36","guid":{"rendered":"http:\/\/passent.blog.polityka.pl\/?p=1949"},"modified":"2013-07-16T16:09:25","modified_gmt":"2013-07-16T14:09:25","slug":"precz-z-baza-%e2%80%93-niech-zyje-nadbudowa","status":"publish","type":"post","link":"https:\/\/blog.polityka.pl\/passent\/2013\/07\/16\/precz-z-baza-%e2%80%93-niech-zyje-nadbudowa\/","title":{"rendered":"Precz z baz\u0105 \u2013 niech \u017cyje nadbudowa!"},"content":{"rendered":"<p>Kilka dni temu bra\u0142em udzia\u0142 w niezwykle udanym festiwalu nt. medi\u00f3w i sztuki w Dar\u0142owie. Przez kilka dni, nad brzegiem morza, trwa\u0142y spotkania mieszka\u0144c\u00f3w, turyst\u00f3w i zaproszonych go\u015bci \u2013 od wybitnych artyst\u00f3w po znanych sportowc\u00f3w i dziennikarzy. Kiedy Anna Seniuk czyta\u0142a wiersze dla dzieci, wielki namiot obliczony na kilkaset os\u00f3b p\u0119ka\u0142 w szwach. To samo podczas spotkania z Mari\u0105 Czubaszek, W\u0142odzimierzem Luba\u0144skimi, W\u0142adys\u0142awem Kozakiewiczem, radiowcami z Tr\u00f3jki  oraz innymi znakomito\u015bciami. By\u0142 te\u017c dzie\u0144 po\u015bwi\u0119cony dyskusji o PRL. I chocia\u017c Grzegorz Miecugow i Marek Przybylik podczas swojego spotkania zarzekali si\u0119 \u201eani s\u0142owa o PRL\u201d, prawie ca\u0142y czas przegadali na ten temat.<!--more--><\/p>\n<p>Polska pisz\u0105ca, czytaj\u0105ca i dyskutuj\u0105ca, jako temat woli \u015bwiadomo\u015b\u0107 ni\u017c byt, bardziej ni\u017c baza interesuje j\u0105 nadbudowa. Dyskusja o Wo\u0142yniu zajmowa\u0142a poczesne miejsce, a\u017c sta\u0142a si\u0119 \u017cenuj\u0105ca, gdy\u017c trwa wy\u015bcig \u2013 kto u\u017cyje mocniejszych s\u0142\u00f3w, \u017ceby opisa\u0107 prawd\u0119 i da\u0107 nauczk\u0119 Ukrai\u0144com. W polskiej debacie dominuj\u0105 idee i historia. To chyba dziedzictwo Romantyzmu i niewoli. Sprawy nie mniej wa\u017cne, jak bezpiecze\u0144stwo i gospodarka, pozostaj\u0105 na dalszym planie. Ka\u017cdy klepie jak pacierz \u201egospodarka, g\u0142upcze!\u201d, po czym unosi si\u0119 w stratosfer\u0119 \u201eideolo\u201d.  Sp\u00f3jrzmy na czo\u0142\u00f3wki gazet i wiadomo\u015bci: ksi\u0105dz Lema\u0144ski kontra Ko\u015bci\u00f3\u0142, ub\u00f3j rytualny kontra ub\u00f3j \u201ehumanitarny\u201d, pami\u0119\u0107 Polak\u00f3w  kontra pami\u0119\u0107 Ukrai\u0144c\u00f3w w 70. rocznice rzezi wo\u0142y\u0144skiej, rz\u0105d Izraela kontra rz\u0105d Polski, a nawet Agnieszka Radwa\u0144ska kontra purytanie i fundamentali\u015bci. \u0179le si\u0119 tylko sta\u0142o, \u017ce od razu w projekcie ustawy o uboju  nie dopuszczono uboju rytualnego na potrzeby gmin wyznaniowych w Polsce. To by\u0142by dobry kompromis. Niestety, g\u0142osy takie zosta\u0142y zlekcewa\u017cone, i teraz trzeba szuka\u0107 oparcia w prawie z 1937 roku, kt\u00f3re nie dotyczy zreszt\u0105 muzu\u0142man\u00f3w. Izraelski MSZ m\u00f3wi o \u201ejawnym zamachu\u201d, przewodnicz\u0105cy Knesetu pisze, \u017ce \u017bydzi \u201ekolejny raz\u201d spotykaj\u0105 si\u0119 z ograniczeniami, premier Tusk czuje si\u0119 zmuszony da\u0107 stanowczy odp\u00f3r \u2013 wszystko to mia\u0142oby \u0142agodniejszy przebieg, gdyby ju\u017c na etapie przygotowa\u0144 wzi\u0119to pod uwag\u0119 interes mniejszo\u015bci wyznaniowych.<\/p>\n<p>Inny konflikt ideowy,  ksi\u0119dza Wojciecha Lema\u0144skiego z konserwatywnym abpem Hoserem tak\u017ce skupia na sobie zainteresowanie i dzieli opini\u0119. Proboszcz ma\u0142ej parafii rzuci\u0142 wyzwanie pot\u0119dze, jak\u0105 jest Ko\u015bci\u00f3\u0142 w Polsce. Nie on pierwszy, i nie ostatni. Wygl\u0105da na to, \u017ce na kr\u00f3tk\u0105 met\u0119, ksi\u0105dz przegra\u0142 i wbrew wcze\u015bniejszym zapowiedziom odda\u0142 parafi\u0119, ale w d\u0142u\u017cszej perspektywie czas pracuje na rzecz postulat\u00f3w niesubordynowanego proboszcza. Im bardziej b\u0119dzie si\u0119 Polska laicyzowa\u0142a, tym wi\u0119ksza b\u0119dzie w Ko\u015bciele \u015bwiadomo\u015b\u0107, \u017ce trzeba si\u0119 pogodzi\u0107 z takimi grzechami jak zap\u0142odnienie in vitro, a mo\u017ce nawet zwi\u0105zki partnerskie, przynajmniej hetero. Je\u017celi ju\u017c nawet tak konserwatywna osoba, jak Agnieszka Radwa\u0144ska, wodzi na pokuszenie pozuj\u0105c odwa\u017cnie do fotografii, to obro\u0144cy moralno\u015bci musz\u0105 si\u0119 czu\u0107 zagro\u017ceni. Agnieszk\u0119 jednak oszcz\u0119dzili, bo sytuuje si\u0119 na prawicy.<br \/>\nW sumie \u2013 mamy lato gor\u0105ce, mo\u017ce nie od S\u0142o\u0144ca, ale od nami\u0119tnych spor\u00f3w i to w sprawach ciekawszych ni\u017c nieustanna m\u0142\u00f3cka Platforma \u2013 PiS.<\/p>\n","protected":false},"excerpt":{"rendered":"<p>Kilka dni temu bra\u0142em udzia\u0142 w niezwykle udanym festiwalu nt. medi\u00f3w i sztuki w Dar\u0142owie. Przez kilka dni, nad brzegiem morza, trwa\u0142y spotkania mieszka\u0144c\u00f3w, turyst\u00f3w i zaproszonych go\u015bci \u2013 od wybitnych artyst\u00f3w po znanych sportowc\u00f3w i dziennikarzy. Kiedy Anna Seniuk czyta\u0142a wiersze dla dzieci, wielki namiot obliczony na kilkaset os\u00f3b p\u0119ka\u0142 w szwach. To samo [&hellip;]<\/p>\n","protected":false},"author":4,"featured_media":0,"comment_status":"open","ping_status":"closed","sticky":false,"template":"","format":"standard","meta":{"footnotes":""},"categories":[1],"tags":[],"_links":{"self":[{"href":"https:\/\/blog.polityka.pl\/passent\/wp-json\/wp\/v2\/posts\/1949"}],"collection":[{"href":"https:\/\/blog.polityka.pl\/passent\/wp-json\/wp\/v2\/posts"}],"about":[{"href":"https:\/\/blog.polityka.pl\/passent\/wp-json\/wp\/v2\/types\/post"}],"author":[{"embeddable":true,"href":"https:\/\/blog.polityka.pl\/passent\/wp-json\/wp\/v2\/users\/4"}],"replies":[{"embeddable":true,"href":"https:\/\/blog.polityka.pl\/passent\/wp-json\/wp\/v2\/comments?post=1949"}],"version-history":[{"count":5,"href":"https:\/\/blog.polityka.pl\/passent\/wp-json\/wp\/v2\/posts\/1949\/revisions"}],"predecessor-version":[{"id":1953,"href":"https:\/\/blog.polityka.pl\/passent\/wp-json\/wp\/v2\/posts\/1949\/revisions\/1953"}],"wp:attachment":[{"href":"https:\/\/blog.polityka.pl\/passent\/wp-json\/wp\/v2\/media?parent=1949"}],"wp:term":[{"taxonomy":"category","embeddable":true,"href":"https:\/\/blog.polityka.pl\/passent\/wp-json\/wp\/v2\/categories?post=1949"},{"taxonomy":"post_tag","embeddable":true,"href":"https:\/\/blog.polityka.pl\/passent\/wp-json\/wp\/v2\/tags?post=1949"}],"curies":[{"name":"wp","href":"https:\/\/api.w.org\/{rel}","templated":true}]}}