
{"id":196,"date":"2007-01-05T08:27:14","date_gmt":"2007-01-05T07:27:14","guid":{"rendered":"http:\/\/passent.blog.polityka.pl\/?p=196"},"modified":"2007-01-05T08:27:14","modified_gmt":"2007-01-05T07:27:14","slug":"%e2%80%9ezatrzymajcie-swiat-ja-chce-wysiasc%e2%80%9d","status":"publish","type":"post","link":"https:\/\/blog.polityka.pl\/passent\/2007\/01\/05\/%e2%80%9ezatrzymajcie-swiat-ja-chce-wysiasc%e2%80%9d\/","title":{"rendered":"\u201eZatrzymajcie \u015bwiat &#8211; ja chc\u0119 wysi\u0105\u015b\u0107!\u201d"},"content":{"rendered":"<p>Nie wiem, czy kto\u015b z Pa\u0144stwa pami\u0119ta film albo przedstawienie pod tytu\u0142em \u201eZatrzymajcie \u015bwiat \u2013 ja chce wysi\u0105\u015b\u0107!\u201d, kt\u00f3ry \u015bwietnie pasuje do dzisiejszych czas\u00f3w. Pasuje do nich r\u00f3wnie\u017c \u00f3w\u00a0wariacki poci\u0105g, kt\u00f3ry szaleje w weso\u0142ym miasteczku i nap\u0119dza pasa\u017cerom strachu. Zapomnia\u0142em jak si\u0119 ta kolejka nazywa, bo dawno nie by\u0142em w lunaparku, a i pami\u0119\u0107 ju\u017c nie ta, ale po angielsku to \u201eroller coaster\u201d. Jeszcze mam w uszach s\u0142owa premiera, \u017ce miniony rok by\u0142 najlepszy w ci\u0105gu minionych 17 lat, jeszcze mam przed oczyma or\u0119dzie noworoczne, w kt\u00f3rym prezydent m\u00f3wi\u0142, \u017ce to by\u0142 dobry rok, a ju\u017c na te zapewnienia nak\u0142ada si\u0119 niezno\u015bna hu\u015btawka wra\u017ce\u0144 i nastroj\u00f3w, w g\u00f3r\u0119 i w d\u00f3\u0142, w d\u00f3\u0142 i w g\u00f3r\u0119, na szczyty i w przepa\u015b\u0107, mo\u017cna dosta\u0107 morskiej choroby.<\/p>\n<p>Najpierw ca\u0142a Polska czeka\u0142a na wyniki bada\u0144 DNA i zadawala sobie pytania: zgwa\u0142ci\u0142 \u2013 nie zgwa\u0142ci\u0142, zgwa\u0142ci\u0142 \u2013 nie zgwa\u0142ci\u0142, p\u00f3\u017aniej kraj \u017cy\u0142 tym, czy wicepremier molestowa\u0142 czy nie molestowa\u0142, wymusza\u0142 \u2013 nie wymusza\u0142, jeszcze przedwczoraj kraj wstrzymywa\u0142 oddech czekaj\u0105c, czy prezydent znajdzie kandydata na prezesa NBP, prezydent stoj\u0105cy na czele tego lunaparku, kt\u00f3ry nazywa si\u0119 Polska, umiej\u0119tnie dozowa\u0142 napi\u0119cie, i cho\u0107 jest na stanowisku ju\u017c od ponad roku, wytrzyma\u0142 do za pi\u0119\u0107 dwunasta z og\u0142oszeniem zaiste znakomitych kandydat\u00f3w\u00a0na NBP i PKO BP. Jeszcze kraj nie zd\u0105\u017cy\u0142 och\u0142on\u0105\u0107 z wra\u017cenia po ujawnieniu ich nazwisk, a ju\u017c trzeba by\u0142o wstrzyma\u0107 oddech, bo a\u017c dwie komisje w i\u015bcie rajdowym tempie ocenia\u0142y stosunki arcybiskupa z tajnymi s\u0142u\u017cbami. Jak gdyby nie by\u0142o wiadomo, \u017ce s\u0105 r\u00f3\u017cne prawdy o PRL, wszystko zredukowane do pytania: By\u0142 czy nie by\u0142? Agent czy nie agent? Czarna wygrywa \u2013 czerwona przegrywa. Agent, orzekli m\u0119drcy, kt\u00f3rzy w dzisiejszych czasach zast\u0119puj\u0105 s\u0105dy, a media og\u0142osi\u0142y (=wykona\u0142y) wyrok. I zn\u00f3w potworne napi\u0119cie \u2013 ingres czy regres? Ingres czy regres? Ingres!<\/p>\n<p>\u017badna z tych wiadomo\u015bci nie oznacza jednak ko\u0144ca napi\u0119cia, bo oto jest nast\u0119pne: bojkot czy modlitwa? Rano w radiu marsza\u0142ek Jurek wi\u0142 si\u0119 jak Piekarski na m\u0119kach, \u017ceby nie odpowiedzie\u0107 na pytanie \u2013 by\u0107 albo nie by\u0107 na ingresie? Prezydent powiedzia\u0142, \u017ce p\u00f3jdzie, bo nie mo\u017ce nie p\u00f3j\u015b\u0107. I zn\u00f3w napi\u0119cie: BXVI wiedzia\u0142 \u2013 nie wiedzia\u0142? Polacy wpatrzeni w Watykan, czekaj\u0105 na ostatnie s\u0142owo Rzymu, tak jak czekali na ostatnie tchnienie papie\u017ca.<\/p>\n<p>Jak d\u0142ugo mo\u017cna \u017cy\u0107 w takim napi\u0119ciu? Mam wra\u017cenie, jak gdyby\u015bmy wszyscy p\u0119dzili oszala\u0142\u0105 kolejk\u0105, z kt\u00f3rej motorniczy zd\u0105\u017cy\u0142 wyskoczy\u0107, a prawie 40 milion\u00f3w pasa\u017cer\u00f3w p\u0119dzi w nieznane, na \u0142eb i na szyj\u0119. Ka\u017cdy nam co\u015b wmawia. Jeden \u2013 \u017ce to by\u0142 najlepszy rok, drugi \u2013 \u017ce to by\u0142 dobry rok (je\u017celi to by\u0142 taki dobry rok, to sk\u0105d tyle nerw\u00f3w i emocji?), trzeci \u2013 \u017ce to s\u0105 najlepsi kandydaci na szef\u00f3w bank\u00f3w, czwarty \u2013 \u017ce nie by\u0142 TW, pi\u0105ty, sz\u00f3sty i si\u00f3dmy, \u017ce jednak by\u0142, \u00f3smy, dziewi\u0105ty, dziesi\u0105ty \u2013 jak si\u0119 w tym wszystkim po\u0142apa\u0107, je\u015bli nie ma chwili na zastanowienie, na przemy\u015blenie sytuacji biskupa, je\u015bli do ingresu pozosta\u0142y tylko godziny, a na rozpatrzenie wyci\u0105gni\u0119tych z kapelusza bankier\u00f3w, kt\u00f3rzy powinni obj\u0105\u0107 stanowiska za kilka dni, pozosta\u0142y Sejmowi zaledwie godziny? W ten spos\u00f3b spe\u0142ni\u0142a si\u0119 zapowied\u017a o utworzeniu s\u0105d\u00f3w 24-godzinnych. Na pierwszy ogie\u0144 poszed\u0142 arcybiskup i kandydaci na prezes\u00f3w bank\u00f3w. Czy w takich warunkach mo\u017cliwa jest dyskusja, czy tak dzia\u0142a demokracja, czy mo\u017ce jednak panowie j\u0105 psuj\u0105?<\/p>\n<p>Nie wiem, czy Pa\u0144stwo zauwa\u017cyli, ale wszystko to jest robota m\u0119\u017cczyzn, ca\u0142a ta sensacja, nominacja, lustracja, inkwizycja \u2013 wszystko to szale\u0144stwo osobnik\u00f3w rodzaju m\u0119skiego. Wszystko w majestacie prawa, czasami z wykorzystaniem instytucji (IPN) i stanowisk pa\u0144stwowych. Kobiety trzymaj\u0105 si\u0119 od tego z daleka. M\u0119\u017cczy\u017ani gotowi s\u0105 obci\u0105\u0107 sobie r\u0119k\u0119 (a nawet co\u015b bardziej wra\u017cliwego), \u017ceby udowodni\u0107, \u017ce maj\u0105 racj\u0119, podczas\u00a0gdy kobietom chodzi o konkretn\u0105 spraw\u0119, a nie o ideologi\u0119, dlatego by\u0107 mo\u017ce odpowiedzi\u0105 na to szale\u0144stwo b\u0119dzie partia kobiet. Jak si\u0119 dowiadujemy, pani Gretkowska i inne panie (oraz panowie) traktuj\u0105 t\u0119 inicjatyw\u0119 ca\u0142kiem serio, dokumenty za\u0142o\u017cycielskie czekaj\u0105 ju\u017c w s\u0105dzie na rejestracj\u0119 i mo\u017ce wreszcie pojawi si\u0119 w Polsce partia rozs\u0105dku. Bo na razie, to cz\u0142owiek ma ochot\u0119 zawo\u0142a\u0107: \u201eZatrzymajcie \u015bwiat \u2013 ja chc\u0119 wysi\u0105\u015b\u0107!\u201d.<\/p>\n<p>Je\u015bli chodzi o mnie, to wczoraj wysiad\u0142em \u2013 nie \u015bledzi\u0142em fakt\u00f3w ani wydarze\u0144, ca\u0142y wiecz\u00f3r przegadali\u015bmy z przyjaci\u00f3\u0142mi o budynkach Hundertwassera w Wiedniu oraz o innych ciekawych sprawach. Ani s\u0142owa o ingresie, nominacjach i lustracjach, o kt\u00f3rych moi przyjaciele nic nie wiedzieli, poniewa\u017c wpadli do Polski tylko na kilka dni, a na co dzie\u0144 mieszkaj\u0105 w normalnym kraju. Czasami im zazdroszcz\u0119.<\/p>\n","protected":false},"excerpt":{"rendered":"<p>Nie wiem, czy kto\u015b z Pa\u0144stwa pami\u0119ta film albo przedstawienie pod tytu\u0142em \u201eZatrzymajcie \u015bwiat \u2013 ja chce wysi\u0105\u015b\u0107!\u201d, kt\u00f3ry \u015bwietnie pasuje do dzisiejszych czas\u00f3w. Pasuje do nich r\u00f3wnie\u017c \u00f3w\u00a0wariacki poci\u0105g, kt\u00f3ry szaleje w weso\u0142ym miasteczku i nap\u0119dza pasa\u017cerom strachu. Zapomnia\u0142em jak si\u0119 ta kolejka nazywa, bo dawno nie by\u0142em w lunaparku, a i pami\u0119\u0107 ju\u017c [&hellip;]<\/p>\n","protected":false},"author":4,"featured_media":0,"comment_status":"open","ping_status":"open","sticky":false,"template":"","format":"standard","meta":{"footnotes":""},"categories":[1],"tags":[],"_links":{"self":[{"href":"https:\/\/blog.polityka.pl\/passent\/wp-json\/wp\/v2\/posts\/196"}],"collection":[{"href":"https:\/\/blog.polityka.pl\/passent\/wp-json\/wp\/v2\/posts"}],"about":[{"href":"https:\/\/blog.polityka.pl\/passent\/wp-json\/wp\/v2\/types\/post"}],"author":[{"embeddable":true,"href":"https:\/\/blog.polityka.pl\/passent\/wp-json\/wp\/v2\/users\/4"}],"replies":[{"embeddable":true,"href":"https:\/\/blog.polityka.pl\/passent\/wp-json\/wp\/v2\/comments?post=196"}],"version-history":[{"count":0,"href":"https:\/\/blog.polityka.pl\/passent\/wp-json\/wp\/v2\/posts\/196\/revisions"}],"wp:attachment":[{"href":"https:\/\/blog.polityka.pl\/passent\/wp-json\/wp\/v2\/media?parent=196"}],"wp:term":[{"taxonomy":"category","embeddable":true,"href":"https:\/\/blog.polityka.pl\/passent\/wp-json\/wp\/v2\/categories?post=196"},{"taxonomy":"post_tag","embeddable":true,"href":"https:\/\/blog.polityka.pl\/passent\/wp-json\/wp\/v2\/tags?post=196"}],"curies":[{"name":"wp","href":"https:\/\/api.w.org\/{rel}","templated":true}]}}