
{"id":199,"date":"2007-01-11T06:57:41","date_gmt":"2007-01-11T05:57:41","guid":{"rendered":"http:\/\/passent.blog.polityka.pl\/?p=199"},"modified":"2007-01-11T04:14:12","modified_gmt":"2007-01-11T03:14:12","slug":"smiech-przez-lzy","status":"publish","type":"post","link":"https:\/\/blog.polityka.pl\/passent\/2007\/01\/11\/smiech-przez-lzy\/","title":{"rendered":"\u015amiech przez \u0142zy"},"content":{"rendered":"<p>Ogl\u0105daj\u0105c telewizj\u0119, zw\u0142aszcza publiczn\u0105, mo\u017cna odnie\u015b\u0107 wra\u017cenie, \u017ce \u201ew\u0142a\u015bnie leci kabarecik\u201d. W \u201eWiadomo\u015bciach\u201d Jacek Karnowski straszy, \u017ce \u201ekoalicja jest zagro\u017cona\u201d, \u017ceby po chwili uspokoi\u0107, \u017ce \u201ew 80. procentach przetrwa\u201d. Jak doros\u0142y ju\u017c dziennikarz mo\u017ce bra\u0107 powa\u017cnie krygowania si\u0119 Giertycha i uwa\u017ca\u0107, \u017ce LPR ma jakiekolwiek pole manewru? Jak mo\u017cna wierzy\u0107 w zapewnienia, \u017ce nie da si\u0119 znale\u017a\u0107 po\u0142owy miliarda, kt\u00f3rej RG \u017c\u0105da na podwy\u017cki dla nauczycieli, skoro wiadomo, \u017ce je\u015bli PIS poszpera w szufladzie, to p\u00f3\u0142 miliarda si\u0119 znajdzie. To z kolei rozbestwia Romana Giertycha, pozwala mu przez kilka dni zaistnie\u0107 i wkupi\u0107 si\u0119 w \u0142aski nauczycieli (je\u017celi s\u0105 tacy naiwni, w co w\u0105tpi\u0119, bo za moich czas\u00f3w szkolnych b. trudno by\u0142o przechytrzy\u0107 nauczyciela). Kiedy w telewizji pokazuj\u0105, jak m\u0142ody pose\u0142, Szymon Paw\u0142owski z LPR, \u201ez ulg\u0105\u201d \u017cegna Leszka Balcerowicza, jak ma za z\u0142e \u201ezmasowan\u0105 propagand\u0119 na rzecz likwidacji polskiej waluty\u201d, to cz\u0142owiek ma wra\u017cenie, \u017ce ogl\u0105da kabaret Mumio. Wi\u0119c mo\u017ce lepiej wy\u0142\u0105czy\u0107 telewizor i co\u015b poczyta\u0107?<\/p>\n<p>Ale co? W \u201eDzienniku\u201d Maciej Rybi\u0144ski pozazdro\u015bci\u0142 Joannie Szczepkowskiej i og\u0142osi\u0142, \u017ce w niedziel\u0119, 7 stycznia, nast\u0105pi\u0142 \u201eKoniec Polski Kiszczaka i Michnika\u201d. Krzy\u017cyk nad t\u0105 Polsk\u0105 mia\u0142 postawi\u0107 Benedykt XVI, bo samym nam zabrak\u0142o si\u0142y z powodu przymierza ober-policjanta z ober-opozycjonist\u0105. Samo wymienienie Kiszczaka i Michnika jednym tchem jest nadu\u017cyciem, bo cho\u0107 obaj doszli do okr\u0105g\u0142ego sto\u0142u, to z ca\u0142kiem innych pozycji \u2013 jeden z celi, a drugi z pa\u0142acu. To tak, jak gdyby m\u00f3wi\u0107 o \u201eChile Pinocheta i Aylwina\u201d (chadeka), albo o \u201eHiszpanii Franco i Gonzaleza\u201d (socjalisty). Dawno ju\u017c nie czyta\u0142em artyku\u0142u tak krwio\u017cerczego i tak triumfalistycznego. Rybi\u0144ski pozazdro\u015bci\u0142 Ziemkiewiczowi.<\/p>\n<p>Odebra\u0142em ten artyku\u0142 jak krzyk rado\u015bci grabarza na oddziale przewlekle chorych. Na jednym \u0142\u00f3\u017cku le\u017cy rz\u0105d premiera Kaczy\u0144skiego (a przedtem premiera Marcinkiewicza), kt\u00f3ry maj\u0105c do dyspozycji, zgodnie z konkordatem, p\u00f3\u0142 roku na to, \u017ceby ustosunkowa\u0107 si\u0119 do kandydatury abpa Wielgusa, zmarnowa\u0142 ten czas, przyczyniaj\u0105c si\u0119 do kompromitacji Ko\u015bcio\u0142a i Polski. Teraz m\u00f3wi si\u0119, \u017ce premier usi\u0142owa\u0142 o tym rozmawia\u0107 podczas audiencji u papie\u017ca, lecz ten podobno nie chcia\u0142 o tym s\u0142ysze\u0107, ale na razie s\u0105 to fakty medialne. I takie pozostan\u0105, ze wzgl\u0119du na dyskrecj\u0119. Podobnie jak pog\u0142oski o kontaktach telefonicznych w ostatniej chwili pomi\u0119dzy prezydentem a papie\u017cem. Poniewa\u017c rozmowy w cztery oczy z nast\u0119pc\u0105 \u015aw. Piotra na Ziemi owiane s\u0105 tajemnic\u0105, wi\u0119c \u2013 jak zwykle, kiedy chodzi o Stolic\u0119 Apostolsk\u0105 \u2013 pozostaje wiara. Dowiemy si\u0119 na tamtym \u015bwiecie.<\/p>\n<p>Obok premiera le\u017cy prymas, ale lekarze nie s\u0105 zgodni, co mu dolega. Jedni m\u00f3wi\u0105, \u017ce zanik pami\u0119ci, poniewa\u017c zapomnia\u0142 powiedzie\u0107, \u017ce abp Stanis\u0142aw Wielgus z\u0142ama\u0142 regu\u0142y, jakie obowi\u0105zywa\u0142y duchowie\u0144stwo w kontaktach z tajnymi s\u0142u\u017cbami, wszystkich ok\u0142ama\u0142, Ko\u015bci\u00f3\u0142 skrzywdzi\u0142. Inni jednak s\u0105 zdania, \u017ce prymas le\u017cy z wyczerpania, poniewa\u017c zdoby\u0142 si\u0119 na nadludzki wysi\u0142ek, na to, na co nie zdoby\u0142a si\u0119 \u017cadna z dw\u00f3ch komisji, kt\u00f3re bada\u0142y papiery IPN, i powiedzia\u0142, \u017ce nad metropolit\u0105 odprawiono s\u0105d na postawie \u201e\u015bwistk\u00f3w\u201d, bez obrony, bez bieg\u0142ych, bez \u015bwiadk\u00f3w, bez donos\u00f3w i raport\u00f3w oskar\u017conego, bez domniemania niewinno\u015bci. I w tej cz\u0119\u015bci homilii mia\u0142 wiele racji.<\/p>\n<p>Na s\u0105siednim \u0142\u00f3\u017cku le\u017cy skompromitowana idea lustracji. Istniej\u0105ce dowody dyskwalifikuj\u0105 arcybiskupa jako kandydata do wysokiego urz\u0119du, teraz sprawa kwalifikuje si\u0119 do s\u0105du, kt\u00f3ry by orzek\u0142, czy SW by\u0142 TW. Na szcz\u0119\u015bcie s\u0105dy lustracyjne ulegaj\u0105 likwidacji, co znacznie upro\u015bci spraw\u0119, przyspieszy odnow\u0119 moraln\u0105 i wzmocni szacunek dla instytucji Rzeczypospolitej.<\/p>\n<p>Kolejne \u0142\u00f3\u017ceczko zajmuje ojciec-dyrektor, a z nim nadwyr\u0119\u017cony sojusz rozg\u0142o\u015bni i tronu. Gdyby Radio Maryja nie anga\u017cowa\u0142o si\u0119 w polityk\u0119, gdyby nie pi\u0142o sobie z dziubk\u00f3w z obecnym rz\u0105dem, gdyby \u2013 zamiast przytula\u0107 si\u0119 do w\u0142adzy &#8211; by\u0142o niezale\u017cn\u0105, szanowan\u0105 rozg\u0142o\u015bni\u0105 religijn\u0105, to nie le\u017ca\u0142oby dzi\u015b na izbie chorych, obok rz\u0105du, kt\u00f3ry je tak pokocha\u0142.<\/p>\n<p>Na najwi\u0119kszym \u0142o\u017cu spoczywa hierarchia, kt\u00f3ra nigdy nie mia\u0142a odwagi odnie\u015b\u0107 si\u0119 do lustracji i dzi\u015b pada jej ofiar\u0105. Samo wyci\u0119cie arcybiskupa laserem z Watykanu nie rozwi\u0105zuje sprawy, gdy\u017c \u2013 jak s\u0142ycha\u0107 \u2013 s\u0105 przerzuty i dzi\u015b jest ju\u017c za p\u00f3\u017ano. Krew si\u0119 pola\u0142a.<\/p>\n<p>Mo\u017ce na tym wszystkim skorzysta\u0107 lewica, ale to niewielka pociecha. W sumie ofiar jest tyle, \u017ce nie wiadomo sk\u0105d taka rado\u015b\u0107.<\/p>\n","protected":false},"excerpt":{"rendered":"<p>Ogl\u0105daj\u0105c telewizj\u0119, zw\u0142aszcza publiczn\u0105, mo\u017cna odnie\u015b\u0107 wra\u017cenie, \u017ce \u201ew\u0142a\u015bnie leci kabarecik\u201d. W \u201eWiadomo\u015bciach\u201d Jacek Karnowski straszy, \u017ce \u201ekoalicja jest zagro\u017cona\u201d, \u017ceby po chwili uspokoi\u0107, \u017ce \u201ew 80. procentach przetrwa\u201d. Jak doros\u0142y ju\u017c dziennikarz mo\u017ce bra\u0107 powa\u017cnie krygowania si\u0119 Giertycha i uwa\u017ca\u0107, \u017ce LPR ma jakiekolwiek pole manewru? Jak mo\u017cna wierzy\u0107 w zapewnienia, \u017ce nie da [&hellip;]<\/p>\n","protected":false},"author":4,"featured_media":0,"comment_status":"open","ping_status":"open","sticky":false,"template":"","format":"standard","meta":{"footnotes":""},"categories":[1],"tags":[],"_links":{"self":[{"href":"https:\/\/blog.polityka.pl\/passent\/wp-json\/wp\/v2\/posts\/199"}],"collection":[{"href":"https:\/\/blog.polityka.pl\/passent\/wp-json\/wp\/v2\/posts"}],"about":[{"href":"https:\/\/blog.polityka.pl\/passent\/wp-json\/wp\/v2\/types\/post"}],"author":[{"embeddable":true,"href":"https:\/\/blog.polityka.pl\/passent\/wp-json\/wp\/v2\/users\/4"}],"replies":[{"embeddable":true,"href":"https:\/\/blog.polityka.pl\/passent\/wp-json\/wp\/v2\/comments?post=199"}],"version-history":[{"count":0,"href":"https:\/\/blog.polityka.pl\/passent\/wp-json\/wp\/v2\/posts\/199\/revisions"}],"wp:attachment":[{"href":"https:\/\/blog.polityka.pl\/passent\/wp-json\/wp\/v2\/media?parent=199"}],"wp:term":[{"taxonomy":"category","embeddable":true,"href":"https:\/\/blog.polityka.pl\/passent\/wp-json\/wp\/v2\/categories?post=199"},{"taxonomy":"post_tag","embeddable":true,"href":"https:\/\/blog.polityka.pl\/passent\/wp-json\/wp\/v2\/tags?post=199"}],"curies":[{"name":"wp","href":"https:\/\/api.w.org\/{rel}","templated":true}]}}