
{"id":1994,"date":"2013-07-31T10:51:38","date_gmt":"2013-07-31T08:51:38","guid":{"rendered":"http:\/\/passent.blog.polityka.pl\/?p=1994"},"modified":"2013-09-10T10:04:35","modified_gmt":"2013-09-10T08:04:35","slug":"tour-de-pologne","status":"publish","type":"post","link":"https:\/\/blog.polityka.pl\/passent\/2013\/07\/31\/tour-de-pologne\/","title":{"rendered":"Tour de Pologne"},"content":{"rendered":"<p>Ma\u0142y blogerski Tour de Pologne.<\/p>\n<p>UB\u00d3J ZWIERZ\u0104T. Ca\u0142kiem nieoczekiwanie wybuch\u0142 sp\u00f3r o stosunek do zwierz\u0105t, warunki ich przechowywania, transportu, a zw\u0142aszcza zabijania. Polska nagle znalaz\u0142a si\u0119 na cenzurowanym i nawet powa\u017cne gazety oraz politycy zagraniczni zacz\u0119li m\u00f3wi\u0107, \u017ce niedawne g\u0142osowanie w Sejmie potwierdza polski antysemityzm. Ausgerechnet to g\u0142osowanie niczego takiego nie potwierdza, k\u0142adzie tyko kres biznesowi opartemu na pozbawianiu zwierz\u0105t \u017cycia bez uprzedniego oszo\u0142omienia. <!--more--><\/p>\n<p>Taki ub\u00f3j nie jest jednak zabroniony na u\u017cytek w\u0142asny i gmin wyznaniowych, z tym, \u017ce w sprawie wsp\u00f3lnoty muzu\u0142ma\u0144skiej potrzebne s\u0105 brakuj\u0105ce akty prawne. Kto chce dowiedzie\u0107 si\u0119 wi\u0119cej na ten temat, mo\u017ce poczyta\u0107 artyku\u0142y prof. Ewy \u0141\u0119towskiej w Dzienniku Gazecie Prawnej, w Krytyce Politycznej, a tak\u017ce wej\u015b\u0107 na stron\u0119 Radia TOK FM i przeczyta\u0107 wczorajsz\u0105 (30 lipca) dyskusj\u0119\u00a0 PP. Prof. \u0141\u0119towskiej i dra Jacka Kucharczyka w programie Go\u015bcie Daniela Passenta. Ciekawe, jak wiara, biznes, polityka krzy\u017cuj\u0105 si\u0119 w rze\u017ani.<\/p>\n<p>UJAWNI\u0106 ZAROBKI? Moi Go\u015bcie w radiu nie s\u0105 zdecydowanie przeciwni ujawnianiu wszystkich p\u0142ac i zarobk\u00f3w, ale stopniowo, powoli, jako krok w kierunku wi\u0119kszej jawno\u015bci. Podkre\u015blano, \u017ce obecny system, kiedy tylko pracodawcy znaj\u0105 p\u0142ace pracownik\u00f3w, daje tym pierwszym mo\u017cliwo\u015b\u0107 szykanowania, nagradzania wg widzimisi\u0119, rozgrywania pracownik\u00f3w pomi\u0119dzy sob\u0105, \u201emolestowania prawem\u201d \u2013 jak m\u00f3wi prof. \u0141\u0119towska. Jawno\u015b\u0107 p\u0142ac sprzyja\u0142aby ich wyr\u00f3wnywaniu, sp\u0142aszczeniu. Z drugiej strony, w Polsce\u00a0 panuje taka zazdro\u015b\u0107, nieufno\u015b\u0107, z\u0142o\u015b\u0107 i agresja, \u017ce ujawnienie p\u0142ac i dochod\u00f3w wywo\u0142a\u0142oby du\u017co z\u0142ej krwi. Prawa i obyczaj\u00f3w nie mo\u017cna \u017cywcem przeszczepia\u0107 z kraj\u00f3w o odmiennej tradycji. Dzia\u0142anie powinno by\u0107 proporcjonalne do sytuacji w Polsce. A ta wymaga wi\u0119kszej jawno\u015bci, tak\u017ce w sprawie zarobk\u00f3w, ale nie na \u0142eb na szyj\u0119. Oczywi\u015bcie, motywy autor\u00f3w, kt\u00f3rzy pytaj\u0105 o koszt zwi\u0105zk\u00f3w zawodowych, czy przewodnicz\u0105cego Guza z OPZZ, s\u0105 jawnie polityczne \u2013 co do tego nie ma w\u0105tpliwo\u015bci. Bez wzgl\u0119du na motywy, wi\u0119cej jawno\u015bci w\/s p\u0142ac \u2013 tak\u017ce zwi\u0105zkowc\u00f3w \u2013 nie zaszkodzi.<\/p>\n<p>ZAMIENNIKI LEK\u00d3W \u2013 niedawno media poda\u0142y, \u017ce pojawi\u0142y si\u0119 recepty z piecz\u0105tk\u0105 (nadrukiem) , kt\u00f3ra zabrania zamiany przepisanego leku na inny. Co prawda to lekarz, i tylko lekarz, wie, jakie lekarstwo powinien bra\u0107 pacjent, i nie brak sytuacji kiedy ten i tylko ten wchodzi w rachub\u0119, ale taka piecz\u0105tka lub nadruk na recepcie to ograniczenie pola do decyzji lekarza, pacjenta i farmaceuty. Za t\u0105 piecz\u0105tk\u0105 mo\u017ce kry\u0107 si\u0119 pokusa, wystarczy, \u017ce koncerny farmaceutyczne podsun\u0105 sugesti\u0119, a nawet przys\u0142ug\u0119\u2026<\/p>\n<p>CZY PREMIER przyjmie doroczne sprawozdanie Prokuratora Generalnego? Gdyby nie przyj\u0105\u0142, to przyzna\u0142by, \u017ce rozdzielenie stanowisk Ministra Sprawiedliwo\u015bci i PG by\u0142o b\u0142\u0119dem. Podoba mi si\u0119 przeno\u015bnia u\u017cyta przez prof. \u0141\u0119towsk\u0105: Najlepszy dyrygent nie pomo\u017ce, je\u017celi orkiestra nie chce gra\u0107 lub gra po swojemu. Jest to aluzja do sk\u0142adu prokuratury, kt\u00f3ry uformowa\u0142 si\u0119 w poprzednich latach, oraz do ograniczonych kompetencji \u201edyrygenta\u201d, kt\u00f3ry nie bardzo mo\u017ce zmieni\u0107 muzyka, gdy ten fa\u0142szuje. Wniosek (m\u00f3j): Wi\u0119cej uprawnie\u0144 dla Prokuratora Generalnego, przynajmniej w doborze kadr, skoro ca\u0142a odpowiedzialno\u015b\u0107 spada na niego.<\/p>\n<p>KACZY\u0143SKI W GRUZJI. Prezes PiS z\u0142o\u017cy\u0142 wizyt\u0119 w Gruzji, kt\u00f3rej wielkim or\u0119downikiem by\u0142 jego brat Lech, kt\u00f3ry zgin\u0105\u0142 w tragicznej katastrofie. Ta wizyta to rzadki przyk\u0142ad aktywno\u015bci prezesa Kaczy\u0144skiego na forum mi\u0119dzynarodowym. By\u0142aby godna poparcia, gdyby prezes \u2013 b\u0105d\u017a co b\u0105d\u017a kandydat na przysz\u0142ego premiera \u2013 nie anga\u017cowa\u0142 si\u0119 w polityk\u0119 gruzi\u0144sk\u0105 i nie anga\u017cowa\u0142 si\u0119 ca\u0142kowicie po stronie jednej ze stron (Saakaszwili).\u00a0 W Gruzji, podobnie jak u nas, toczy si\u0119 ostra walka, by\u0142y premier siedzi w wi\u0119zieniu, padaj\u0105 powa\u017cne skar\u017cenia o zdrad\u0119, korupcje etc. Interes Polski jest bardziej d\u0142ugodystansowy ni\u017c wspieranie jednaj strony, cho\u0107by zaprzyja\u017anionej.<\/p>\n<p>JACEK SASIN nie potrafi\u0142 w s\u0105dzie udowodni\u0107, \u017ce m\u00f3wi\u0142 prawd\u0119, kiedy opowiada\u0142, jakoby Komorowski i Sikorski dworowali sobie z katastrofy smole\u0144skiej, \u201e\u017cartuj\u0105c\u201d na temat potrzeby usuni\u0119cia prezesa Kaczy\u0144skiego przy pomocy drugiej \u201etutki\u201d. Prezydent Komorowski wni\u00f3s\u0142 spraw\u0119 do sadu i wygra\u0142 (wyrok nie jest prawomocny). Sasin powinien przeprosi\u0107. Przy podobnych okazjach niekt\u00f3rzy twierdz\u0105, \u017ce politycy i dziennikarze nie powinni si\u0119 s\u0105dzi\u0107, bo to ogranicza wolno\u015b\u0107 s\u0142owa, osoby publiczne powinny by\u0107 przygotowane na najgorsze oskar\u017cenia. Jestem odmiennego zdania: s\u0105dy s\u0105 cz\u0119sto ostatni\u0105 zapor\u0105 przed chamstwem, k\u0142amstwem i agresj\u0105. \u201eS\u0105 jeszcze s\u0119dziowie w Warszawie\u201d, chcia\u0142oby si\u0119 powiedzie\u0107 na pociech\u0119 pomawianym i znies\u0142awianym.<\/p>\n","protected":false},"excerpt":{"rendered":"<p>Ma\u0142y blogerski Tour de Pologne. UB\u00d3J ZWIERZ\u0104T. Ca\u0142kiem nieoczekiwanie wybuch\u0142 sp\u00f3r o stosunek do zwierz\u0105t, warunki ich przechowywania, transportu, a zw\u0142aszcza zabijania. Polska nagle znalaz\u0142a si\u0119 na cenzurowanym i nawet powa\u017cne gazety oraz politycy zagraniczni zacz\u0119li m\u00f3wi\u0107, \u017ce niedawne g\u0142osowanie w Sejmie potwierdza polski antysemityzm. Ausgerechnet to g\u0142osowanie niczego takiego nie potwierdza, k\u0142adzie tyko kres [&hellip;]<\/p>\n","protected":false},"author":4,"featured_media":0,"comment_status":"open","ping_status":"closed","sticky":false,"template":"","format":"standard","meta":{"footnotes":""},"categories":[1],"tags":[],"_links":{"self":[{"href":"https:\/\/blog.polityka.pl\/passent\/wp-json\/wp\/v2\/posts\/1994"}],"collection":[{"href":"https:\/\/blog.polityka.pl\/passent\/wp-json\/wp\/v2\/posts"}],"about":[{"href":"https:\/\/blog.polityka.pl\/passent\/wp-json\/wp\/v2\/types\/post"}],"author":[{"embeddable":true,"href":"https:\/\/blog.polityka.pl\/passent\/wp-json\/wp\/v2\/users\/4"}],"replies":[{"embeddable":true,"href":"https:\/\/blog.polityka.pl\/passent\/wp-json\/wp\/v2\/comments?post=1994"}],"version-history":[{"count":5,"href":"https:\/\/blog.polityka.pl\/passent\/wp-json\/wp\/v2\/posts\/1994\/revisions"}],"predecessor-version":[{"id":2045,"href":"https:\/\/blog.polityka.pl\/passent\/wp-json\/wp\/v2\/posts\/1994\/revisions\/2045"}],"wp:attachment":[{"href":"https:\/\/blog.polityka.pl\/passent\/wp-json\/wp\/v2\/media?parent=1994"}],"wp:term":[{"taxonomy":"category","embeddable":true,"href":"https:\/\/blog.polityka.pl\/passent\/wp-json\/wp\/v2\/categories?post=1994"},{"taxonomy":"post_tag","embeddable":true,"href":"https:\/\/blog.polityka.pl\/passent\/wp-json\/wp\/v2\/tags?post=1994"}],"curies":[{"name":"wp","href":"https:\/\/api.w.org\/{rel}","templated":true}]}}