
{"id":1998,"date":"2013-08-04T23:31:55","date_gmt":"2013-08-04T21:31:55","guid":{"rendered":"http:\/\/passent.blog.polityka.pl\/?p=1998"},"modified":"2013-09-10T10:03:58","modified_gmt":"2013-09-10T08:03:58","slug":"kto-sieje-wiatr","status":"publish","type":"post","link":"https:\/\/blog.polityka.pl\/passent\/2013\/08\/04\/kto-sieje-wiatr\/","title":{"rendered":"Kto sieje wiatr"},"content":{"rendered":"<p>Dwukrotnie dzisiaj dowiedzia\u0142em si\u0119, \u017ce kto sieje wiatr \u2013 ten zbiera burz\u0119. Najpierw posz\u0142o o W\u0142adys\u0142awa Bartoszewskiego i o mot\u0142och\u201d. W \u201eLo\u017cy Prasowej\u201d TVN 24 Piotr Skwieci\u0144ski powiedzia\u0142: \u201eBartoszewski uczyni\u0142 sobie hobby z obra\u017cania ludzi. Od kilku lat sia\u0142 wiatr, niech si\u0119 nie dziwi, \u017ce zacz\u0105\u0142 zbiera\u0107 burz\u0119\u201d. Przypomnijmy, \u017ce Bartoszewski nazwa\u0142 tak ludzi, kt\u00f3rzy\u00a0 uroczysto\u015bci\u00a0 na cmentarzu przekszta\u0142caj\u0105 w wiec: bucz\u0105, wo\u0142aj\u0105 \u201eha\u0144ba!\u201d na widok polityk\u00f3w Platformy, w\u0142\u0105cznie z premierem, a zarazem nagradzaj\u0105 oklaskami swoich ulubie\u0144c\u00f3w, na czele z Antoni Macierewiczem. <!--more--><\/p>\n<p>Merytorycznie zgadzam si\u0119 z Bartoszewskim \u2013 takie zachowanie na cmentarzu, nad grobami, jest niedopuszczalne. Jednak\u017ce u\u017cycie tak mocnego s\u0142owa, jak \u201emot\u0142och\u201d, spowodowa\u0142o, \u017ce w oczach medi\u00f3w negatywnym \u201ebohaterem\u201d\u00a0\u00a0 uroczysto\u015bci rocznicowych na Pow\u0105zkach zosta\u0142 W\u0142adys\u0142aw Bartoszewski \u2013 uczestnik Powstania, wi\u0119zie\u0144 PRL. Sam nie wierzy\u0142em w\u0142asnym oczom i uszom, kiedy 1 sierpnia w programie TVN 24 pani redaktor\u00a0 przepytywa\u0142a W.B. z \u201emot\u0142ochu\u201d, zarzucaj\u0105c mu, \u017ce prowokuje w ten spos\u00f3b zachowania na cmentarzu. Od czasu, kiedy Bartoszewski u\u017cy\u0142 s\u0142owa \u201emot\u0142och\u201d, media niewiele\u00a0 poza \u201emot\u0142ochem\u201d ju\u017c widzia\u0142y. Ludzie, kt\u00f3rzy nie dorastaj\u0105 Bartoszewskiemu do pi\u0119t, nie maj\u0105 nawet drobnej cz\u0119\u015bci jego zas\u0142ug, zabra\u0142y si\u0119 za jego wychowanie. D\u017centelmeni z cmentarza oraz wychowawcy z medi\u00f3w nagle poczuli si\u0119 dotkni\u0119ci, a nawet m\u00f3wi\u0105, \u017ceby nie dziwi\u0142 si\u0119 buczeniu, bo zasia\u0142 wiatr\u2026<\/p>\n<p>Moim zdaniem, lepiej by by\u0142o, gdyby minister Bartoszewski u\u017cy\u0142 innego okre\u015blenia, np. \u201ed\u017centelmeni z Pow\u0105zek\u201d, ale nawet je\u017celi u\u017cy\u0142 okre\u015blenia zbyt dosadnego, to nie on posia\u0142 wiatr, to nie on rok w rok urz\u0105dza hece na cmentarzu, to nie on zak\u0142\u00f3ca cmentarny spok\u00f3j i skupienie, winne jest to samo \u015brodowisko, kt\u00f3re harcowa\u0142o z krzy\u017cem na Krakowskim Przedmie\u015bciu. To W\u0142adys\u0142aw Bartoszewski dal si\u0119 sprowokowa\u0107, a nie odwrotnie.<\/p>\n<p>Po raz drugi dowiedzia\u0142em si\u0119, \u017ce \u201ekto sieje wiatr\u2026\u201d z komentarza\u00a0 Micha\u0142a Karnowskiego do incydentu na festiwalu Woodstock, gdzie nieznany szerzej osobnik wtargn\u0105\u0142 na scen\u0119 i uderzy\u0142? Grzegorza Miecugowa.\u00a0 Karnowskiemu\u00a0 nie podoba si\u0119 Woodstock. Pisze\u00a0 (wPolityce.pl), \u017ce to \u201emiejsce wpajania lewackiego przekazu\u201d, alkohol leje si\u0119 strumieniami, seks jest prowokacyjny, pe\u0142no jest gest\u00f3w antykatolickich i satanistycznych, resztki apolityczno\u015bci wyrzucone na \u015bmietnik, wulgarne, antychrze\u015bcija\u0144skie tre\u015bci\u2026<br \/>\n\u201eOwsiakowe \u2018R\u00f3bta co chceta\u2019 zosta\u0142o opacznie\u00a0 odczytane przez tego uczestnika festiwalu. Tak si\u0119 w\u0142a\u015bnie ko\u0144czy nawo\u0142ywanie do anarchii. Kto sieje wiatr\u2026\u201d.<\/p>\n<p>Okazuje si\u0119, \u017ce to Owsiak i Miecugow s\u0105 winni ekscesu na scenie. Innego zdania by\u0142a jednak zgromadzona m\u0142odzie\u017c, kt\u00f3ra spontanicznie zacz\u0119\u0142a skandowa\u0107 s\u0142owo \u201eprze-pra-sza-my!\u201d. Widocznie jednym nie wolno m\u00f3wi\u0107 o \u201emot\u0142ochu\u201d, za to inni mog\u0105 uderzy\u0107 w twarz go\u015bcia festiwalu, w dodatku cz\u0142owieka tak pow\u015bci\u0105gliwego na scenie jak Grzegorz Miecugow. Dziwna to logika.<\/p>\n<p>ZAPROSZENIE<\/p>\n<p>Grzegorz MIECUGOW i Kazimiera SZCZUKA b\u0119d\u0105 go\u015b\u0107mi Radia TOK FM we wtorek, 6 bm, godz. 20.05. temat: Gor\u0105ce lato. Zapraszam!<\/p>\n","protected":false},"excerpt":{"rendered":"<p>Dwukrotnie dzisiaj dowiedzia\u0142em si\u0119, \u017ce kto sieje wiatr \u2013 ten zbiera burz\u0119. Najpierw posz\u0142o o W\u0142adys\u0142awa Bartoszewskiego i o mot\u0142och\u201d. W \u201eLo\u017cy Prasowej\u201d TVN 24 Piotr Skwieci\u0144ski powiedzia\u0142: \u201eBartoszewski uczyni\u0142 sobie hobby z obra\u017cania ludzi. Od kilku lat sia\u0142 wiatr, niech si\u0119 nie dziwi, \u017ce zacz\u0105\u0142 zbiera\u0107 burz\u0119\u201d. Przypomnijmy, \u017ce Bartoszewski nazwa\u0142 tak ludzi, kt\u00f3rzy\u00a0 [&hellip;]<\/p>\n","protected":false},"author":4,"featured_media":0,"comment_status":"open","ping_status":"closed","sticky":false,"template":"","format":"standard","meta":{"footnotes":""},"categories":[1],"tags":[],"_links":{"self":[{"href":"https:\/\/blog.polityka.pl\/passent\/wp-json\/wp\/v2\/posts\/1998"}],"collection":[{"href":"https:\/\/blog.polityka.pl\/passent\/wp-json\/wp\/v2\/posts"}],"about":[{"href":"https:\/\/blog.polityka.pl\/passent\/wp-json\/wp\/v2\/types\/post"}],"author":[{"embeddable":true,"href":"https:\/\/blog.polityka.pl\/passent\/wp-json\/wp\/v2\/users\/4"}],"replies":[{"embeddable":true,"href":"https:\/\/blog.polityka.pl\/passent\/wp-json\/wp\/v2\/comments?post=1998"}],"version-history":[{"count":3,"href":"https:\/\/blog.polityka.pl\/passent\/wp-json\/wp\/v2\/posts\/1998\/revisions"}],"predecessor-version":[{"id":2043,"href":"https:\/\/blog.polityka.pl\/passent\/wp-json\/wp\/v2\/posts\/1998\/revisions\/2043"}],"wp:attachment":[{"href":"https:\/\/blog.polityka.pl\/passent\/wp-json\/wp\/v2\/media?parent=1998"}],"wp:term":[{"taxonomy":"category","embeddable":true,"href":"https:\/\/blog.polityka.pl\/passent\/wp-json\/wp\/v2\/categories?post=1998"},{"taxonomy":"post_tag","embeddable":true,"href":"https:\/\/blog.polityka.pl\/passent\/wp-json\/wp\/v2\/tags?post=1998"}],"curies":[{"name":"wp","href":"https:\/\/api.w.org\/{rel}","templated":true}]}}