
{"id":20,"date":"2006-05-14T15:13:33","date_gmt":"2006-05-14T13:13:33","guid":{"rendered":"http:\/\/blog.polityka.pl\/?p=20"},"modified":"2006-05-15T15:18:06","modified_gmt":"2006-05-15T13:18:06","slug":"w-siodmym-niebie","status":"publish","type":"post","link":"https:\/\/blog.polityka.pl\/passent\/2006\/05\/14\/w-siodmym-niebie\/","title":{"rendered":"W si\u00f3dmym niebie"},"content":{"rendered":"<p>Niech \u017ca\u0142uj\u0105 wszyscy, kt\u00f3rzy nie byli &#8211; \u015bwi\u0119to Saskiej K\u0119py pod has\u0142em \u201eAgnieszka tu mieszka\u201d okaza\u0142o si\u0119 wspania\u0142ym, przepi\u0119knym i wzruszaj\u0105cym wydarzeniem. Setki\u00a0 tysi\u0119cy ludzi przewin\u0119\u0142y si\u0119 przez ulic\u0119 Francusk\u0105, w pobli\u017cu kt\u00f3rej mieszka\u0142a Agnieszka Osiecka. G\u0142\u00f3wna ulica Saskiej K\u0119py zosta\u0142a zamkni\u0119ta dla ruchu ko\u0142owego, pomys\u0142owo udekorowana wed\u0142ug \u015bwietnej scenografii Krzysztofa Baumillera. U wlotu w ulic\u0119, niczym \u0142uk triumfalny, stan\u0105\u0142 wielki but \u2013 czerwona damska szpilka, jak\u0105 nosi\u0142a Agnieszka. W poprzek ulicy zawieszone by\u0142y sznury, na kt\u00f3rych suszy\u0142y si\u0119 bia\u0142e koszule gotowe do \u015blubu \u201eMa\u0142go\u015bki\u201d. Z drzew, obok li\u015bci zwisa\u0142y wiersze Agnieszki.<\/p>\n<p>O godzinie 14-ej od Ronda Waszyngtona ruszy\u0142 poch\u00f3d \u201eokularnik\u00f3w\u201d \u2013 tysi\u0105ce m\u0142odzie\u017cy i mieszka\u0144c\u00f3w, pod transparentami z tekstami Osieckiej i gigantycznym napisem Okularnicy. Byli arlekini, b\u0142azny, sztumistrzowie, akrobaci, by\u0142a wata cukrowa i karuzele dla dzieci. Poch\u00f3d zatrzyma\u0142 si\u0119 przed pomnikiem Agnieszki Osieckiej d\u0142uta miejscowych rze\u017abiarzy, Teresy i Dariusza Kowalskich. Burmistrz dzielnicy o niezbyt wdzi\u0119cznej nazwie Praga-Po\u0142udnie, pan Mateusz Mr\u00f3z (inicjator obchod\u00f3w, wsp\u00f3lnie z Fundacj\u0105 \u201eOkularnicy\u201d) i pe\u0142ni\u0105cy obowi\u0105zki prezydenta Warszawy Miros\u0142aw Kochalski, dokonali ods\u0142oni\u0119cia pomnika Agnieszki. Pomnik \u2013 jak pomnik, nie wszystkim si\u0119 podoba, niekt\u00f3rzy mieli nawet pretensje, \u017ce ustawiono go na rogu Obro\u0144c\u00f3w, a nie przed barem Sax, gdzie popija\u0142a Agnieszka, ale jak kto\u015b s\u0142usznie odpowiedzia\u0142 \u2013 pomnik b\u0119dzie sta\u0142 200 lat, a wtedy na miejscu baru dawno b\u0119dzie ju\u017c bank albo komisariat.<\/p>\n<p>Uroczysto\u015b\u0107 zgromadzi\u0142a kwiat artystycznej Warszawy i Krakowa (z Piwnicy pod Baranami przybyli i wyst\u0105pili Anna Sza\u0142apak i Zygmunt Konieczny), przyjaciele i wsp\u00f3\u0142pracownicy Agnieszki, za\u015bpiewa\u0142a Maryla Rodowicz, Magda Umer, Stanis\u0142aw Sojka, Monika Dryl, Magda Smalara i inne laureatki dorocznego konkursu Fundacji Okularnicy \u2018Pami\u0119tajmy o Osieckiej\u2019), by\u0142 dyrektor Biura Teatr\u00f3w i Muzyki Urz\u0119du Miasta Warszawy Janusz Pietkiewicz, ten sam, kt\u00f3ry o ma\u0142o nie zosta\u0142 nowym prezesem TVP, ale \u201eOkularnicy\u201d uciesz\u0105 si\u0119, \u017ce pan Janusz zostanie na swoim stanowisku, bo w\u0142adze Warszawy ju\u017c pod rz\u0105dami trzeciego prezydenta stoj\u0105 murem (i kas\u0105&#8230;!) za Agnieszk\u0105 Osieck\u0105.<\/p>\n<p>Agnieszka by\u0142a patronk\u0105 doskonale zaprojektowanego (re\u017cyser Jan Szurmiej) i zorganizowanego \u015bwi\u0119ta Saskiej K\u0119py pod has\u0142em \u201eAgnieszka tu mieszka\u201d. A\u017c przyjemnie by\u0142o patrze\u0107, jak tysi\u0105ce ludzi s\u0142ucha\u0142o koncert\u00f3w z dw\u00f3ch estrad, a kiedy zrobi\u0142o si\u0119 ciemno i na scen\u0119 wesz\u0142a Maryla &#8211;\u00a0 na Francuskiej posz\u0142y w g\u00f3r\u0119 tysi\u0105ce r\u0105k, zapalone \u015bwieczki, znicze\u00a0 i zapalniczki, m\u0142odsi ta\u0144czyli na ulicy, starsi ocierali \u0142zy wzruszenia. Brawo Agnieszka, brawo kompozytorzy i wykonawcy. Brawo Warszawiacy, kt\u00f3rzy nie zawiedli, a wielu przyprowadzi\u0142o swoje dzieci i razem z nimi \u015bpiewali \u201ebaju, baju, baju, gadu, gadu, gadu\u201d, wsp\u00f3lnie jechali \u201eOd Chitaway do Syracuze\u201d. A przes\u0142aniem wieczoru by\u0142y s\u0142owa Agnieszki: \u201eNie daj mi Bo\u017ce skosztowa\u0107 tak zwanej \u017cyciowej m\u0105dro\u015bci\u201d. Brawo \u015awi\u0119ty Piotr za wspania\u0142\u0105 pogod\u0119, brawo wszyscy, kt\u00f3rzy przez chwil\u0119 znale\u017ali si\u0119 w si\u00f3dmym niebie. By\u0142 to triumf sztuki i mi\u0142o\u015bci na tle tego szamba, kt\u00f3re rozla\u0142o si\u0119 dooko\u0142a. Wi\u0119cej ludzi i rado\u015bci ni\u017c zgromadzi\u0142a wczoraj w Warszawie Agnieszka, mo\u017ce wyzwoli\u0107 dopiero Benedykt XVI.<\/p>\n","protected":false},"excerpt":{"rendered":"<p>Niech \u017ca\u0142uj\u0105 wszyscy, kt\u00f3rzy nie byli &#8211; \u015bwi\u0119to Saskiej K\u0119py pod has\u0142em \u201eAgnieszka tu mieszka\u201d okaza\u0142o si\u0119 wspania\u0142ym, przepi\u0119knym i wzruszaj\u0105cym wydarzeniem. Setki\u00a0 tysi\u0119cy ludzi przewin\u0119\u0142y si\u0119 przez ulic\u0119 Francusk\u0105, w pobli\u017cu kt\u00f3rej mieszka\u0142a Agnieszka Osiecka. G\u0142\u00f3wna ulica Saskiej K\u0119py zosta\u0142a zamkni\u0119ta dla ruchu ko\u0142owego, pomys\u0142owo udekorowana wed\u0142ug \u015bwietnej scenografii Krzysztofa Baumillera. U wlotu w [&hellip;]<\/p>\n","protected":false},"author":4,"featured_media":0,"comment_status":"open","ping_status":"open","sticky":false,"template":"","format":"standard","meta":{"footnotes":""},"categories":[1],"tags":[],"_links":{"self":[{"href":"https:\/\/blog.polityka.pl\/passent\/wp-json\/wp\/v2\/posts\/20"}],"collection":[{"href":"https:\/\/blog.polityka.pl\/passent\/wp-json\/wp\/v2\/posts"}],"about":[{"href":"https:\/\/blog.polityka.pl\/passent\/wp-json\/wp\/v2\/types\/post"}],"author":[{"embeddable":true,"href":"https:\/\/blog.polityka.pl\/passent\/wp-json\/wp\/v2\/users\/4"}],"replies":[{"embeddable":true,"href":"https:\/\/blog.polityka.pl\/passent\/wp-json\/wp\/v2\/comments?post=20"}],"version-history":[{"count":0,"href":"https:\/\/blog.polityka.pl\/passent\/wp-json\/wp\/v2\/posts\/20\/revisions"}],"wp:attachment":[{"href":"https:\/\/blog.polityka.pl\/passent\/wp-json\/wp\/v2\/media?parent=20"}],"wp:term":[{"taxonomy":"category","embeddable":true,"href":"https:\/\/blog.polityka.pl\/passent\/wp-json\/wp\/v2\/categories?post=20"},{"taxonomy":"post_tag","embeddable":true,"href":"https:\/\/blog.polityka.pl\/passent\/wp-json\/wp\/v2\/tags?post=20"}],"curies":[{"name":"wp","href":"https:\/\/api.w.org\/{rel}","templated":true}]}}