
{"id":2002,"date":"2013-08-09T14:05:47","date_gmt":"2013-08-09T12:05:47","guid":{"rendered":"http:\/\/passent.blog.polityka.pl\/?p=2002"},"modified":"2013-09-10T10:03:40","modified_gmt":"2013-09-10T08:03:40","slug":"przeprosmy-litwinow","status":"publish","type":"post","link":"https:\/\/blog.polityka.pl\/passent\/2013\/08\/09\/przeprosmy-litwinow\/","title":{"rendered":"Przepro\u015bmy Litwin\u00f3w!"},"content":{"rendered":"<p>\u201eLITEWSKI CHAMIE, KL\u0118KNIJ PRZED POLSKIM PANEM\u201d \u2013 taki transparent pokazali kibice pozna\u0144skiego \u201eLecha\u201d (wicemistrzowie Polski) podczas meczu z dru\u017cyn\u0105 litewsk\u0105. Poniewa\u017c Internet w Polsce (podobnie jak kibole) uchodzi za siedlisko chamstwa, s\u0105dz\u0119, \u017ce powinni\u015bmy przeprosi\u0107 Litwin\u00f3w za ten po\u017ca\u0142owania godny incydent. Ja w ka\u017cdym razie przepraszam. Niech litewscy internauci, przynajmniej ci, kt\u00f3rzy znaj\u0105 nasz j\u0119zyk, zobacz\u0105,\u00a0 \u017ce w polskiej Sieci s\u0105 tak\u017ce g\u0142osy zawstydzenia i \u017cyczliwo\u015bci. Gdyby transparent z napisem \u201ePolski chamie, kl\u0119knij przed litewskim, rosyjskim, w\u0142oskim, tureckim (niepotrzebne skre\u015bli\u0107) panem\u201d pojawi\u0142 si\u0119 na stadionie i w telewizji zagranic\u0105, polskie media i fora na pewno zareagowa\u0142yby z oburzeniem.<!--more--><\/p>\n<p>Mam nadziej\u0119,\u00a0 \u017ce klub zostanie ukarany przez UEFA, a mo\u017ce i przez polskie instancje, gdy\u017c szerzenie nienawi\u015bci narodowej i zak\u0142\u00f3canie imprez masowych jest chyba sprzeczne z prawem, ale to\u00a0 nie wyczerpuje tematu. Mamy kolejny wybryk kiboli, w dodatku nie spontaniczny, ale przygotowany metodycznie, z zimn\u0105 krwi\u0105. Mamy kolejny dow\u00f3d ksenofobii i szowinizmu. Mamy jeszcze jeden przyk\u0142ad braku umiej\u0119tno\u015bci wsp\u00f3\u0142\u017cycia z s\u0105siadami. Mamy jeszcze jeden przyk\u0142ad chamstwa, kilka dni po buczeniu na cmentarzu i ataku na Grzegorza Miecugowa. Zak\u0142\u00f3canie odczyt\u00f3w i wyk\u0142ad\u00f3w,\u00a0 majaczenie Grzegorza Brauna, \u017ceby dziennikarzy \u201eGazety\u201d i TVN postawi\u0107 pod \u015bcian\u0105, wywiad Oskara W., kt\u00f3ry wskazuje po nazwisku kogo nale\u017cy pobi\u0107 i og\u00f3lnie zamkn\u0105\u0107 w wi\u0119zieniu lub w psychiatryku (metod\u0105 stalinowsk\u0105), napastliwe paszkwile w niekt\u00f3rych mediach \u2013 wszystko to s\u0105 niepokoj\u0105ce\u00a0 przejawy narastaj\u0105cej brutalizacji \u017cycia, gro\u017anych powi\u0105za\u0144 kiboli i nazioli, kt\u00f3rzy znajduj\u0105 zrozumienie prawicowego salonu. Ostatecznie to Staruch znalaz\u0142 patron\u00f3w w\u015br\u00f3d znanych polityk\u00f3w.<\/p>\n<p>Zapewne rozlegn\u0105 si\u0119 g\u0142osy, \u017ce kto sieje wiatr \u2013 ten zbiera burz\u0119, Litwini nie s\u0105 bez winy, bo ich stosunek do polskiej mniejszo\u015bci nie odpowiada naszym oczekiwaniom, ale to nie usprawiedliwia kibic\u00f3w Lecha. M\u00f3wi\u0105c \u201ekto sieje wiatr\u201d, zwalamy win\u0119 raz na Litwin\u00f3w, innym razem na TVN czy samego Miecugowa, kt\u00f3ry nale\u017cy zreszt\u0105 do najbardziej taktownych i pow\u015bci\u0105gliwych dziennikarzy. Tymczasem chamstwa i agresji nic nie usprawiedliwia. I tak jak publiczno\u015b\u0107 na festiwalu Woodstock zacz\u0119\u0142a spontanicznie skandowa\u0107 \u201ePrzepraszamy!\u201d, tak przeprosiny nale\u017c\u0105 si\u0119 Litwinom. Kibice Lecha wyrz\u0105dzili nied\u017awiedzi\u0105 przys\u0142ug\u0119 polskim panom.<\/p>\n<p>PS. Lilith (6 VIII g.21:36): Bardzo si\u0119 ciesz\u0119, \u017ce przeczyta\u0142a Pani ksi\u0105\u017ck\u0119 \u201eFilmid\u0142a\u201d \u2013 zbi\u00f3r recenzji filmowych\u00a0 z lat 50. pi\u00f3ra Agnieszki Osieckiej, z przedmow\u0105 Tomasza Raczka. Rozumiem zaskoczenie, \u017ce w tamtych czasach pokazywano w Polsce nie tylko filmy radzieckie. Faktycznie repertuar by\u0142 szerszy, aczkolwiek produkcje socjalistyczne\u00a0 forowano, a film\u00f3w trefnych nie dopuszczano. Ogl\u0105dali\u015bmy tak\u017ce filmy w\u0142oskie (neorealizm) i francuskie (\u201eCena strachu\u201d). Na inne nie mogli\u015bmy si\u0119 doczeka\u0107 latami (np. \u201eMost na rzece Kwai\u201d).\u00a0 W sumie, jak to w \u017cyciu bywa, prawda le\u017cy po \u015brodku. \u201eFilmid\u0142a\u201d to urocza ksi\u0105\u017cka, ilustrowana kilkudziesi\u0119cioma reprodukcjami s\u0142ynnej polskiej\u00a0 szko\u0142y plakatu, przygotowana przez Fundacj\u0119 Okularnicy im. Agnieszki Osieckiej, we wsp\u00f3\u0142pracy z wydawnictwem Pr\u00f3szy\u0144ski i S-ka. Pozdrawiam!<\/p>\n","protected":false},"excerpt":{"rendered":"<p>\u201eLITEWSKI CHAMIE, KL\u0118KNIJ PRZED POLSKIM PANEM\u201d \u2013 taki transparent pokazali kibice pozna\u0144skiego \u201eLecha\u201d (wicemistrzowie Polski) podczas meczu z dru\u017cyn\u0105 litewsk\u0105. Poniewa\u017c Internet w Polsce (podobnie jak kibole) uchodzi za siedlisko chamstwa, s\u0105dz\u0119, \u017ce powinni\u015bmy przeprosi\u0107 Litwin\u00f3w za ten po\u017ca\u0142owania godny incydent. Ja w ka\u017cdym razie przepraszam. Niech litewscy internauci, przynajmniej ci, kt\u00f3rzy znaj\u0105 nasz j\u0119zyk, [&hellip;]<\/p>\n","protected":false},"author":4,"featured_media":0,"comment_status":"open","ping_status":"closed","sticky":false,"template":"","format":"standard","meta":{"footnotes":""},"categories":[1],"tags":[],"_links":{"self":[{"href":"https:\/\/blog.polityka.pl\/passent\/wp-json\/wp\/v2\/posts\/2002"}],"collection":[{"href":"https:\/\/blog.polityka.pl\/passent\/wp-json\/wp\/v2\/posts"}],"about":[{"href":"https:\/\/blog.polityka.pl\/passent\/wp-json\/wp\/v2\/types\/post"}],"author":[{"embeddable":true,"href":"https:\/\/blog.polityka.pl\/passent\/wp-json\/wp\/v2\/users\/4"}],"replies":[{"embeddable":true,"href":"https:\/\/blog.polityka.pl\/passent\/wp-json\/wp\/v2\/comments?post=2002"}],"version-history":[{"count":3,"href":"https:\/\/blog.polityka.pl\/passent\/wp-json\/wp\/v2\/posts\/2002\/revisions"}],"predecessor-version":[{"id":2042,"href":"https:\/\/blog.polityka.pl\/passent\/wp-json\/wp\/v2\/posts\/2002\/revisions\/2042"}],"wp:attachment":[{"href":"https:\/\/blog.polityka.pl\/passent\/wp-json\/wp\/v2\/media?parent=2002"}],"wp:term":[{"taxonomy":"category","embeddable":true,"href":"https:\/\/blog.polityka.pl\/passent\/wp-json\/wp\/v2\/categories?post=2002"},{"taxonomy":"post_tag","embeddable":true,"href":"https:\/\/blog.polityka.pl\/passent\/wp-json\/wp\/v2\/tags?post=2002"}],"curies":[{"name":"wp","href":"https:\/\/api.w.org\/{rel}","templated":true}]}}