
{"id":2006,"date":"2013-08-12T17:08:27","date_gmt":"2013-08-12T15:08:27","guid":{"rendered":"http:\/\/passent.blog.polityka.pl\/?p=2006"},"modified":"2013-09-10T10:03:33","modified_gmt":"2013-09-10T08:03:33","slug":"goebbels-i-dzierzynski","status":"publish","type":"post","link":"https:\/\/blog.polityka.pl\/passent\/2013\/08\/12\/goebbels-i-dzierzynski\/","title":{"rendered":"Goebbels i Dzier\u017cy\u0144ski"},"content":{"rendered":"<p>Sezon og\u00f3rkowy, niewiele si\u0119 dzieje, wi\u0119c zajrza\u0142em na portal wPolityce.pl, zwi\u0105zany chyba z tygodnikiem wSieci. Komentarze blogowicz\u00f3w, to\u00a0 prawdziwa k\u0105piel w szambie. Bohaterami dnia s\u0105 znani dziennikarze, kt\u00f3rym daleko do zaszczytnego miana \u201eniepokornych\u201d: Grzegorz Miecugow (TVN) i Jacek \u017bakowski (Polityka). Ka\u017cdy z nich ma swoje grzechy na sumieniu. Jeden, bo dosta\u0142 po g\u0142owie i nie podzi\u0119kowa\u0142, a drugi, bo \u2013 mimo wszystko \u2013 jest zwolennikiem rz\u0105du Platformy. Komentatorzy wPolityce.pl prze\u015bcigaj\u0105 si\u0119 w komplementach pod adresem obu znakomito\u015bci. Wypisa\u0142em kilka z nich.<!--more--><\/p>\n<p>Grzegorz MIECUGOW<\/p>\n<p>Ob\u0142udny, plugawy pysk, zwyrodnia\u0142y<br \/>\ngoebbelsowski Tuskoci\u0105g<br \/>\nuprawia lewicowo-liberalny be\u0142kot<br \/>\nmegachujoza, m\u00f3zgotrzep<br \/>\nhaniebne wypowiedzi,\u00a0 nie mo\u017ce si\u0119 uwa\u017ca\u0107 za dziennikarza<br \/>\n\u017cydowin jaki\u015b<br \/>\njadowita szczujnia<br \/>\nlewacka zaraza<br \/>\npomioty komusze tak maj\u0105<br \/>\ncham i dure\u0144<br \/>\npatentowany g\u0142up<br \/>\nherbu Wazelina<br \/>\n\u015bmie\u0107 bez polotu<br \/>\nkwik ze\u015bwinionego \u017cyda<br \/>\nwle\u017a do \u015bmietnika i zamknij szczelnie pokryw\u0119<br \/>\nzarabiasz na o\u015bmieszaniu ludzi<br \/>\nmorda typowego Ruska, bolszewika<br \/>\nspecjalista od wymy\u015blania polskiego antysemityzmu<br \/>\n\u017c\u00f3\u0142toz\u0119bna gwiazda TVN.<br \/>\nJacek \u017bAKOWSKI<\/p>\n<p>Peowska flanelka<br \/>\nWalczy o palm\u0119 pierwsze\u0144stwa cymba\u0142\u00f3w<br \/>\nCymba\u0142 na smyczy PO<br \/>\nCo tu porabiasz \u015bmieciu<br \/>\nPar\u00f3wa peowska<br \/>\nPacho\u0142 Michnika<br \/>\nSkundlony sprzedajny kolaborant<br \/>\n\u0141eb pe\u0142en g\u00f3wna<br \/>\nPseudo-\u017curnalista<br \/>\nCyngiel czerwonego badziewia<br \/>\nDzier\u017cy\u0144ski PO<\/p>\n<p>Je\u017celi kto\u015b ma w\u0105tpliwo\u015bci co do autentyzmu tych wypocin, to mo\u017ce sam sprawdzi\u0107. Zanotowane w poniedzia\u0142ek, 12 sierpnia, po po\u0142udniu.\u00a0 Goebbels i Dzier\u017cy\u0144ski w jednym stali domu. Co o ca\u0142ej tej \u201edebacie\u201d my\u015ble\u0107 \u2013 nie warto pisa\u0107. Wyprawy w Internecie nie \u017ca\u0142uj\u0119. Warto od czasu do czasu sobie przypomnie\u0107, na jakim \u015bwiecie \u017cyjemy.<\/p>\n","protected":false},"excerpt":{"rendered":"<p>Sezon og\u00f3rkowy, niewiele si\u0119 dzieje, wi\u0119c zajrza\u0142em na portal wPolityce.pl, zwi\u0105zany chyba z tygodnikiem wSieci. Komentarze blogowicz\u00f3w, to\u00a0 prawdziwa k\u0105piel w szambie. Bohaterami dnia s\u0105 znani dziennikarze, kt\u00f3rym daleko do zaszczytnego miana \u201eniepokornych\u201d: Grzegorz Miecugow (TVN) i Jacek \u017bakowski (Polityka). Ka\u017cdy z nich ma swoje grzechy na sumieniu. Jeden, bo dosta\u0142 po g\u0142owie i nie [&hellip;]<\/p>\n","protected":false},"author":4,"featured_media":0,"comment_status":"open","ping_status":"closed","sticky":false,"template":"","format":"standard","meta":{"footnotes":""},"categories":[1],"tags":[],"_links":{"self":[{"href":"https:\/\/blog.polityka.pl\/passent\/wp-json\/wp\/v2\/posts\/2006"}],"collection":[{"href":"https:\/\/blog.polityka.pl\/passent\/wp-json\/wp\/v2\/posts"}],"about":[{"href":"https:\/\/blog.polityka.pl\/passent\/wp-json\/wp\/v2\/types\/post"}],"author":[{"embeddable":true,"href":"https:\/\/blog.polityka.pl\/passent\/wp-json\/wp\/v2\/users\/4"}],"replies":[{"embeddable":true,"href":"https:\/\/blog.polityka.pl\/passent\/wp-json\/wp\/v2\/comments?post=2006"}],"version-history":[{"count":5,"href":"https:\/\/blog.polityka.pl\/passent\/wp-json\/wp\/v2\/posts\/2006\/revisions"}],"predecessor-version":[{"id":2041,"href":"https:\/\/blog.polityka.pl\/passent\/wp-json\/wp\/v2\/posts\/2006\/revisions\/2041"}],"wp:attachment":[{"href":"https:\/\/blog.polityka.pl\/passent\/wp-json\/wp\/v2\/media?parent=2006"}],"wp:term":[{"taxonomy":"category","embeddable":true,"href":"https:\/\/blog.polityka.pl\/passent\/wp-json\/wp\/v2\/categories?post=2006"},{"taxonomy":"post_tag","embeddable":true,"href":"https:\/\/blog.polityka.pl\/passent\/wp-json\/wp\/v2\/tags?post=2006"}],"curies":[{"name":"wp","href":"https:\/\/api.w.org\/{rel}","templated":true}]}}