
{"id":2013,"date":"2013-08-22T18:47:35","date_gmt":"2013-08-22T16:47:35","guid":{"rendered":"http:\/\/passent.blog.polityka.pl\/?p=2013"},"modified":"2013-09-10T10:03:01","modified_gmt":"2013-09-10T08:03:01","slug":"moj-lajk-dla-nsa","status":"publish","type":"post","link":"https:\/\/blog.polityka.pl\/passent\/2013\/08\/22\/moj-lajk-dla-nsa\/","title":{"rendered":"M\u00f3j lajk dla NSA"},"content":{"rendered":"<p>Kiedy\u015b popularny by\u0142 pies \u0141ajka, dzi\u015b karier\u0119 robi s\u0142owo \u201elajk\u201d (od angielskiego \u201elike\u201d).\u00a0 M\u00f3j lajk idzie w tym tygodniu do Naczelnego S\u0105du Administracyjnego, kt\u00f3ry orzek\u0142, \u017ce nie tylko organy pa\u0144stwa, ale ka\u017cdy mo\u017ce za\u017c\u0105da\u0107 od w\u0142a\u015bciciela portalu internetowego adresu internetowego i IP komputer\u00f3w z kt\u00f3rych pochodz\u0105 wpisy obra\u017aliwe i inwektywy, je\u015bli to \u017c\u0105danie jest niezb\u0119dne dla ochrony d\u00f3br osobistych i dobrego imienia.\u00a0 <!--more--><\/p>\n<p>Dzisiejsza \u201eRz.\u201d informuje, \u017ce dotychczas namierzenie tzw hejter\u00f3w (os\u00f3b publikuj\u0105cych w sieci obra\u017aliwe wpisy) by\u0142o cz\u0119sto niemo\u017cliwe.\u00a0 Teraz NSA orzek\u0142, \u017ce jednak jest to zgodne z prawem. \u201eDane os\u00f3b korzystaj\u0105cych z Internetu podlegaj\u0105 ochronie, ale autorzy inwektyw dzia\u0142aj\u0105cy na portalach nie mog\u0105 by\u0107 bezkarni\u201d \u2013 powiedzia\u0142a s\u0119dzia Irena Kami\u0144ska. \u201eS\u0105d s\u0142usznie uzna\u0142, \u017ce ustawa o \u015bwiadczeniu us\u0142ug drog\u0105 elektroniczn\u0105 nie przewiduje tajemnicy danych u\u017cytkownik\u00f3w portali\u201d \u2013 m\u00f3wi adwokat G. Sibiga z Instytutu Nauk Prawnych PAN. Je\u015bli w\u0142a\u015bciciel portalu mimo wszystko nie wska\u017ce hejtera, zainteresowany powinien zwr\u00f3ci\u0107 si\u0119 do GIODO (G\u0142. Inspektor Ochrony Danych osobowych), lub do s\u0105du.<\/p>\n<p>Krytycznie o orzeczeniu wypowiedzia\u0142 si\u0119 w\u0142a\u015bciciel portalu Salon 24, Igor Janke, kt\u00f3ry obawia si\u0119 ograniczenia swobody bloger\u00f3w.<\/p>\n<p>Co do mnie, to witam orzeczenie NSA z uznaniem. Fora internetowe sta\u0142y si\u0119 piek\u0142em nienawi\u015bci, gigantyczn\u0105 kloak\u0105, i jedno orzeczenie zapewne nie zmieni wiele, potrzebne b\u0119d\u0105 zapewne kolejne akty prawne, a od ustaw do ich przestrzegania droga jest daleko. Ale na pewno jest to krok we w\u0142a\u015bciwym kierunku.\u00a0\u00a0 Popieram i przyznaj\u0119 lajka.<\/p>\n<p>PS. ZAPROSZENIE<\/p>\n<p>\u201eOb\u0142\u0119d 44\u201d Piotra Zychowicza \u2013 paszkwil na polskie pa\u0144stwo podziemne i Powstanie Warszawskie, czy g\u0142os wolny od panuj\u0105cej poprawno\u015bci politycznej i polityki historycznej? Zapraszam do dyskusji w Radiu TOK FM, wtorek, 27 bm., g. 20.05. Nazwiska uczestnik\u00f3w podam za kilka dni, \u017ceby nie zapeszy\u0107. Zapraszam!<\/p>\n","protected":false},"excerpt":{"rendered":"<p>Kiedy\u015b popularny by\u0142 pies \u0141ajka, dzi\u015b karier\u0119 robi s\u0142owo \u201elajk\u201d (od angielskiego \u201elike\u201d).\u00a0 M\u00f3j lajk idzie w tym tygodniu do Naczelnego S\u0105du Administracyjnego, kt\u00f3ry orzek\u0142, \u017ce nie tylko organy pa\u0144stwa, ale ka\u017cdy mo\u017ce za\u017c\u0105da\u0107 od w\u0142a\u015bciciela portalu internetowego adresu internetowego i IP komputer\u00f3w z kt\u00f3rych pochodz\u0105 wpisy obra\u017aliwe i inwektywy, je\u015bli to \u017c\u0105danie jest niezb\u0119dne [&hellip;]<\/p>\n","protected":false},"author":4,"featured_media":0,"comment_status":"open","ping_status":"closed","sticky":false,"template":"","format":"standard","meta":{"footnotes":""},"categories":[1],"tags":[],"_links":{"self":[{"href":"https:\/\/blog.polityka.pl\/passent\/wp-json\/wp\/v2\/posts\/2013"}],"collection":[{"href":"https:\/\/blog.polityka.pl\/passent\/wp-json\/wp\/v2\/posts"}],"about":[{"href":"https:\/\/blog.polityka.pl\/passent\/wp-json\/wp\/v2\/types\/post"}],"author":[{"embeddable":true,"href":"https:\/\/blog.polityka.pl\/passent\/wp-json\/wp\/v2\/users\/4"}],"replies":[{"embeddable":true,"href":"https:\/\/blog.polityka.pl\/passent\/wp-json\/wp\/v2\/comments?post=2013"}],"version-history":[{"count":4,"href":"https:\/\/blog.polityka.pl\/passent\/wp-json\/wp\/v2\/posts\/2013\/revisions"}],"predecessor-version":[{"id":2037,"href":"https:\/\/blog.polityka.pl\/passent\/wp-json\/wp\/v2\/posts\/2013\/revisions\/2037"}],"wp:attachment":[{"href":"https:\/\/blog.polityka.pl\/passent\/wp-json\/wp\/v2\/media?parent=2013"}],"wp:term":[{"taxonomy":"category","embeddable":true,"href":"https:\/\/blog.polityka.pl\/passent\/wp-json\/wp\/v2\/categories?post=2013"},{"taxonomy":"post_tag","embeddable":true,"href":"https:\/\/blog.polityka.pl\/passent\/wp-json\/wp\/v2\/tags?post=2013"}],"curies":[{"name":"wp","href":"https:\/\/api.w.org\/{rel}","templated":true}]}}