
{"id":2084,"date":"2013-09-29T11:35:46","date_gmt":"2013-09-29T09:35:46","guid":{"rendered":"http:\/\/passent.blog.polityka.pl\/?p=2084"},"modified":"2013-10-02T11:32:02","modified_gmt":"2013-10-02T09:32:02","slug":"jesienne-porzadki","status":"publish","type":"post","link":"https:\/\/blog.polityka.pl\/passent\/2013\/09\/29\/jesienne-porzadki\/","title":{"rendered":"Jesienne porz\u0105dki"},"content":{"rendered":"<p>REFERENDUM warszawskie to g\u0142\u00f3wne wydarzenie sezonu jesiennego. Sprawa ju\u017c dawno wymkn\u0119\u0142a si\u0119 spod kontroli inicjator\u00f3w, powiedzmy \u2013 samorz\u0105dowc\u00f3w i znajduje si\u0119 w r\u0119kach polityk\u00f3w. Moim zdaniem inicjatywa referendum by\u0142a niewczesna, a Hanna Gronkiewicz- Waltz powinna by\u0142a dotrwa\u0107 do ko\u0144ca kadencji. Nic takiego si\u0119 nie wydarzy\u0142o, co by uzasadnia\u0142o odwo\u0142anie prezydent Warszawy. Sama Warszawa przesta\u0142a by\u0107 tematem kampanii. Teraz chodzi o \u201egodzin\u0119 W\u201d, i o to, czy premier i prezydent s\u0142usznie zach\u0119caj\u0105 do absencji. <!--more-->Referendum przekszta\u0142ci\u0142o si\u0119 w niewygodny dla Platformy plebiscyt na temat rz\u0105du i partii rz\u0105dz\u0105cej. \u201eP\u00f3jd\u0119 na referendum z powodu skasowania zaj\u0119\u0107 dodatkowych w przedszkolach\u201d \u2013 powiedzia\u0142a w telewizji mieszkanka stolicy. To dobry przyk\u0142ad motywacji uczestnik\u00f3w g\u0142osowania.  Nie chodzi o Warszaw\u0119, nie chodzi o HGW, chodzi o to, \u017ce nagromadzi\u0142o si\u0119 do\u015b\u0107 gniewu i roz\u017calenia, \u017ceby nie my\u015ble\u0107 spokojnie, jak si\u0119 sprawy maj\u0105 w Warszawie, tylko hukn\u0105\u0107 pi\u0119\u015bci\u0105 w st\u00f3\u0142, da\u0107 w\u0142adzy po nosie.  Platforma ponios\u0142a szereg pora\u017cek wizerunkowych: najpierw lekcewa\u017cy\u0142a inicjatyw\u0119 referendum, potem uwa\u017ca\u0142a, \u017ce nie starczy podpis\u00f3w, potem gor\u0105czkowo zacz\u0119\u0142a kokietowa\u0107 mieszka\u0144c\u00f3w (HGW o 5.30 na stacji metra, nowe ceny bilet\u00f3w), a ponadto wzywa do absencji, co jest racjonalne, ale wygl\u0105da na post\u0119powanie nieobywatelskie. Odwo\u0142anie HGW w referendum, w twierdzy Platformy,  z marginesowej, niepowa\u017cnej  inicjatywy sta\u0142o si\u0119 ca\u0142kiem  realne, a wraz z nim mo\u017cliwa sta\u0142a si\u0119 przebudowa sceny politycznej.<\/p>\n<p>PEDOFILIA. Jeszcze raz okaza\u0142o si\u0119, jak korzystny wp\u0142yw na Polsk\u0119 maj\u0105 wydarzenia zagranic\u0105. To prawda, \u017ce zjawisko pedofilii nie wyst\u0119puje tylko w\u015br\u00f3d duchowie\u0144stwa, ale tam jest najbardziej uderzaj\u0105ce, bo ksi\u0119\u017ca to nauczyciele \u017cycia i sumienie wierz\u0105cych. Kiedy g\u0142o\u015bno by\u0142o o pedofilii w USA, gdy tamtejszy Ko\u015bci\u00f3\u0142 \u0142o\u017cy\u0142 maj\u0105tek na odszkodowania, Ko\u015bci\u00f3\u0142 w Polsce milcza\u0142, jak gdyby u nas tego zjawiska nie by\u0142o, wr\u0119cz kry\u0142 je.  Dopiero kiedy papie\u017c z dnia na dzie\u0144 odwo\u0142a\u0142 nuncjusza-Polaka z  Dominikany, a inny polski ksi\u0105dz zosta\u0142 zdemaskowany (cho\u0107 uciek\u0142 i schowa\u0142 si\u0119), mleko si\u0119 rozla\u0142o. Jeszcze trwaj\u0105 nieudolne pr\u00f3by uznawania pedofilii za spraw\u0119 poszczeg\u00f3lnych sprawc\u00f3w (niech p\u0142ac\u0105 odszkodowania ze swoich pustych sakiewek), ale Rubikon zosta\u0142 przekroczony i s\u0142usznie zrobi\u0142 bp Polak, \u017ce przeprosi\u0142. To dopiero pocz\u0105tek sprawy, kt\u00f3rej nikt ju\u017c nie schowa pod dywan. Lepiej posprz\u0105ta\u0107 i oczy\u015bci\u0107 si\u0119. Kilka  dni temu by\u0142y prezydent USA George Bush i jego ma\u0142\u017conka, Barbara, byli \u015bwiadkami na \u015blubie dw\u00f3ch swoich przyjaci\u00f3\u0142ek w stanie Maine! Zostawiam to bez komentarza.<\/p>\n<p>70-LECIE LECHA WA\u0141\u0118SY.  Najlepsze \u017cyczenia \u201esto lat!\u201d dla jednego z ojc\u00f3w naszej wolno\u015bci. \u201ePolityka\u201d by\u0142a pierwsz\u0105 gazet\u0105, kt\u00f3ra w 1980 roku przeprowadzi\u0142a obszern\u0105 rozmow\u0119 z przyw\u00f3dcami strajkuj\u0105cych stoczniowc\u00f3w  \u2013 m.in.  PP. Borusewiczem, Gwiazd\u0105, Pie\u0144kowsk\u0105 i Lechem Wa\u0142\u0119s\u0105. Po latach by\u0142y prezydent Wa\u0142\u0119sa by\u0142 go\u015bciem \u201eSalonu Polityki w Sopocie\u201d. Panie Prezydencie, liczymy na ci\u0105g dalszy! Du\u017co zdrowia i odporno\u015bci na rozmaite wirusy w \u017cyciu publicznym.<br \/>\nPS. ZAPROSZENIE<br \/>\nRados\u0142aw SIKORSKI, minister Spraw Zagranicznych, b\u0119dzie go\u015bciem w radiu TOK FM, wtorek, 1. pa\u017adziernika, g. 20.05. Rozmow\u0119 z ministrem poprowadzi Marek OSTROWSKI (\u201ePolityka\u201d) i ni\u017cej podpisany. Zapraszamy!<\/p>\n","protected":false},"excerpt":{"rendered":"<p>REFERENDUM warszawskie to g\u0142\u00f3wne wydarzenie sezonu jesiennego. Sprawa ju\u017c dawno wymkn\u0119\u0142a si\u0119 spod kontroli inicjator\u00f3w, powiedzmy \u2013 samorz\u0105dowc\u00f3w i znajduje si\u0119 w r\u0119kach polityk\u00f3w. Moim zdaniem inicjatywa referendum by\u0142a niewczesna, a Hanna Gronkiewicz- Waltz powinna by\u0142a dotrwa\u0107 do ko\u0144ca kadencji. Nic takiego si\u0119 nie wydarzy\u0142o, co by uzasadnia\u0142o odwo\u0142anie prezydent Warszawy. Sama Warszawa przesta\u0142a by\u0107 [&hellip;]<\/p>\n","protected":false},"author":4,"featured_media":0,"comment_status":"open","ping_status":"closed","sticky":false,"template":"","format":"standard","meta":{"footnotes":""},"categories":[1],"tags":[],"_links":{"self":[{"href":"https:\/\/blog.polityka.pl\/passent\/wp-json\/wp\/v2\/posts\/2084"}],"collection":[{"href":"https:\/\/blog.polityka.pl\/passent\/wp-json\/wp\/v2\/posts"}],"about":[{"href":"https:\/\/blog.polityka.pl\/passent\/wp-json\/wp\/v2\/types\/post"}],"author":[{"embeddable":true,"href":"https:\/\/blog.polityka.pl\/passent\/wp-json\/wp\/v2\/users\/4"}],"replies":[{"embeddable":true,"href":"https:\/\/blog.polityka.pl\/passent\/wp-json\/wp\/v2\/comments?post=2084"}],"version-history":[{"count":6,"href":"https:\/\/blog.polityka.pl\/passent\/wp-json\/wp\/v2\/posts\/2084\/revisions"}],"predecessor-version":[{"id":2093,"href":"https:\/\/blog.polityka.pl\/passent\/wp-json\/wp\/v2\/posts\/2084\/revisions\/2093"}],"wp:attachment":[{"href":"https:\/\/blog.polityka.pl\/passent\/wp-json\/wp\/v2\/media?parent=2084"}],"wp:term":[{"taxonomy":"category","embeddable":true,"href":"https:\/\/blog.polityka.pl\/passent\/wp-json\/wp\/v2\/categories?post=2084"},{"taxonomy":"post_tag","embeddable":true,"href":"https:\/\/blog.polityka.pl\/passent\/wp-json\/wp\/v2\/tags?post=2084"}],"curies":[{"name":"wp","href":"https:\/\/api.w.org\/{rel}","templated":true}]}}