
{"id":2094,"date":"2013-10-07T17:33:02","date_gmt":"2013-10-07T15:33:02","guid":{"rendered":"http:\/\/passent.blog.polityka.pl\/?p=2094"},"modified":"2013-10-15T16:11:31","modified_gmt":"2013-10-15T14:11:31","slug":"referendum-w-madrycie","status":"publish","type":"post","link":"https:\/\/blog.polityka.pl\/passent\/2013\/10\/07\/referendum-w-madrycie\/","title":{"rendered":"Referendum w Madrycie?"},"content":{"rendered":"<p>Nie, nie my\u015blcie, \u017ce chodzi o Warszaw\u0119 pod rz\u0105dami Hanny Gronkiewicz-Waltz. Po prostu zainteresowa\u0142 mnie tytu\u0142 na ok\u0142adce najnowszego, niedzielnego wydania najwi\u0119kszej gazety codziennej w Hiszpanii, \u201eEl Pais\u201d. Tytu\u0142 artyku\u0142u: UPADEK MADRYTU. Nawet, je\u017celi we\u017amiemy pod uwag\u0119, \u017ce gazeta jest opozycyjna (socjalistyczna), a w Hiszpanii rz\u0105dz\u0105 konserwaty\u015bci (Partia Ludowa), to i tak \u2013 na kilka dni przed referendum w Warszawie &#8211; jest o czym my\u015ble\u0107. Na ok\u0142adce fotografia: g\u0142\u00f3wny plac Madrytu potwornie za\u015bmiecony, pe\u0142en pustych butelek i puszek, kr\u00f3tko po przej\u015bciu hordy kibic\u00f3w.<!--more--><\/p>\n<p>W mie\u015bcie przygn\u0119bienie \u2013 kandydatura Madrytu do organizacji igrzysk olimpijskich zosta\u0142a odrzucona przez Mi\u0119dzynarodowy Komitet Olimpijski. To ju\u017c trzeci raz w ci\u0105gu ostatnich 12 lat. Na fotografiach &#8211;  nie uko\u0144czone, gigantyczne obiekty sportowe, \u201etrupy stadionu olimpijskiego i sport\u00f3w wodnych\u201d. Inne wie\u015bci te\u017c  smutne: Po raz pierwszy od 30 lat nie odb\u0119dzie si\u0119 znany festiwal jazzowy. To w czasie tego festiwalu Miles Davis dowiedzia\u0142 si\u0119, \u017ce run\u0105\u0142 mur berli\u0144ski i zagra\u0142 Lili Marlene. Liczba turyst\u00f3w w Madrycie spad\u0142a w sierpniu o 22 %, podczas gdy w ca\u0142ej Hiszpanii \u2013 ro\u015bnie. Sto\u0142eczne lotnisko utraci\u0142o prymat, loty i pasa\u017cer\u00f3w na rzecz Barcelony. W s\u0142awnym muzeum Prado liczba odwiedzaj\u0105cych spad\u0142a o \u00bc. Miasto jest zad\u0142u\u017cone na ponad 7 mld euro.<\/p>\n<p>Wizyt\u00f3wk\u0105 miasta od 12 lat mia\u0142y sta\u0107 si\u0119 igrzyska olimpijskie, ale nic z tego. Na s\u0142ynnym Plaza Mayor, gdzie burmistrz Ana Botella zach\u0119ca\u0142a turyst\u00f3w do \u201erelaxing cafe\u201d- nocuj\u0105 bezdomni. Nie jest ju\u017c tak czysto jak kiedy\u015b. Wydatki na sprz\u0105tanie miasta spad\u0142y o 16%. Mo\u017ce by\u0107 jeszcze gorzej,<br \/>\nzwi\u0105zkowcy zapowiedzieli strajk z powodu zwolnienia 1400 os\u00f3b. Duma miasta \u2013 metro \u2013 zbiera oznaki niezadowolenia z powodu zmniejszenia cz\u0119stotliwo\u015bci poci\u0105g\u00f3w i oszcz\u0119dno\u015bci na klimatyzacji. Nak\u0142ady na budow\u0119 i konserwacj\u0119 dr\u00f3g w ci\u0105gu 2 lat spad\u0142y prawie o po\u0142ow\u0119!<\/p>\n<p>Kryzys mo\u017cna odczu\u0107 nawet na podniebieniu. W ub. roku zamkni\u0119to 1800 bar\u00f3w i restauracji.  Znikaj\u0105 lokale tradycyjne, na ich miejsce pojawiaj\u0105 si\u0119 sieciowe, kt\u00f3re nie maj\u0105 lokalnego uroku. Trwaj\u0105 poszukiwania sponsora renowacji stadionu Real Madryt w zamian za dopisanie go do nazwy Santiago Bernabeu. Planowane miasteczko sprawiedliwo\u015bci (14 budynk\u00f3w) ogranicza si\u0119 do jednego \u2013 Instytutu Medycyny S\u0105dowej.<\/p>\n<p>Atmosfera wok\u00f3\u0142 miasta nie jest dobra. \u201eNosi ono pi\u0119tno dyktatury i to trwa\u201d- m\u00f3wi ekspert z London School of Economics. \u017bycie nocne jest nie takie jak dawniej. \u201eMadryt jest smutny, nie to, co Barcelona\u201d &#8211; narzeka kierowniczka znanej sali koncertowej. Pad\u0142o kilkana\u015bcie teatr\u00f3w i znacznie wi\u0119cej bar\u00f3w (z powodu kampanii w\u0142adz miasta w obronie spokoju mieszka\u0144c\u00f3w). Zdaniem restaurator\u00f3w, ratusz uleg\u0142 szanta\u017cowi organizacji mieszka\u0144c\u00f3w. W\u0142a\u015bcicielka 18 hoteli w 6 krajach skar\u017cy si\u0119, \u017ce Madryt staje si\u0119 miejscem taniej turystyki, lepsi go\u015bcie jad\u0105 gdzie indziej. Coraz wi\u0119cej go\u015bci przyje\u017cd\u017ca na tanie zakupy w podmiejskich  outletach.<\/p>\n<p>Burmistrz Ana Botella jest przedmiotem skarg i anegdot. Podobno w mie\u015bcie \u201ebrakuje dialogu\u201d. Pani prezydent odm\u00f3wi\u0142a rozmowy z autork\u0105 artyku\u0142u w \u201eEl Pais\u201d Niedawno, na uroczysto\u015bci przekazania pomnika Gandhiego \u2013 dar  rz\u0105du Indii \u2013 kiedy ambasador tego kraju udzieli\u0142 jej g\u0142osu, pani prezydent powiedzia\u0142a tylko jedno zdanie: \u201ePrzyjmuj\u0119 pomnik Gandhiego, muchas gracias\u201d.<\/p>\n<p>Pani Botella, kt\u00f3ra jest burmistrzem od dw\u00f3ch lat,  ma wiele zmartwie\u0144, tylko nikt nie wpad\u0142 na pomys\u0142, \u017ceby usun\u0105\u0107 j\u0105 w referendum.<\/p>\n<p>PS Ch\u0119tnie pojecha\u0142bym do Madrytu zobaczy\u0107 ten &#8222;upadek&#8221;. Mo\u017ce kto\u015b z blogowicz\u00f3w?<\/p>\n","protected":false},"excerpt":{"rendered":"<p>Nie, nie my\u015blcie, \u017ce chodzi o Warszaw\u0119 pod rz\u0105dami Hanny Gronkiewicz-Waltz. Po prostu zainteresowa\u0142 mnie tytu\u0142 na ok\u0142adce najnowszego, niedzielnego wydania najwi\u0119kszej gazety codziennej w Hiszpanii, \u201eEl Pais\u201d. Tytu\u0142 artyku\u0142u: UPADEK MADRYTU. Nawet, je\u017celi we\u017amiemy pod uwag\u0119, \u017ce gazeta jest opozycyjna (socjalistyczna), a w Hiszpanii rz\u0105dz\u0105 konserwaty\u015bci (Partia Ludowa), to i tak \u2013 na kilka [&hellip;]<\/p>\n","protected":false},"author":4,"featured_media":0,"comment_status":"open","ping_status":"closed","sticky":false,"template":"","format":"standard","meta":{"footnotes":""},"categories":[1],"tags":[],"_links":{"self":[{"href":"https:\/\/blog.polityka.pl\/passent\/wp-json\/wp\/v2\/posts\/2094"}],"collection":[{"href":"https:\/\/blog.polityka.pl\/passent\/wp-json\/wp\/v2\/posts"}],"about":[{"href":"https:\/\/blog.polityka.pl\/passent\/wp-json\/wp\/v2\/types\/post"}],"author":[{"embeddable":true,"href":"https:\/\/blog.polityka.pl\/passent\/wp-json\/wp\/v2\/users\/4"}],"replies":[{"embeddable":true,"href":"https:\/\/blog.polityka.pl\/passent\/wp-json\/wp\/v2\/comments?post=2094"}],"version-history":[{"count":3,"href":"https:\/\/blog.polityka.pl\/passent\/wp-json\/wp\/v2\/posts\/2094\/revisions"}],"predecessor-version":[{"id":2101,"href":"https:\/\/blog.polityka.pl\/passent\/wp-json\/wp\/v2\/posts\/2094\/revisions\/2101"}],"wp:attachment":[{"href":"https:\/\/blog.polityka.pl\/passent\/wp-json\/wp\/v2\/media?parent=2094"}],"wp:term":[{"taxonomy":"category","embeddable":true,"href":"https:\/\/blog.polityka.pl\/passent\/wp-json\/wp\/v2\/categories?post=2094"},{"taxonomy":"post_tag","embeddable":true,"href":"https:\/\/blog.polityka.pl\/passent\/wp-json\/wp\/v2\/tags?post=2094"}],"curies":[{"name":"wp","href":"https:\/\/api.w.org\/{rel}","templated":true}]}}